{"id":4355,"date":"2014-07-29T16:34:45","date_gmt":"2014-07-29T19:34:45","guid":{"rendered":"http:\/\/www.atecordoba.org\/?p=4355"},"modified":"2014-07-29T16:34:45","modified_gmt":"2014-07-29T19:34:45","slug":"parques-nacionales-intendente-de-quebrada-del-condorito-garantizo-la-continuidad-de-los-puestos-de-trabajo","status":"publish","type":"post","link":"https:\/\/atecordoba.org\/?p=4355","title":{"rendered":"Parques nacionales: intendente de Quebrada del Condorito garantiz\u00f3 la continuidad de los puestos de trabajo"},"content":{"rendered":"<p><em>En una reuni\u00f3n mantenida ayer con los delegados del sector, el intendente del parque nacional Reynaldo Zanello garantiz\u00f3 la continuidad de los contratos, puesta en duda por el jefe de guardaparques Sergio Acosta despu\u00e9s que los compa\u00f1eros adhirieran al paro decretado por nuestro gremio.<\/em><\/p>\n<p>Zanello recibi\u00f3 ayer a los delegados de ATE del parque nacional Quebrada del Condorito, que asistieron junto con nuestro secretario Ajunto, Oscar Mengarelli, y el secretario de Interior, Luis B\u00e1rcena. En la oportunidad, los delegados trasmitieron la inquietud por las amenazas que varios guardapaques sufrieron de parte de Acosta. Se trata de compa\u00f1eros que est\u00e1n precarizados y que en esa situaci\u00f3n debieron sufrir el &#8216;apriete&#8217; de jefe para que no participen en las medidas de fuerza de nuestro gremio. Esta actitud de violencia institucional, abiertamente antidemocr\u00e1tica y antisindical, fue repudiada el viernes \u00a0en el parque, durante una asamblea que se expres\u00f3\u00a0por unanimidad en contra del accionar de Acosta.<\/p>\n<figure id=\"attachment_4357\" aria-describedby=\"caption-attachment-4357\" style=\"width: 484px\" class=\"wp-caption aligncenter\"><a href=\"http:\/\/www.atecordoba.org\/wp-content\/uploads\/2014\/07\/nota-x-apriete-a-zanello.jpg\"><img loading=\"lazy\" decoding=\"async\" class=\" wp-image-4357\" alt=\"nota x apriete a zanello\" src=\"http:\/\/www.atecordoba.org\/wp-content\/uploads\/2014\/07\/nota-x-apriete-a-zanello.jpg\" width=\"484\" height=\"672\" \/><\/a><figcaption id=\"caption-attachment-4357\" class=\"wp-caption-text\">Nota resultado de la reuni\u00f3n mantenida ayer con le Intendente del Parque Nacional Quebrada del Condorito<\/figcaption><\/figure>\n<p>Esta penosa situaci\u00f3n vivida en Quebrada del Condorito motivo la solidaridad de trabajadores de otros parques nacionales, como el caso de Lanin -el m\u00e1s grande del pa\u00eds- que repudi\u00f3 a Acosta en una asamblea llevada a cabo ayer.<\/p>\n<figure id=\"attachment_4356\" aria-describedby=\"caption-attachment-4356\" style=\"width: 455px\" class=\"wp-caption aligncenter\"><a href=\"http:\/\/www.atecordoba.org\/wp-content\/uploads\/2014\/07\/asamblea-lanin1.jpg\"><img loading=\"lazy\" decoding=\"async\" class=\" wp-image-4356\" alt=\"asamblea lanin1\" src=\"http:\/\/www.atecordoba.org\/wp-content\/uploads\/2014\/07\/asamblea-lanin1.jpg\" width=\"455\" height=\"672\" \/><\/a><figcaption id=\"caption-attachment-4356\" class=\"wp-caption-text\">primera pagina del acta de la asamblea del parque nacional Lanin que repudi\u00f3 la violencia institucional sufrida en Quebrada del Condorito<\/figcaption><\/figure>\n<p>Ahora, el intendente del parque dijo en la reuni\u00f3n mantenida ayer que se respetar\u00e1 el derecho a huelga consagrado en la constituci\u00f3n y que ning\u00fan compa\u00f1ero ver\u00e1 peligrar su fuente de trabajo. De esta forma, ATE hace valer los derechos de los compa\u00f1eros en lucha, que continuar\u00e1n reclamando sus justas reivindicaciones.<\/p>\n<p>&nbsp;<\/p>\n","protected":false},"excerpt":{"rendered":"<p>En una reuni\u00f3n mantenida ayer con los delegados del sector, el intendente del parque nacional Reynaldo Zanello garantiz\u00f3 la continuidad de los contratos, puesta en duda por el jefe de guardaparques Sergio Acosta despu\u00e9s que los compa\u00f1eros adhirieran al paro decretado por nuestro gremio. Zanello recibi\u00f3 ayer a los delegados de ATE del parque nacional [&hellip;]<\/p>\n","protected":false},"author":1,"featured_media":19220,"comment_status":"open","ping_status":"open","sticky":false,"template":"","format":"standard","meta":{"_exactmetrics_skip_tracking":false,"_exactmetrics_sitenote_active":false,"_exactmetrics_sitenote_note":"","_exactmetrics_sitenote_category":0,"jnews-multi-image_gallery":[],"jnews_single_post":[],"jnews_primary_category":[],"jnews_social_meta":[],"jnews_review":[],"enable_review":"","type":"","name":"","summary":"","brand":"","sku":"","good":[],"bad":[],"score_override":"","override_value":"","rating":[],"price":[],"jnews_override_counter":[],"jnews_post_split":[],"footnotes":""},"categories":[18,96],"tags":[],"class_list":["post-4355","post","type-post","status-publish","format-standard","has-post-thumbnail","hentry","category-nacionales","category-parques-nacionales-2"],"jetpack_featured_media_url":"https:\/\/atecordoba.org\/wp-content\/uploads\/2020\/05\/logo-nuevochico-e1561581322808.png","_links":{"self":[{"href":"https:\/\/atecordoba.org\/index.php?rest_route=\/wp\/v2\/posts\/4355","targetHints":{"allow":["GET"]}}],"collection":[{"href":"https:\/\/atecordoba.org\/index.php?rest_route=\/wp\/v2\/posts"}],"about":[{"href":"https:\/\/atecordoba.org\/index.php?rest_route=\/wp\/v2\/types\/post"}],"author":[{"embeddable":true,"href":"https:\/\/atecordoba.org\/index.php?rest_route=\/wp\/v2\/users\/1"}],"replies":[{"embeddable":true,"href":"https:\/\/atecordoba.org\/index.php?rest_route=%2Fwp%2Fv2%2Fcomments&post=4355"}],"version-history":[{"count":0,"href":"https:\/\/atecordoba.org\/index.php?rest_route=\/wp\/v2\/posts\/4355\/revisions"}],"wp:featuredmedia":[{"embeddable":true,"href":"https:\/\/atecordoba.org\/index.php?rest_route=\/wp\/v2\/media\/19220"}],"wp:attachment":[{"href":"https:\/\/atecordoba.org\/index.php?rest_route=%2Fwp%2Fv2%2Fmedia&parent=4355"}],"wp:term":[{"taxonomy":"category","embeddable":true,"href":"https:\/\/atecordoba.org\/index.php?rest_route=%2Fwp%2Fv2%2Fcategories&post=4355"},{"taxonomy":"post_tag","embeddable":true,"href":"https:\/\/atecordoba.org\/index.php?rest_route=%2Fwp%2Fv2%2Ftags&post=4355"}],"curies":[{"name":"wp","href":"https:\/\/api.w.org\/{rel}","templated":true}]}}