{"id":43549,"date":"2024-05-22T13:29:22","date_gmt":"2024-05-22T16:29:22","guid":{"rendered":"https:\/\/atecordoba.org\/?p=43549"},"modified":"2024-05-22T13:29:22","modified_gmt":"2024-05-22T16:29:22","slug":"ate-convoca-a-un-contrapacto-el-25-de-mayo-con-cortes-y-protestas-ante-la-llegada-de-milei-a-cordoba","status":"publish","type":"post","link":"https:\/\/atecordoba.org\/?p=43549","title":{"rendered":"ATE convoca a un Contrapacto el 25 de Mayo con cortes y protestas ante la llegada de Milei a C\u00f3rdoba"},"content":{"rendered":"<div class=\"wp-block-image\">\n<figure class=\"aligncenter size-large is-resized\"><img loading=\"lazy\" decoding=\"async\" width=\"1024\" height=\"1024\" src=\"https:\/\/atecordoba.org\/wp-content\/uploads\/2024\/05\/flyer-no-grato-1024x1024.jpg\" alt=\"\" class=\"wp-image-43550\" style=\"width:600px\" srcset=\"https:\/\/atecordoba.org\/wp-content\/uploads\/2024\/05\/flyer-no-grato-1024x1024.jpg 1024w, https:\/\/atecordoba.org\/wp-content\/uploads\/2024\/05\/flyer-no-grato-300x300.jpg 300w, https:\/\/atecordoba.org\/wp-content\/uploads\/2024\/05\/flyer-no-grato-150x150.jpg 150w, https:\/\/atecordoba.org\/wp-content\/uploads\/2024\/05\/flyer-no-grato-768x768.jpg 768w, https:\/\/atecordoba.org\/wp-content\/uploads\/2024\/05\/flyer-no-grato-560x560.jpg 560w, https:\/\/atecordoba.org\/wp-content\/uploads\/2024\/05\/flyer-no-grato-75x75.jpg 75w, https:\/\/atecordoba.org\/wp-content\/uploads\/2024\/05\/flyer-no-grato-350x350.jpg 350w, https:\/\/atecordoba.org\/wp-content\/uploads\/2024\/05\/flyer-no-grato-750x750.jpg 750w, https:\/\/atecordoba.org\/wp-content\/uploads\/2024\/05\/flyer-no-grato.jpg 1080w\" sizes=\"auto, (max-width: 1024px) 100vw, 1024px\" \/><\/figure>\n<\/div>\n\n\n<p>Ante la llegada del Presidente Javier Milei el pr\u00f3ximo s\u00e1bado 25 de mayo a C\u00f3rdoba ATE C\u00f3rdoba realizar\u00e1 una Jornada de Lucha para expresar el repudio a las pol\u00edticas de saqueo y hambre que el gobierno nacional lleva adelante, con despidos y vaciamiento de los organismos del Estado en la provincia.<\/p>\n\n\n\n<p>En ese marco, el pr\u00f3ximo s\u00e1bado por la ma\u00f1ana ATE llevar\u00e1 la protesta hasta el ingreso al Aeropuerto C\u00f3rdoba, tras declara a Milei &#8220;Persona no Grata&#8221; para las y los estatales de la provincia. De esta forma, nuestra organizaci\u00f3n continuar\u00e1 ejerciendo el derecho a la protesta que garantiza la Constituci\u00f3n nacional, dentro de los m\u00e1rgenes de la ley y cumpliendo con el mandato del Congreso Provincial del pasado 19 de abril, donde se estableci\u00f3 un cronograma de medidas de fuerza. <\/p>\n\n\n\n<p>En horas de la tarde, la protesta se va a trasladar a las inmediaciones del Cabildo, donde est\u00e1 anunciado el acto partidario de Milei.<\/p>\n\n\n\n<p>En una entrevista radial realizada ayer, nuestro secretario General, Federico Giuliani, fundament\u00f3 la decisi\u00f3n de escrachar la visita presidencial a la provincia. &#8220;Creemos que la movilizaci\u00f3n popular empantan\u00f3 la Ley Bases, as\u00ed como el 24 de enero volteamos la Ley \u00f3mnibus. Ya logramos que el Gobierno fracasara en el Pacto de Mayo, que finalmente no se va a hacer&#8221;, asegur\u00f3 el dirigente.<\/p>\n\n\n\n<p>Frente a la posibilidad que el gobierno reprima la protesta, Giuliani dijo que &#8220;el derecho a la protesta que garantizado en la Constituci\u00f3n. Ese Protocolo Antipiquete de Patricia Bullrich es una pavada que ese desarma r\u00e1pidamente cuando hay m\u00e1s gente que polic\u00eda. Lo demostramos el 20 de diciembre donde una movilizaci\u00f3n popular rompi\u00f3 el Protocolo reci\u00e9n estrenado. Ahora hay que poner los cuerpos en la calle para\u00a0este fascista entienda que los estatales en C\u00f3rdoba no lo queremos&#8221;. <\/p>\n\n\n\n<p>Y agreg\u00f3: &#8220;las y los trabajadores estatales somos las principales v\u00edctimas del ajuste feroz de Javier Milei, con miles de despidos, el cierre de oficinas de organismos p\u00fablicos y el vaciamiento de pol\u00edticas. Por eso lo declaramos persona no grata y vamos a demostrarle a los gobernadores y a una clase pol\u00edtica tibia, que est\u00e1 esperando ver qu\u00e9 pasa con este gobierno&#8221;. <\/p>\n\n\n\n<p>&#8220;Mientras la canasta familiar impone un l\u00edmite de ingresos de 800 mil pesos, hay muchos estatales cuyos salarios se encuentran por debajo de la l\u00ednea de la indigencia. No podemos esperar a ver como especula la clase pol\u00edtica para frenar este proceso de destrucci\u00f3n de nuestro pa\u00eds&#8221;, complet\u00f3.<\/p>\n\n\n\n<p><\/p>\n","protected":false},"excerpt":{"rendered":"<p>Ante la llegada del Presidente Javier Milei el pr\u00f3ximo s\u00e1bado 25 de mayo a C\u00f3rdoba ATE C\u00f3rdoba realizar\u00e1 una Jornada de Lucha para expresar el repudio a las pol\u00edticas de saqueo y hambre que el gobierno nacional lleva adelante, con despidos y vaciamiento de los organismos del Estado en la provincia. En ese marco, el [&hellip;]<\/p>\n","protected":false},"author":7,"featured_media":43551,"comment_status":"open","ping_status":"open","sticky":false,"template":"","format":"standard","meta":{"_exactmetrics_skip_tracking":false,"_exactmetrics_sitenote_active":false,"_exactmetrics_sitenote_note":"","_exactmetrics_sitenote_category":0,"jnews-multi-image_gallery":[],"jnews_single_post":{"subtitle":"Habr\u00e1 cortes el s\u00e1bado frente al Aeropuerto durante la ma\u00f1ana y movilizaci\u00f3n al Cabildo por la tarde, donde Milei realizar\u00e1 su acto partidario. \"Las y los trabajadores estatales somos las principales v\u00edctimas del ajuste feroz de Javier Milei, con miles de despidos, el cierre de oficinas de organismos p\u00fablicos y el vaciamiento de pol\u00edticas. Por eso lo declaramos persona no grata\", fundament\u00f3 la medida de fuerza el secretario General de ATE, Federico Giuliani.","format":"standard","video":"","gallery":"","source_name":"","source_url":"","via_name":"","via_url":"","override_template":"0","override":[{"template":"1","single_blog_custom":"","parallax":"1","fullscreen":"1","layout":"no-sidebar-narrow","sidebar":"default-sidebar","second_sidebar":"default-sidebar","sticky_sidebar":"1","share_position":"bottom","share_float_style":"share-monocrhome","show_share_counter":"1","show_view_counter":"1","show_featured":"0","show_post_meta":"1","show_post_author":"0","show_post_author_image":"1","show_post_date":"1","post_date_format":"default","post_date_format_custom":"Y\/m\/d","show_post_category":"1","show_post_reading_time":"0","post_reading_time_wpm":"300","show_zoom_button":"0","zoom_button_out_step":"2","zoom_button_in_step":"3","show_post_tag":"1","show_prev_next_post":"0","show_popup_post":"0","number_popup_post":"1","show_author_box":"0","show_post_related":"1","show_inline_post_related":"0"}],"override_image_size":"0","image_override":[{"single_post_thumbnail_size":"crop-500","single_post_gallery_size":"crop-500"}],"trending_post":"0","trending_post_position":"meta","trending_post_label":"Trending","sponsored_post":"0","sponsored_post_label":"Sponsored by","sponsored_post_name":"","sponsored_post_url":"","sponsored_post_logo_enable":"0","sponsored_post_logo":"","sponsored_post_desc":"","disable_ad":"0"},"jnews_primary_category":{"id":"","hide":""},"jnews_social_meta":{"fb_title":"","fb_description":"","fb_image":"","twitter_title":"","twitter_description":"","twitter_image":""},"jnews_review":[],"enable_review":"0","type":"percentage","name":"","summary":"","brand":"","sku":"","good":[{"good_text":""}],"bad":[{"bad_text":""}],"score_override":"0","override_value":"","rating":[{"rating_text":"","rating_number":"10"}],"price":[{"shop":"","price":"","link":"","icon":""}],"jnews_override_counter":{"override_view_counter":"0","view_counter_number":"0","override_share_counter":"0","share_counter_number":"0","override_like_counter":"0","like_counter_number":"0","override_dislike_counter":"0","dislike_counter_number":"0"},"jnews_post_split":{"enable_post_split":"0","post_split":[{"template":"1","tag":"h2","numbering":"asc","mode":"normal","first":"0","enable_toc":"0","toc_type":"normal"}]},"footnotes":""},"categories":[10],"tags":[],"class_list":["post-43549","post","type-post","status-publish","format-standard","has-post-thumbnail","hentry","category-accion-politica"],"jetpack_featured_media_url":"https:\/\/atecordoba.org\/wp-content\/uploads\/2024\/05\/flyer-no-grato-carucha.jpg","_links":{"self":[{"href":"https:\/\/atecordoba.org\/index.php?rest_route=\/wp\/v2\/posts\/43549","targetHints":{"allow":["GET"]}}],"collection":[{"href":"https:\/\/atecordoba.org\/index.php?rest_route=\/wp\/v2\/posts"}],"about":[{"href":"https:\/\/atecordoba.org\/index.php?rest_route=\/wp\/v2\/types\/post"}],"author":[{"embeddable":true,"href":"https:\/\/atecordoba.org\/index.php?rest_route=\/wp\/v2\/users\/7"}],"replies":[{"embeddable":true,"href":"https:\/\/atecordoba.org\/index.php?rest_route=%2Fwp%2Fv2%2Fcomments&post=43549"}],"version-history":[{"count":1,"href":"https:\/\/atecordoba.org\/index.php?rest_route=\/wp\/v2\/posts\/43549\/revisions"}],"predecessor-version":[{"id":43552,"href":"https:\/\/atecordoba.org\/index.php?rest_route=\/wp\/v2\/posts\/43549\/revisions\/43552"}],"wp:featuredmedia":[{"embeddable":true,"href":"https:\/\/atecordoba.org\/index.php?rest_route=\/wp\/v2\/media\/43551"}],"wp:attachment":[{"href":"https:\/\/atecordoba.org\/index.php?rest_route=%2Fwp%2Fv2%2Fmedia&parent=43549"}],"wp:term":[{"taxonomy":"category","embeddable":true,"href":"https:\/\/atecordoba.org\/index.php?rest_route=%2Fwp%2Fv2%2Fcategories&post=43549"},{"taxonomy":"post_tag","embeddable":true,"href":"https:\/\/atecordoba.org\/index.php?rest_route=%2Fwp%2Fv2%2Ftags&post=43549"}],"curies":[{"name":"wp","href":"https:\/\/api.w.org\/{rel}","templated":true}]}}