{"id":43535,"date":"2024-05-21T13:46:21","date_gmt":"2024-05-21T16:46:21","guid":{"rendered":"https:\/\/atecordoba.org\/?p=43535"},"modified":"2024-05-22T11:28:52","modified_gmt":"2024-05-22T14:28:52","slug":"el-ataque-a-los-derechos-de-las-mujeres-del-gobierno-de-milei","status":"publish","type":"post","link":"https:\/\/atecordoba.org\/?p=43535","title":{"rendered":"El ataque a los derechos de las mujeres del Gobierno de Milei"},"content":{"rendered":"<div class=\"wp-block-image\">\n<figure class=\"aligncenter size-full is-resized\"><img loading=\"lazy\" decoding=\"async\" width=\"880\" height=\"493\" src=\"https:\/\/atecordoba.org\/wp-content\/uploads\/2024\/05\/mujeres-ate-carteles.jpg\" alt=\"\" class=\"wp-image-43542\" style=\"width:597px\" srcset=\"https:\/\/atecordoba.org\/wp-content\/uploads\/2024\/05\/mujeres-ate-carteles.jpg 880w, https:\/\/atecordoba.org\/wp-content\/uploads\/2024\/05\/mujeres-ate-carteles-300x168.jpg 300w, https:\/\/atecordoba.org\/wp-content\/uploads\/2024\/05\/mujeres-ate-carteles-768x430.jpg 768w, https:\/\/atecordoba.org\/wp-content\/uploads\/2024\/05\/mujeres-ate-carteles-750x420.jpg 750w\" sizes=\"auto, (max-width: 880px) 100vw, 880px\" \/><\/figure>\n<\/div>\n\n\n<p>El conjunto de medidas que el gobierno nacional lleva adelante desde diciembre pasado constituye el m\u00e1s fenomenal ataque a los derechos de las mujeres y las diversidades que reconoce la historia democr\u00e1tica argentina.<\/p>\n\n\n\n<p>El Estado como garante de derechos, una tradici\u00f3n constitucional indudable, tuvo a las mujeres como foco la normativa y el dise\u00f1o de las pol\u00edticas p\u00fablicas, degradada a partir de un discurso mis\u00f3gino que supera cualquier contabilidad de gobierno.<\/p>\n\n\n\n<p>No es el ajuste sino el retroceso de derechos lo que impulsa al Presidente Javier Milei y su s\u00e9quito a llevar a cabo este ataque, que a\u00edsla a Argentina del conjunto de naciones civilizadas y nos emparenta con los reg\u00edmenes reaccionarios, donde los textos medievales regulan las relaciones sociales.<\/p>\n\n\n\n<p>La conducci\u00f3n de ATE C\u00f3rdoba expres\u00f3 a trav\u00e9s de diversas dirigentes estatales, que ocupan varias secretarias del Consejo Directivo Provincial, la postura de nuestra organizaci\u00f3n ante este preocupante panorama.<\/p>\n\n\n<div class=\"wp-block-image\">\n<figure class=\"alignleft size-full is-resized\"><img loading=\"lazy\" decoding=\"async\" width=\"960\" height=\"679\" src=\"https:\/\/atecordoba.org\/wp-content\/uploads\/2024\/05\/spaventa.jpg\" alt=\"\" class=\"wp-image-43539\" style=\"width:350px\" srcset=\"https:\/\/atecordoba.org\/wp-content\/uploads\/2024\/05\/spaventa.jpg 960w, https:\/\/atecordoba.org\/wp-content\/uploads\/2024\/05\/spaventa-300x212.jpg 300w, https:\/\/atecordoba.org\/wp-content\/uploads\/2024\/05\/spaventa-768x543.jpg 768w, https:\/\/atecordoba.org\/wp-content\/uploads\/2024\/05\/spaventa-120x86.jpg 120w, https:\/\/atecordoba.org\/wp-content\/uploads\/2024\/05\/spaventa-750x530.jpg 750w\" sizes=\"auto, (max-width: 960px) 100vw, 960px\" \/><\/figure>\n<\/div>\n\n\n<p>La secretaria de G\u00e9nero, Mar\u00eda Spaventa, hizo foco en algunas de las medidas adoptadas. \u201cUno de los ataques directos de la Ley de Bases hacia las mujeres es la imposibilidad de jubilarse por medio de las moratorias. Esto llevar\u00eda a que solo las mujeres tengan 30 a\u00f1os de aportes cumplidos o que reci\u00e9n a los 65 a\u00f1os pudieran jubilarse, lo que vuelve a una situaci\u00f3n muy injusta porque no se reconoce las tareas de cuidado que tienen las mujeres, los trabajos informales que sufrimos en momentos de nuestra vida en poder cumplir con tareas de cuidado familiares. Esta medida perjudica la vida de las mujeres en general\u201d.<\/p>\n\n\n\n<p>Spaventa agreg\u00f3 que \u201cen el cap\u00edtulo de la reforma laboral le da la posibilidad a los empleadores de permanecer en una situaci\u00f3n ilegal, aumentando la precarizaci\u00f3n. La clave es que mayor\u00eda del personal precarizado son mujeres\u201d.&nbsp;<\/p>\n\n\n<div class=\"wp-block-image\">\n<figure class=\"alignright size-large is-resized\"><img loading=\"lazy\" decoding=\"async\" width=\"768\" height=\"1024\" src=\"https:\/\/atecordoba.org\/wp-content\/uploads\/2024\/05\/irina-1-768x1024.jpg\" alt=\"\" class=\"wp-image-43538\" style=\"width:300px\" srcset=\"https:\/\/atecordoba.org\/wp-content\/uploads\/2024\/05\/irina-1-768x1024.jpg 768w, https:\/\/atecordoba.org\/wp-content\/uploads\/2024\/05\/irina-1-225x300.jpg 225w, https:\/\/atecordoba.org\/wp-content\/uploads\/2024\/05\/irina-1-1152x1536.jpg 1152w, https:\/\/atecordoba.org\/wp-content\/uploads\/2024\/05\/irina-1-1536x2048.jpg 1536w, https:\/\/atecordoba.org\/wp-content\/uploads\/2024\/05\/irina-1-750x1000.jpg 750w, https:\/\/atecordoba.org\/wp-content\/uploads\/2024\/05\/irina-1-1140x1520.jpg 1140w, https:\/\/atecordoba.org\/wp-content\/uploads\/2024\/05\/irina-1-scaled.jpg 1920w\" sizes=\"auto, (max-width: 768px) 100vw, 768px\" \/><\/figure>\n<\/div>\n\n\n<p>La dirigente denunci\u00f3 que con el cambio de los reg\u00edmenes de licencia \u201clas mujeres pueden ser obligadas a trabajar hasta 10 d\u00edas antes de parir, situaci\u00f3n que es grav\u00edsima. Por eso decimos que esta ley ni beneficia a la clase trabajadora ni a las mujeres, por lo que nos oponemos a su aprobaci\u00f3n\u201d.&nbsp;<\/p>\n\n\n\n<p>En esa l\u00ednea, la secretar\u00eda de Formaci\u00f3n, Irina Silberman, dijo que \u201cla ley de bases pretende arrasar la idea de g\u00e9neros y diversidades, por lo que las mujeres vamos a ser las m\u00e1s perjudicadas\u201d. \u201cEs indudable ese objetivo al reformar la Ley Micaela, la Ley de los 1000 D\u00edas, que garantiza derechos a las mujeres gestantes y a trabajadoras que son madres, desconociendo la posibilidad de maternar a las mujeres trans y las diversidades sexuales\u201d.<\/p>\n\n\n\n<p>Seguidamente a\u00f1ade que \u201cesto se ve evidenciado junto a las pol\u00edticas que propone el Estado nacional con la eliminaci\u00f3n del INADI, del Ministerio de las Mujeres, haciendo que perdamos los derechos conquistados por los movimientos feministas a trav\u00e9s de la historia, neg\u00e1ndonos la posibilidad de prevenir las violencias de g\u00e9nero y poniendo en foco solo a las mujeres como v\u00edctimas\u201d.<\/p>\n\n\n\n<p>\u201cIgual sucede con la reforma jubilatoria, desconociendo a las mujeres que trabajaron toda la vida de manera precarizada o ignorando las tareas de cuidado, por lo cual muchas menos mujeres accederemos a la posibilidad de jubilarnos. Solo una de cada 10 podr\u00e1n jubilarse de aprobarse la ley\u201d.<\/p>\n\n\n<div class=\"wp-block-image\">\n<figure class=\"alignleft size-large is-resized\"><img loading=\"lazy\" decoding=\"async\" width=\"909\" height=\"1024\" src=\"https:\/\/atecordoba.org\/wp-content\/uploads\/2024\/05\/julia-909x1024.jpeg\" alt=\"\" class=\"wp-image-43536\" style=\"width:350px\" srcset=\"https:\/\/atecordoba.org\/wp-content\/uploads\/2024\/05\/julia-909x1024.jpeg 909w, https:\/\/atecordoba.org\/wp-content\/uploads\/2024\/05\/julia-266x300.jpeg 266w, https:\/\/atecordoba.org\/wp-content\/uploads\/2024\/05\/julia-768x865.jpeg 768w, https:\/\/atecordoba.org\/wp-content\/uploads\/2024\/05\/julia-750x845.jpeg 750w, https:\/\/atecordoba.org\/wp-content\/uploads\/2024\/05\/julia-1140x1285.jpeg 1140w, https:\/\/atecordoba.org\/wp-content\/uploads\/2024\/05\/julia.jpeg 1182w\" sizes=\"auto, (max-width: 909px) 100vw, 909px\" \/><\/figure>\n<\/div>\n\n\n<p>A su turno, la secretaria de Prensa, Julia Giuliani asegur\u00f3 que \u201cla reforma que busca impulsarse a trav\u00e9s de la Ley de Bases, en t\u00e9rminos laborales, previsionales y lo que rige nuestras vidas cotidianas, deja a las mujeres como el sector m\u00e1s perjudicado\u201d.\u00a0\u00a0\u00a0<\/p>\n\n\n\n<p>E insisti\u00f3 que \u201ctrabajadoras con a\u00f1os de aportes que seguramente no podremos jubilarnos y menos con salarios dignos\u201d.<\/p>\n\n\n\n<p>\u201cSe avanza hacia la deslegitimizaci\u00f3n de conquistas de derechos que pudimos convertir en ley despu\u00e9s de a\u00f1os de lucha. Esta ley pretende dinamitar cualquier posibilidad de progreso, de vida digna, condiciones dignas de trabajo para las mujeres\u201d, denunci\u00f3.<\/p>\n\n\n\n<p>La dirigente hizo hincapi\u00e9 que a este cuadro se suma \u201cla p\u00e9rdida del salario indirecto que ingresaba a trav\u00e9s del pago de servicios. Al quitarnos los subsidios se nos empobrece y endeuda m\u00e1s. Tiene un claro sesgo machista, porque la mujeres solemos tener entre doble y triple jornada laboral, multiplicando esta situaci\u00f3n\u201d.<\/p>\n\n\n\n<p>Con una mirada similar la secretaria de Salud Laboral, Elisa Ojeda, apunt\u00f3 que \u201cel impacto de la aprobaci\u00f3n de la Ley de Bases para las mujeres estatales pretende, entre otros puntos, la p\u00e9rdida de derechos laborales como la estabilidad, la carrera administrativa conforme a la idoneidad, pasando que quedar en manos de discrecionalidad del empleador, incluso para traslados a otras oficinas u organismos, la desprotecci\u00f3n de la maternidad, al reducirse irresponsablemente la licencia de preparto hasta a 10 d\u00edas antes del parto\u201d.<\/p>\n\n\n<div class=\"wp-block-image\">\n<figure class=\"alignright size-large is-resized\"><img loading=\"lazy\" decoding=\"async\" width=\"1024\" height=\"461\" src=\"https:\/\/atecordoba.org\/wp-content\/uploads\/2024\/05\/20231006_141255-1024x461.jpg\" alt=\"\" class=\"wp-image-43540\" style=\"width:450px\" srcset=\"https:\/\/atecordoba.org\/wp-content\/uploads\/2024\/05\/20231006_141255-1024x461.jpg 1024w, https:\/\/atecordoba.org\/wp-content\/uploads\/2024\/05\/20231006_141255-300x135.jpg 300w, https:\/\/atecordoba.org\/wp-content\/uploads\/2024\/05\/20231006_141255-768x346.jpg 768w, https:\/\/atecordoba.org\/wp-content\/uploads\/2024\/05\/20231006_141255-1536x691.jpg 1536w, https:\/\/atecordoba.org\/wp-content\/uploads\/2024\/05\/20231006_141255-2048x922.jpg 2048w, https:\/\/atecordoba.org\/wp-content\/uploads\/2024\/05\/20231006_141255-750x338.jpg 750w, https:\/\/atecordoba.org\/wp-content\/uploads\/2024\/05\/20231006_141255-1140x513.jpg 1140w\" sizes=\"auto, (max-width: 1024px) 100vw, 1024px\" \/><\/figure>\n<\/div>\n\n\n<p>\u201cAdem\u00e1s se nos eleva la edad jubilatoria y obliga a las viudas a optar entre la jubilaci\u00f3n o la pensi\u00f3n por fallecimiento del c\u00f3nyuge. Quedamos desprotegidas en aspectos laborales y de la seguridad social\u201d, concluye. &nbsp;&nbsp;<\/p>\n\n\n\n<p>Desde la Secretaria de Convenios Colectivos, la compa\u00f1era Marcela Ch\u00e1vez, apel\u00f3 a las y los senadores por C\u00f3rdoba a rechazar la Ley de Bases, considerando que de aprobarse la norma, los trabajadores y las trabajadoras \u201cperderemos el derecho a jubilarse ya que la mayor\u00eda de los y las trabajadoras no pueden completar los a\u00f1os de servicios debido a la precariedad laboral\u201d.<\/p>\n\n\n\n<p>Apunt\u00f3 la compa\u00f1era que la reforma laboral \u201celiminar\u00edan vacaciones pagas, aguinaldo, reduciendo las licencias por maternidad o por enfermedad, remontando al siglo XIX nuestras condiciones como trabajadoras. Ser\u00eda un retroceso a todos los derechos obtenidos a trav\u00e9s de la lucha del siglo XX\u201d.<\/p>\n\n\n<div class=\"wp-block-image\">\n<figure class=\"aligncenter size-large is-resized\"><img loading=\"lazy\" decoding=\"async\" width=\"1024\" height=\"768\" src=\"https:\/\/atecordoba.org\/wp-content\/uploads\/2024\/05\/Imagen-de-WhatsApp-2024-04-10-a-las-12.42.03_197bd917-1024x768.jpg\" alt=\"\" class=\"wp-image-43541\" style=\"width:600px\" srcset=\"https:\/\/atecordoba.org\/wp-content\/uploads\/2024\/05\/Imagen-de-WhatsApp-2024-04-10-a-las-12.42.03_197bd917-1024x768.jpg 1024w, https:\/\/atecordoba.org\/wp-content\/uploads\/2024\/05\/Imagen-de-WhatsApp-2024-04-10-a-las-12.42.03_197bd917-300x225.jpg 300w, https:\/\/atecordoba.org\/wp-content\/uploads\/2024\/05\/Imagen-de-WhatsApp-2024-04-10-a-las-12.42.03_197bd917-768x576.jpg 768w, https:\/\/atecordoba.org\/wp-content\/uploads\/2024\/05\/Imagen-de-WhatsApp-2024-04-10-a-las-12.42.03_197bd917-1536x1152.jpg 1536w, https:\/\/atecordoba.org\/wp-content\/uploads\/2024\/05\/Imagen-de-WhatsApp-2024-04-10-a-las-12.42.03_197bd917-750x563.jpg 750w, https:\/\/atecordoba.org\/wp-content\/uploads\/2024\/05\/Imagen-de-WhatsApp-2024-04-10-a-las-12.42.03_197bd917-1140x855.jpg 1140w, https:\/\/atecordoba.org\/wp-content\/uploads\/2024\/05\/Imagen-de-WhatsApp-2024-04-10-a-las-12.42.03_197bd917.jpg 1600w\" sizes=\"auto, (max-width: 1024px) 100vw, 1024px\" \/><\/figure>\n<\/div>\n\n\n<p>\u201cDesde mi secretaria reclamamos reapertura de los CCTS para mejorar los derechos que tenemos, pero estamos luchando por no perder los que tenemos hasta el momento. Derechos que muchos podemos gozar gracias a la lucha de los y las trabajador@s organizados en los sindicatos. Otro derecho que nos quieren quitar, el de organizarnos&nbsp;para&nbsp;luchar\u201d.<\/p>\n","protected":false},"excerpt":{"rendered":"<p>El conjunto de medidas que el gobierno nacional lleva adelante desde diciembre pasado constituye el m\u00e1s fenomenal ataque a los derechos de las mujeres y las diversidades que reconoce la historia democr\u00e1tica argentina. El Estado como garante de derechos, una tradici\u00f3n constitucional indudable, tuvo a las mujeres como foco la normativa y el dise\u00f1o de [&hellip;]<\/p>\n","protected":false},"author":7,"featured_media":43542,"comment_status":"open","ping_status":"open","sticky":false,"template":"","format":"standard","meta":{"_exactmetrics_skip_tracking":false,"_exactmetrics_sitenote_active":false,"_exactmetrics_sitenote_note":"","_exactmetrics_sitenote_category":0,"jnews-multi-image_gallery":[],"jnews_single_post":{"subtitle":"No es el ajuste sino el retroceso de derechos lo que impulsa al Presidente Javier Milei y su s\u00e9quito a llevar a cabo este ataque, que a\u00edsla a Argentina del conjunto de naciones civilizadas y nos emparenta con los reg\u00edmenes reaccionarios, donde los textos medievales regulan las relaciones sociales.","format":"standard","video":"","gallery":"","source_name":"","source_url":"","via_name":"","via_url":"","override_template":"0","override":[{"template":"1","single_blog_custom":"","parallax":"1","fullscreen":"1","layout":"no-sidebar-narrow","sidebar":"default-sidebar","second_sidebar":"default-sidebar","sticky_sidebar":"1","share_position":"bottom","share_float_style":"share-monocrhome","show_share_counter":"1","show_view_counter":"1","show_featured":"0","show_post_meta":"1","show_post_author":"0","show_post_author_image":"1","show_post_date":"1","post_date_format":"default","post_date_format_custom":"Y\/m\/d","show_post_category":"1","show_post_reading_time":"0","post_reading_time_wpm":"300","show_zoom_button":"0","zoom_button_out_step":"2","zoom_button_in_step":"3","show_post_tag":"1","show_prev_next_post":"0","show_popup_post":"0","number_popup_post":"1","show_author_box":"0","show_post_related":"1","show_inline_post_related":"0"}],"override_image_size":"0","image_override":[{"single_post_thumbnail_size":"crop-500","single_post_gallery_size":"crop-500"}],"trending_post":"0","trending_post_position":"meta","trending_post_label":"Trending","sponsored_post":"0","sponsored_post_label":"Sponsored by","sponsored_post_name":"","sponsored_post_url":"","sponsored_post_logo_enable":"0","sponsored_post_logo":"","sponsored_post_desc":"","disable_ad":"0"},"jnews_primary_category":{"id":"","hide":""},"jnews_social_meta":{"fb_title":"","fb_description":"","fb_image":"","twitter_title":"","twitter_description":"","twitter_image":""},"jnews_review":[],"enable_review":"0","type":"percentage","name":"","summary":"","brand":"","sku":"","good":[{"good_text":""}],"bad":[{"bad_text":""}],"score_override":"0","override_value":"","rating":[{"rating_text":"","rating_number":"10"}],"price":[{"shop":"","price":"","link":"","icon":""}],"jnews_override_counter":{"override_view_counter":"0","view_counter_number":"0","override_share_counter":"0","share_counter_number":"0","override_like_counter":"0","like_counter_number":"0","override_dislike_counter":"0","dislike_counter_number":"0"},"jnews_post_split":{"enable_post_split":"0","post_split":[{"template":"1","tag":"h2","numbering":"asc","mode":"normal","first":"0","enable_toc":"0","toc_type":"normal"}]},"footnotes":""},"categories":[325],"tags":[],"class_list":["post-43535","post","type-post","status-publish","format-standard","has-post-thumbnail","hentry","category-generos-y-diversidades"],"jetpack_featured_media_url":"https:\/\/atecordoba.org\/wp-content\/uploads\/2024\/05\/mujeres-ate-carteles.jpg","_links":{"self":[{"href":"https:\/\/atecordoba.org\/index.php?rest_route=\/wp\/v2\/posts\/43535","targetHints":{"allow":["GET"]}}],"collection":[{"href":"https:\/\/atecordoba.org\/index.php?rest_route=\/wp\/v2\/posts"}],"about":[{"href":"https:\/\/atecordoba.org\/index.php?rest_route=\/wp\/v2\/types\/post"}],"author":[{"embeddable":true,"href":"https:\/\/atecordoba.org\/index.php?rest_route=\/wp\/v2\/users\/7"}],"replies":[{"embeddable":true,"href":"https:\/\/atecordoba.org\/index.php?rest_route=%2Fwp%2Fv2%2Fcomments&post=43535"}],"version-history":[{"count":3,"href":"https:\/\/atecordoba.org\/index.php?rest_route=\/wp\/v2\/posts\/43535\/revisions"}],"predecessor-version":[{"id":43547,"href":"https:\/\/atecordoba.org\/index.php?rest_route=\/wp\/v2\/posts\/43535\/revisions\/43547"}],"wp:featuredmedia":[{"embeddable":true,"href":"https:\/\/atecordoba.org\/index.php?rest_route=\/wp\/v2\/media\/43542"}],"wp:attachment":[{"href":"https:\/\/atecordoba.org\/index.php?rest_route=%2Fwp%2Fv2%2Fmedia&parent=43535"}],"wp:term":[{"taxonomy":"category","embeddable":true,"href":"https:\/\/atecordoba.org\/index.php?rest_route=%2Fwp%2Fv2%2Fcategories&post=43535"},{"taxonomy":"post_tag","embeddable":true,"href":"https:\/\/atecordoba.org\/index.php?rest_route=%2Fwp%2Fv2%2Ftags&post=43535"}],"curies":[{"name":"wp","href":"https:\/\/api.w.org\/{rel}","templated":true}]}}