{"id":43531,"date":"2024-05-21T10:39:17","date_gmt":"2024-05-21T13:39:17","guid":{"rendered":"https:\/\/atecordoba.org\/?p=43531"},"modified":"2024-05-21T10:39:17","modified_gmt":"2024-05-21T13:39:17","slug":"ate-repudia-el-apagon-digital-en-los-medios-publicos","status":"publish","type":"post","link":"https:\/\/atecordoba.org\/?p=43531","title":{"rendered":"ATE repudia el apag\u00f3n digital en los Medios P\u00fablicos"},"content":{"rendered":"<div class=\"wp-block-image\">\n<figure class=\"aligncenter size-full is-resized\"><img decoding=\"async\" src=\"https:\/\/atecordoba.org\/wp-content\/uploads\/2024\/05\/facha.png\" alt=\"\" class=\"wp-image-43532\" style=\"width:600px\" \/><\/figure>\n<\/div>\n\n\n<p>Ante&nbsp; el silenciamiento de las redes sociales de la Televisi\u00f3n P\u00fablica y Radio Nacional, ATE C\u00f3rdoba hace p\u00fablico su repudio a este acto de censura que oscurece el debate p\u00fablico.<\/p>\n\n\n\n<p>Al igual que lo sucedido con la Agencia T\u00e9lam, el gobierno de Milei avanza de manera ilegal, pasando por encima del Congreso, destruyendo los medios p\u00fablicos, en vez de mejorarlos para facilitar el acceso a la informaci\u00f3n a la poblaci\u00f3n sobre el debate p\u00fablico.<\/p>\n\n\n\n<p>En tal sentido, reiteramos nuestro llamado a las y los senadores nacionales por C\u00f3rdoba para que rechacen la Ley Bases y la privatizaci\u00f3n de los medios p\u00fablicos en defensa de la soberan\u00eda informativa.<\/p>\n","protected":false},"excerpt":{"rendered":"<p>Ante&nbsp; el silenciamiento de las redes sociales de la Televisi\u00f3n P\u00fablica y Radio Nacional, ATE C\u00f3rdoba hace p\u00fablico su repudio a este acto de censura que oscurece el debate p\u00fablico. Al igual que lo sucedido con la Agencia T\u00e9lam, el gobierno de Milei avanza de manera ilegal, pasando por encima del Congreso, destruyendo los medios [&hellip;]<\/p>\n","protected":false},"author":7,"featured_media":43532,"comment_status":"open","ping_status":"open","sticky":false,"template":"","format":"standard","meta":{"_exactmetrics_skip_tracking":false,"_exactmetrics_sitenote_active":false,"_exactmetrics_sitenote_note":"","_exactmetrics_sitenote_category":0,"jnews-multi-image_gallery":[],"jnews_single_post":{"subtitle":"Al igual que lo sucedido con la Agencia T\u00e9lam, el gobierno de Milei avanza de manera ilegal, pasando por encima del Congreso, destruyendo los medios p\u00fablicos, en vez de mejorarlos para facilitar el acceso a la informaci\u00f3n a la poblaci\u00f3n sobre el debate p\u00fablico.","format":"standard","video":"","gallery":"","source_name":"","source_url":"","via_name":"","via_url":"","override_template":"0","override":[{"template":"1","single_blog_custom":"","parallax":"1","fullscreen":"1","layout":"no-sidebar-narrow","sidebar":"default-sidebar","second_sidebar":"default-sidebar","sticky_sidebar":"1","share_position":"bottom","share_float_style":"share-monocrhome","show_share_counter":"1","show_view_counter":"1","show_featured":"0","show_post_meta":"1","show_post_author":"0","show_post_author_image":"1","show_post_date":"1","post_date_format":"default","post_date_format_custom":"Y\/m\/d","show_post_category":"1","show_post_reading_time":"0","post_reading_time_wpm":"300","show_zoom_button":"0","zoom_button_out_step":"2","zoom_button_in_step":"3","show_post_tag":"1","show_prev_next_post":"0","show_popup_post":"0","number_popup_post":"1","show_author_box":"0","show_post_related":"1","show_inline_post_related":"0"}],"override_image_size":"0","image_override":[{"single_post_thumbnail_size":"crop-500","single_post_gallery_size":"crop-500"}],"trending_post":"0","trending_post_position":"meta","trending_post_label":"Trending","sponsored_post":"0","sponsored_post_label":"Sponsored by","sponsored_post_name":"","sponsored_post_url":"","sponsored_post_logo_enable":"0","sponsored_post_logo":"","sponsored_post_desc":"","disable_ad":"0"},"jnews_primary_category":{"id":"","hide":""},"jnews_social_meta":{"fb_title":"","fb_description":"","fb_image":"","twitter_title":"","twitter_description":"","twitter_image":""},"jnews_review":[],"enable_review":"0","type":"percentage","name":"","summary":"","brand":"","sku":"","good":[{"good_text":""}],"bad":[{"bad_text":""}],"score_override":"0","override_value":"","rating":[{"rating_text":"","rating_number":"10"}],"price":[{"shop":"","price":"","link":"","icon":""}],"jnews_override_counter":{"override_view_counter":"0","view_counter_number":"0","override_share_counter":"0","share_counter_number":"0","override_like_counter":"0","like_counter_number":"0","override_dislike_counter":"0","dislike_counter_number":"0"},"jnews_post_split":{"enable_post_split":"0","post_split":[{"template":"1","tag":"h2","numbering":"asc","mode":"normal","first":"0","enable_toc":"0","toc_type":"normal"}]},"footnotes":""},"categories":[53],"tags":[],"class_list":["post-43531","post","type-post","status-publish","format-standard","has-post-thumbnail","hentry","category-comunicados-de-prensa"],"jetpack_featured_media_url":"https:\/\/atecordoba.org\/wp-content\/uploads\/2024\/05\/facha-e1716298748247.png","_links":{"self":[{"href":"https:\/\/atecordoba.org\/index.php?rest_route=\/wp\/v2\/posts\/43531","targetHints":{"allow":["GET"]}}],"collection":[{"href":"https:\/\/atecordoba.org\/index.php?rest_route=\/wp\/v2\/posts"}],"about":[{"href":"https:\/\/atecordoba.org\/index.php?rest_route=\/wp\/v2\/types\/post"}],"author":[{"embeddable":true,"href":"https:\/\/atecordoba.org\/index.php?rest_route=\/wp\/v2\/users\/7"}],"replies":[{"embeddable":true,"href":"https:\/\/atecordoba.org\/index.php?rest_route=%2Fwp%2Fv2%2Fcomments&post=43531"}],"version-history":[{"count":1,"href":"https:\/\/atecordoba.org\/index.php?rest_route=\/wp\/v2\/posts\/43531\/revisions"}],"predecessor-version":[{"id":43533,"href":"https:\/\/atecordoba.org\/index.php?rest_route=\/wp\/v2\/posts\/43531\/revisions\/43533"}],"wp:featuredmedia":[{"embeddable":true,"href":"https:\/\/atecordoba.org\/index.php?rest_route=\/wp\/v2\/media\/43532"}],"wp:attachment":[{"href":"https:\/\/atecordoba.org\/index.php?rest_route=%2Fwp%2Fv2%2Fmedia&parent=43531"}],"wp:term":[{"taxonomy":"category","embeddable":true,"href":"https:\/\/atecordoba.org\/index.php?rest_route=%2Fwp%2Fv2%2Fcategories&post=43531"},{"taxonomy":"post_tag","embeddable":true,"href":"https:\/\/atecordoba.org\/index.php?rest_route=%2Fwp%2Fv2%2Ftags&post=43531"}],"curies":[{"name":"wp","href":"https:\/\/api.w.org\/{rel}","templated":true}]}}