{"id":43493,"date":"2024-05-20T10:24:03","date_gmt":"2024-05-20T13:24:03","guid":{"rendered":"https:\/\/atecordoba.org\/?p=43493"},"modified":"2024-05-20T15:34:13","modified_gmt":"2024-05-20T18:34:13","slug":"pacto-de-mayo-ate-se-movilizara-a-cordoba-el-25-y-protestara-en-los-accesos-al-aeropuerto-y-el-complejo-feria","status":"publish","type":"post","link":"https:\/\/atecordoba.org\/?p=43493","title":{"rendered":"\u2018Pacto de Mayo\u2019: ATE se movilizar\u00e1 a C\u00f3rdoba el 25 y protestar\u00e1 en los accesos al Aeropuerto y el Complejo Feriar"},"content":{"rendered":"<div class=\"wp-block-image\">\n<figure class=\"alignleft size-large is-resized\"><img loading=\"lazy\" decoding=\"async\" width=\"1024\" height=\"768\" src=\"https:\/\/atecordoba.org\/wp-content\/uploads\/2024\/05\/aguiarpalco-1024x768.jpg\" alt=\"\" class=\"wp-image-43494\" style=\"width:500px\" \/><\/figure>\n<\/div>\n\n\n<p>A d\u00edas de la fecha elegida para la firma del \u2018Pacto de Mayo\u2019, anunciada por el Presidente Javier Milei en la apertura de sesiones del Congreso, ATE resolvi\u00f3 que el 25 de mayo se movilizar\u00e1 a C\u00f3rdoba y realizar\u00e1 protestas sobre las rutas que conducen al predio del evento. \u201cNos es indiferente si es pacto o acto. El Presidente tiene que saber que los estatales lo vamos a estar esperando\u201d, apunt\u00f3 Rodolfo Aguiar, Secretario General del Consejo Directivo Nacional de ATE.<\/p>\n\n\n\n<p>\u201cLa Ley Bases y el pretendido pacto con las provincias son instrumentos para garantizar mayor explotaci\u00f3n laboral, extractivismo sin l\u00edmites y m\u00e1s ajuste. Los firmantes de ese posible acuerdo se obligan a un gasto p\u00fablico consolidado de 25 puntos del PBI. Si tenemos en consideraci\u00f3n que en diciembre de 2023 ese gasto p\u00fablico era del 40% y que a nivel nacional ya se ajust\u00f3 un 5%, los gobernadores que firmen estar\u00e1n aceptando ajustar m\u00e1s de 10 puntos de sus PBI\u201d, se\u00f1al\u00f3 el dirigente y sentenci\u00f3: \u201cLos gobernadores que firmen ser\u00e1n c\u00f3mplices y considerados part\u00edcipes necesarios de esta estafa\u201d.<\/p>\n\n\n\n<p>ATE pudo confirmar que ya se realizaron pruebas del equipo de seguridad del Poder Ejecutivo en el Complejo Ferial C\u00f3rdoba, ubicado en Ram\u00f3n C\u00e1rcano, a metros de la Avenida Circunvalaci\u00f3n Agust\u00edn Tosco, por lo que el evento ya estar\u00eda pensado en esa sede. En este marco, nuestra organizaci\u00f3n protestas en dos puntos centrales: la Ruta Provincial E53, que pasa por el Aeropuerto Internacional Ingeniero Aeron\u00e1utico Ambrosio Taravella; y sobre la propia calle Ram\u00f3n C\u00e1rcano, de ingreso al complejo ferial.<\/p>\n\n\n\n<p>\u201cYa definimos realizar la protesta. Una vez en el lugar y teniendo en cuenta la voluntad de las asambleas, no descartamos que puedan producirse bloqueos\u201d, concluy\u00f3 Rodolfo Aguiar. Adem\u00e1s, ATE declarar\u00e1 persona no grata al Presidente Javier Milei ante su llegada a C\u00f3rdoba.<\/p>\n\n\n\n<p>La jornada de protesta se mantendr\u00e1 vigente a pesar de las altas probabilidades de que el pacto con los gobernadores no se firme el propio 25 de mayo, debido a la falta de aprobaci\u00f3n de la Ley Bases en el Senado. Sin embargo, desde el Gobierno indicaron que en ese caso se realizar\u00e1 un acto frente a la ciudadan\u00eda para esa fecha.<\/p>\n","protected":false},"excerpt":{"rendered":"<p>A d\u00edas de la fecha elegida para la firma del \u2018Pacto de Mayo\u2019, anunciada por el Presidente Javier Milei en la apertura de sesiones del Congreso, ATE resolvi\u00f3 que el 25 de mayo se movilizar\u00e1 a C\u00f3rdoba y realizar\u00e1 protestas sobre las rutas que conducen al predio del evento. \u201cNos es indiferente si es pacto [&hellip;]<\/p>\n","protected":false},"author":7,"featured_media":43494,"comment_status":"open","ping_status":"open","sticky":false,"template":"","format":"standard","meta":{"_exactmetrics_skip_tracking":false,"_exactmetrics_sitenote_active":false,"_exactmetrics_sitenote_note":"","_exactmetrics_sitenote_category":0,"jnews-multi-image_gallery":[],"jnews_single_post":{"subtitle":"\u201cNos es indiferente si es pacto o acto. El Presidente tiene que saber que las y los estatales lo vamos a estar esperando\u201d, indic\u00f3 el secretario General de ATE Nacional, Rodolfo Aguiar. ATE C\u00f3rdoba tambi\u00e9n declarar\u00e1 persona no grata a Javier Milei por sus pol\u00edticas de ajuste y desguace del Estado.","format":"standard","video":"","gallery":"","source_name":"","source_url":"","via_name":"","via_url":"","override_template":"0","override":[{"template":"1","single_blog_custom":"","parallax":"1","fullscreen":"1","layout":"no-sidebar-narrow","sidebar":"default-sidebar","second_sidebar":"default-sidebar","sticky_sidebar":"1","share_position":"bottom","share_float_style":"share-monocrhome","show_share_counter":"1","show_view_counter":"1","show_featured":"0","show_post_meta":"1","show_post_author":"0","show_post_author_image":"1","show_post_date":"1","post_date_format":"default","post_date_format_custom":"Y\/m\/d","show_post_category":"1","show_post_reading_time":"0","post_reading_time_wpm":"300","show_zoom_button":"0","zoom_button_out_step":"2","zoom_button_in_step":"3","show_post_tag":"1","show_prev_next_post":"0","show_popup_post":"0","number_popup_post":"1","show_author_box":"0","show_post_related":"1","show_inline_post_related":"0"}],"override_image_size":"0","image_override":[{"single_post_thumbnail_size":"crop-500","single_post_gallery_size":"crop-500"}],"trending_post":"0","trending_post_position":"meta","trending_post_label":"Trending","sponsored_post":"0","sponsored_post_label":"Sponsored by","sponsored_post_name":"","sponsored_post_url":"","sponsored_post_logo_enable":"0","sponsored_post_logo":"","sponsored_post_desc":"","disable_ad":"0"},"jnews_primary_category":{"id":"","hide":""},"jnews_social_meta":{"fb_title":"","fb_description":"","fb_image":"","twitter_title":"","twitter_description":"","twitter_image":""},"jnews_review":[],"enable_review":"0","type":"percentage","name":"","summary":"","brand":"","sku":"","good":[{"good_text":""}],"bad":[{"bad_text":""}],"score_override":"0","override_value":"","rating":[{"rating_text":"","rating_number":"10"}],"price":[{"shop":"","price":"","link":"","icon":""}],"jnews_override_counter":{"override_view_counter":"0","view_counter_number":"0","override_share_counter":"0","share_counter_number":"0","override_like_counter":"0","like_counter_number":"0","override_dislike_counter":"0","dislike_counter_number":"0"},"jnews_post_split":{"enable_post_split":"0","post_split":[{"template":"1","tag":"h2","numbering":"asc","mode":"normal","first":"0","enable_toc":"0","toc_type":"normal"}]},"footnotes":""},"categories":[10],"tags":[],"class_list":["post-43493","post","type-post","status-publish","format-standard","has-post-thumbnail","hentry","category-accion-politica"],"jetpack_featured_media_url":"https:\/\/atecordoba.org\/wp-content\/uploads\/2024\/05\/aguiarpalco-e1716211437620.jpg","_links":{"self":[{"href":"https:\/\/atecordoba.org\/index.php?rest_route=\/wp\/v2\/posts\/43493","targetHints":{"allow":["GET"]}}],"collection":[{"href":"https:\/\/atecordoba.org\/index.php?rest_route=\/wp\/v2\/posts"}],"about":[{"href":"https:\/\/atecordoba.org\/index.php?rest_route=\/wp\/v2\/types\/post"}],"author":[{"embeddable":true,"href":"https:\/\/atecordoba.org\/index.php?rest_route=\/wp\/v2\/users\/7"}],"replies":[{"embeddable":true,"href":"https:\/\/atecordoba.org\/index.php?rest_route=%2Fwp%2Fv2%2Fcomments&post=43493"}],"version-history":[{"count":2,"href":"https:\/\/atecordoba.org\/index.php?rest_route=\/wp\/v2\/posts\/43493\/revisions"}],"predecessor-version":[{"id":43530,"href":"https:\/\/atecordoba.org\/index.php?rest_route=\/wp\/v2\/posts\/43493\/revisions\/43530"}],"wp:featuredmedia":[{"embeddable":true,"href":"https:\/\/atecordoba.org\/index.php?rest_route=\/wp\/v2\/media\/43494"}],"wp:attachment":[{"href":"https:\/\/atecordoba.org\/index.php?rest_route=%2Fwp%2Fv2%2Fmedia&parent=43493"}],"wp:term":[{"taxonomy":"category","embeddable":true,"href":"https:\/\/atecordoba.org\/index.php?rest_route=%2Fwp%2Fv2%2Fcategories&post=43493"},{"taxonomy":"post_tag","embeddable":true,"href":"https:\/\/atecordoba.org\/index.php?rest_route=%2Fwp%2Fv2%2Ftags&post=43493"}],"curies":[{"name":"wp","href":"https:\/\/api.w.org\/{rel}","templated":true}]}}