{"id":43471,"date":"2024-05-17T14:17:16","date_gmt":"2024-05-17T17:17:16","guid":{"rendered":"https:\/\/atecordoba.org\/?p=43471"},"modified":"2024-05-17T14:18:28","modified_gmt":"2024-05-17T17:18:28","slug":"hospital-pediatrico-tras-asamblea-ate-reclamo-medidas-de-seguridad-para-las-trabajadoras-del-centro-de-salud","status":"publish","type":"post","link":"https:\/\/atecordoba.org\/?p=43471","title":{"rendered":"Hospital Pedi\u00e1trico: en una asamblea junto con la Direcci\u00f3n, ATE reclam\u00f3 medidas de seguridad para las trabajadoras"},"content":{"rendered":"\n<figure class=\"wp-block-image size-large\"><img loading=\"lazy\" decoding=\"async\" width=\"1024\" height=\"578\" src=\"https:\/\/atecordoba.org\/wp-content\/uploads\/2024\/05\/IMG-20240517-WA0220-1024x578.jpg\" alt=\"\" class=\"wp-image-43472\" srcset=\"https:\/\/atecordoba.org\/wp-content\/uploads\/2024\/05\/IMG-20240517-WA0220-1024x578.jpg 1024w, https:\/\/atecordoba.org\/wp-content\/uploads\/2024\/05\/IMG-20240517-WA0220-300x169.jpg 300w, https:\/\/atecordoba.org\/wp-content\/uploads\/2024\/05\/IMG-20240517-WA0220-768x434.jpg 768w, https:\/\/atecordoba.org\/wp-content\/uploads\/2024\/05\/IMG-20240517-WA0220-1536x867.jpg 1536w, https:\/\/atecordoba.org\/wp-content\/uploads\/2024\/05\/IMG-20240517-WA0220-2048x1156.jpg 2048w, https:\/\/atecordoba.org\/wp-content\/uploads\/2024\/05\/IMG-20240517-WA0220-750x423.jpg 750w, https:\/\/atecordoba.org\/wp-content\/uploads\/2024\/05\/IMG-20240517-WA0220-1140x644.jpg 1140w\" sizes=\"auto, (max-width: 1024px) 100vw, 1024px\" \/><\/figure>\n\n\n\n<p>Frente a las situaciones de violencia que vienen sufriendo cotidianamente las trabajadoras del Hospital Pedi\u00e1trico, ATE convoc\u00f3 a una asamblea, que reclam\u00f3 a la Direcci\u00f3n del centro de salud que instrumente las medidas necesarias para salvaguardar la salud f\u00edsica y psicol\u00f3gica del personal. <\/p>\n\n\n<div class=\"wp-block-image\">\n<figure class=\"aligncenter size-large is-resized\"><img loading=\"lazy\" decoding=\"async\" width=\"1024\" height=\"578\" src=\"https:\/\/atecordoba.org\/wp-content\/uploads\/2024\/05\/IMG-20240517-WA0194-1024x578.jpg\" alt=\"\" class=\"wp-image-43480\" style=\"width:600px\" \/><\/figure>\n<\/div>\n\n\n<p>La asamblea le traslad\u00f3 al director H\u00e9ctor Ferreyra, presente en el lugar, la gravedad de la situaci\u00f3n, dado que las autoridades estaban al tanto de lo que viene aconteciendo pero sin tomar medidas suficientes para detener la ola de agresiones. <\/p>\n\n\n<div class=\"wp-block-image\">\n<figure class=\"aligncenter size-large is-resized\"><img loading=\"lazy\" decoding=\"async\" width=\"1024\" height=\"578\" src=\"https:\/\/atecordoba.org\/wp-content\/uploads\/2024\/05\/IMG-20240517-WA0215-1024x578.jpg\" alt=\"\" class=\"wp-image-43474\" style=\"width:600px\" srcset=\"https:\/\/atecordoba.org\/wp-content\/uploads\/2024\/05\/IMG-20240517-WA0215-1024x578.jpg 1024w, https:\/\/atecordoba.org\/wp-content\/uploads\/2024\/05\/IMG-20240517-WA0215-300x169.jpg 300w, https:\/\/atecordoba.org\/wp-content\/uploads\/2024\/05\/IMG-20240517-WA0215-768x434.jpg 768w, https:\/\/atecordoba.org\/wp-content\/uploads\/2024\/05\/IMG-20240517-WA0215-1536x867.jpg 1536w, https:\/\/atecordoba.org\/wp-content\/uploads\/2024\/05\/IMG-20240517-WA0215-2048x1156.jpg 2048w, https:\/\/atecordoba.org\/wp-content\/uploads\/2024\/05\/IMG-20240517-WA0215-750x423.jpg 750w, https:\/\/atecordoba.org\/wp-content\/uploads\/2024\/05\/IMG-20240517-WA0215-1140x644.jpg 1140w\" sizes=\"auto, (max-width: 1024px) 100vw, 1024px\" \/><\/figure>\n<\/div>\n\n\n<p>La comitiva de ATE estuvo encabezada por el secretario Gremial Jorge Chalup, junto a la secretaria de Formaci\u00f3n, Irina Silberman, las compa\u00f1eras Valeria Beltr\u00e1n e Ivana Guevera, acompa\u00f1adas por Diego Saurina. En la asamblea se plante\u00f3 a Ferreyra &#8220;continuar con las gestiones necesarias, articuladas con esta administraci\u00f3n y la planta de trabajadores del sector, para avanzar hacia la erradicaci\u00f3n de la violencia que atraviesa a nuestra instituci\u00f3n&#8221;.<\/p>\n\n\n<div class=\"wp-block-image\">\n<figure class=\"aligncenter size-large is-resized\"><img loading=\"lazy\" decoding=\"async\" width=\"1024\" height=\"578\" src=\"https:\/\/atecordoba.org\/wp-content\/uploads\/2024\/05\/IMG-20240517-WA0214-1024x578.jpg\" alt=\"\" class=\"wp-image-43475\" style=\"width:600px\" srcset=\"https:\/\/atecordoba.org\/wp-content\/uploads\/2024\/05\/IMG-20240517-WA0214-1024x578.jpg 1024w, https:\/\/atecordoba.org\/wp-content\/uploads\/2024\/05\/IMG-20240517-WA0214-300x169.jpg 300w, https:\/\/atecordoba.org\/wp-content\/uploads\/2024\/05\/IMG-20240517-WA0214-768x434.jpg 768w, https:\/\/atecordoba.org\/wp-content\/uploads\/2024\/05\/IMG-20240517-WA0214-1536x867.jpg 1536w, https:\/\/atecordoba.org\/wp-content\/uploads\/2024\/05\/IMG-20240517-WA0214-2048x1156.jpg 2048w, https:\/\/atecordoba.org\/wp-content\/uploads\/2024\/05\/IMG-20240517-WA0214-750x423.jpg 750w, https:\/\/atecordoba.org\/wp-content\/uploads\/2024\/05\/IMG-20240517-WA0214-1140x644.jpg 1140w\" sizes=\"auto, (max-width: 1024px) 100vw, 1024px\" \/><\/figure>\n<\/div>\n\n\n<p>A trav\u00e9s de una nota, ATE notific\u00f3 formalmente &#8220;el conjunto de trabajador@s de este hospital, venimos siendo foco de episodios de inseguridad incesantes y en creciente escalada de violencia, siendo v\u00edctimas de acoso, violencia f\u00edsica y verbal, en las distintas instancias lo hemos puesto oportunamente a Ud. y unidades judiciales competentes, en situaci\u00f3n para abordar la problem\u00e1tica planteada&#8221;. <\/p>\n\n\n<div class=\"wp-block-image\">\n<figure class=\"aligncenter size-large is-resized\"><img loading=\"lazy\" decoding=\"async\" width=\"1024\" height=\"578\" src=\"https:\/\/atecordoba.org\/wp-content\/uploads\/2024\/05\/IMG-20240517-WA0217-1024x578.jpg\" alt=\"\" class=\"wp-image-43476\" style=\"width:600px\" srcset=\"https:\/\/atecordoba.org\/wp-content\/uploads\/2024\/05\/IMG-20240517-WA0217-1024x578.jpg 1024w, https:\/\/atecordoba.org\/wp-content\/uploads\/2024\/05\/IMG-20240517-WA0217-300x169.jpg 300w, https:\/\/atecordoba.org\/wp-content\/uploads\/2024\/05\/IMG-20240517-WA0217-768x434.jpg 768w, https:\/\/atecordoba.org\/wp-content\/uploads\/2024\/05\/IMG-20240517-WA0217-1536x867.jpg 1536w, https:\/\/atecordoba.org\/wp-content\/uploads\/2024\/05\/IMG-20240517-WA0217-2048x1156.jpg 2048w, https:\/\/atecordoba.org\/wp-content\/uploads\/2024\/05\/IMG-20240517-WA0217-750x423.jpg 750w, https:\/\/atecordoba.org\/wp-content\/uploads\/2024\/05\/IMG-20240517-WA0217-1140x644.jpg 1140w\" sizes=\"auto, (max-width: 1024px) 100vw, 1024px\" \/><\/figure>\n<\/div>\n\n\n<p>Los dirigentes insistieron que este cuadro &#8220;nos pone en m\u00e1xima alerta, porque pasado los plazos prudentes de las conversaciones y petitorios correspondientes, no hemos advertido medidas de seguridad concretas y contundentes que intimen el cese de estos episodios. En paralelo este episodio expone el agravantes de la situaci\u00f3n vulnerable a las que nos enfrentamos las trabajadoras, desde una perspectiva de g\u00e9nero&#8221;.<\/p>\n\n\n<div class=\"wp-block-image\">\n<figure class=\"aligncenter size-large is-resized\"><img loading=\"lazy\" decoding=\"async\" width=\"1024\" height=\"578\" src=\"https:\/\/atecordoba.org\/wp-content\/uploads\/2024\/05\/IMG-20240517-WA0199-1024x578.jpg\" alt=\"\" class=\"wp-image-43477\" style=\"width:600px\" srcset=\"https:\/\/atecordoba.org\/wp-content\/uploads\/2024\/05\/IMG-20240517-WA0199-1024x578.jpg 1024w, https:\/\/atecordoba.org\/wp-content\/uploads\/2024\/05\/IMG-20240517-WA0199-300x169.jpg 300w, https:\/\/atecordoba.org\/wp-content\/uploads\/2024\/05\/IMG-20240517-WA0199-768x434.jpg 768w, https:\/\/atecordoba.org\/wp-content\/uploads\/2024\/05\/IMG-20240517-WA0199-1536x867.jpg 1536w, https:\/\/atecordoba.org\/wp-content\/uploads\/2024\/05\/IMG-20240517-WA0199-2048x1156.jpg 2048w, https:\/\/atecordoba.org\/wp-content\/uploads\/2024\/05\/IMG-20240517-WA0199-750x423.jpg 750w, https:\/\/atecordoba.org\/wp-content\/uploads\/2024\/05\/IMG-20240517-WA0199-1140x644.jpg 1140w\" sizes=\"auto, (max-width: 1024px) 100vw, 1024px\" \/><\/figure>\n<\/div>\n\n\n<p>Y agregaron que &#8220;es de relevante importancia no minimizar, desestimar e invisibilizar los hechos de violencia denunciados por las v\u00edctimas, estas pr\u00e1cticas tambi\u00e9n deben ser erradicadas, porque revictimiza a las v\u00edctimas. El fortalecimiento y el compromiso por parte de la direcci\u00f3n a brindar mayor seguridad y tranquilidad con una perspectiva objetiva orientada al sostenimiento del respeto y garant\u00edas a efecto de proporcionar condiciones de bienestar a los trabajos para un desarrollo integral, entendemos debe ser un eje fundamental de quienes cumplen roles estrat\u00e9gicos y relevantes&#8221;.<\/p>\n\n\n<div class=\"wp-block-image\">\n<figure class=\"aligncenter size-large is-resized\"><img loading=\"lazy\" decoding=\"async\" width=\"1024\" height=\"578\" src=\"https:\/\/atecordoba.org\/wp-content\/uploads\/2024\/05\/IMG-20240517-WA0198-1024x578.jpg\" alt=\"\" class=\"wp-image-43478\" style=\"width:600px\" srcset=\"https:\/\/atecordoba.org\/wp-content\/uploads\/2024\/05\/IMG-20240517-WA0198-1024x578.jpg 1024w, https:\/\/atecordoba.org\/wp-content\/uploads\/2024\/05\/IMG-20240517-WA0198-300x169.jpg 300w, https:\/\/atecordoba.org\/wp-content\/uploads\/2024\/05\/IMG-20240517-WA0198-768x434.jpg 768w, https:\/\/atecordoba.org\/wp-content\/uploads\/2024\/05\/IMG-20240517-WA0198-1536x867.jpg 1536w, https:\/\/atecordoba.org\/wp-content\/uploads\/2024\/05\/IMG-20240517-WA0198-2048x1156.jpg 2048w, https:\/\/atecordoba.org\/wp-content\/uploads\/2024\/05\/IMG-20240517-WA0198-750x423.jpg 750w, https:\/\/atecordoba.org\/wp-content\/uploads\/2024\/05\/IMG-20240517-WA0198-1140x644.jpg 1140w\" sizes=\"auto, (max-width: 1024px) 100vw, 1024px\" \/><\/figure>\n<\/div>\n\n\n<p>En consecuencia ATE solicit\u00f3 la formaci\u00f3n de un equipo interdisciplinario de contenci\u00f3n primaria a las v\u00edctimas, con roles definidos, para generar un ambiente de confianza, evitando se emita juicio de valor y prime la asistencia integral a la v\u00edctima.<\/p>\n\n\n<div class=\"wp-block-image\">\n<figure class=\"aligncenter size-large is-resized\"><img loading=\"lazy\" decoding=\"async\" width=\"1024\" height=\"578\" src=\"https:\/\/atecordoba.org\/wp-content\/uploads\/2024\/05\/IMG-20240517-WA0193-1024x578.jpg\" alt=\"\" class=\"wp-image-43479\" style=\"width:600px\" srcset=\"https:\/\/atecordoba.org\/wp-content\/uploads\/2024\/05\/IMG-20240517-WA0193-1024x578.jpg 1024w, https:\/\/atecordoba.org\/wp-content\/uploads\/2024\/05\/IMG-20240517-WA0193-300x169.jpg 300w, https:\/\/atecordoba.org\/wp-content\/uploads\/2024\/05\/IMG-20240517-WA0193-768x434.jpg 768w, https:\/\/atecordoba.org\/wp-content\/uploads\/2024\/05\/IMG-20240517-WA0193-1536x867.jpg 1536w, https:\/\/atecordoba.org\/wp-content\/uploads\/2024\/05\/IMG-20240517-WA0193-2048x1156.jpg 2048w, https:\/\/atecordoba.org\/wp-content\/uploads\/2024\/05\/IMG-20240517-WA0193-750x423.jpg 750w, https:\/\/atecordoba.org\/wp-content\/uploads\/2024\/05\/IMG-20240517-WA0193-1140x644.jpg 1140w\" sizes=\"auto, (max-width: 1024px) 100vw, 1024px\" \/><\/figure>\n<\/div>\n\n\n<p>\u00a0Este equipo de trabajo deber\u00e1 implementar medidas preventivas para mejorar la seguridad y el entorno del trabajo, de modo de poder anticipar nuevos hechos de similares caracter\u00edsticas, por lo cual solicitamos se pongan en inmediato funcionamiento y operatividad las c\u00e1maras de seguridad dispuestas en el edificio, tanto en su interior como en el exterior, en materia de seguridad son elementos disuasivos y de registros fundamentales.<\/p>\n\n\n\n<p>Asimismo es menester reforzar la presencia de efectivos de seguridad, en lugares de ingreso, egreso y permanencia estrat\u00e9gicas dentro del edificio, el personal dispuesto a demostrado es insuficiente.<\/p>\n\n\n\n<p>&#8220;Solicitamos utilizar los medios de comunicaci\u00f3n internos para mantener informados, integrados e implementar recursos de soporte anal\u00f3gico digitales para evitar rumores y as\u00ed bajar el nivel de incertidumbre con informaci\u00f3n veros\u00edmil y clara, esto nos permitir\u00e1 de forma inmediata planificar mancomunadamente posibles soluciones, para promover el feedback y el sentido de pertenencia&#8221;, concluy\u00f3.<\/p>\n\n\n<div class=\"wp-block-image\">\n<figure class=\"aligncenter size-large is-resized\"><img loading=\"lazy\" decoding=\"async\" width=\"1024\" height=\"578\" src=\"https:\/\/atecordoba.org\/wp-content\/uploads\/2024\/05\/IMG-20240517-WA0213-1024x578.jpg\" alt=\"\" class=\"wp-image-43473\" style=\"width:600px\" srcset=\"https:\/\/atecordoba.org\/wp-content\/uploads\/2024\/05\/IMG-20240517-WA0213-1024x578.jpg 1024w, https:\/\/atecordoba.org\/wp-content\/uploads\/2024\/05\/IMG-20240517-WA0213-300x169.jpg 300w, https:\/\/atecordoba.org\/wp-content\/uploads\/2024\/05\/IMG-20240517-WA0213-768x434.jpg 768w, https:\/\/atecordoba.org\/wp-content\/uploads\/2024\/05\/IMG-20240517-WA0213-1536x867.jpg 1536w, https:\/\/atecordoba.org\/wp-content\/uploads\/2024\/05\/IMG-20240517-WA0213-2048x1156.jpg 2048w, https:\/\/atecordoba.org\/wp-content\/uploads\/2024\/05\/IMG-20240517-WA0213-750x423.jpg 750w, https:\/\/atecordoba.org\/wp-content\/uploads\/2024\/05\/IMG-20240517-WA0213-1140x644.jpg 1140w\" sizes=\"auto, (max-width: 1024px) 100vw, 1024px\" \/><\/figure>\n<\/div>\n\n\n<p>En tal sentido, la delegada de ATE Lorena Soria resumi\u00f3 el planteo del personal: &#8220;las medidas de seguridad se refieren tanto al ingreso y egreso como en los puestos de trabajo, con una guardia de seguridad que verifique qu\u00e9 personas ingresan al hospital. Junto al equipo interdisciplinario y una mejora en la comunicaci\u00f3n entre Direcci\u00f3n y trabajadoras, creemos que son las medidas urgentes a tomar&#8221;.<\/p>\n\n\n\n<p><strong>Respuesta de la Direcci\u00f3n<\/strong><\/p>\n\n\n\n<p>Frente a este panorama, el doctor Ferreyra dijo que desde la administraci\u00f3n se est\u00e1 trabajando mancomunadamente con autoridades policiales correspondientes y se ha dispuestos personal policial que realizar\u00e1 adicionales. <\/p>\n\n\n<div class=\"wp-block-image\">\n<figure class=\"aligncenter size-large is-resized\"><img loading=\"lazy\" decoding=\"async\" width=\"1024\" height=\"578\" src=\"https:\/\/atecordoba.org\/wp-content\/uploads\/2024\/05\/IMG-20240517-WA0204-1-1024x578.jpg\" alt=\"\" class=\"wp-image-43482\" style=\"width:600px\" srcset=\"https:\/\/atecordoba.org\/wp-content\/uploads\/2024\/05\/IMG-20240517-WA0204-1-1024x578.jpg 1024w, https:\/\/atecordoba.org\/wp-content\/uploads\/2024\/05\/IMG-20240517-WA0204-1-300x169.jpg 300w, https:\/\/atecordoba.org\/wp-content\/uploads\/2024\/05\/IMG-20240517-WA0204-1-768x434.jpg 768w, https:\/\/atecordoba.org\/wp-content\/uploads\/2024\/05\/IMG-20240517-WA0204-1-1536x867.jpg 1536w, https:\/\/atecordoba.org\/wp-content\/uploads\/2024\/05\/IMG-20240517-WA0204-1-2048x1156.jpg 2048w, https:\/\/atecordoba.org\/wp-content\/uploads\/2024\/05\/IMG-20240517-WA0204-1-750x423.jpg 750w, https:\/\/atecordoba.org\/wp-content\/uploads\/2024\/05\/IMG-20240517-WA0204-1-1140x644.jpg 1140w\" sizes=\"auto, (max-width: 1024px) 100vw, 1024px\" \/><\/figure>\n<\/div>\n\n\n<p>Por otro lado, se le inform\u00f3 a los trabajadores que participaron de la asamblea que existe el compromiso de poner en funcionamiento y operatividad las cama de seguridad existen, y agregar aparatos t\u00e9cnicos nuevos.<\/p>\n\n\n\n<p>Al mismo tiempo, el Director se comprometi\u00f3 a evaluar la confirmaci\u00f3n de un equipo interdisciplinario para asistencia a v\u00edctimas de inseguridad.<\/p>\n\n\n\n<p>Tambi\u00e9n resolvi\u00f3 reforzar los canales de comunicaci\u00f3n con la planta trabajadora, para oficializar desde la gesti\u00f3n las cuestiones inherentes a la seguridad, con medidas que aporten al trabajo articulado y conjunto. <\/p>\n","protected":false},"excerpt":{"rendered":"<p>Frente a las situaciones de violencia que vienen sufriendo cotidianamente las trabajadoras del Hospital Pedi\u00e1trico, ATE convoc\u00f3 a una asamblea, que reclam\u00f3 a la Direcci\u00f3n del centro de salud que instrumente las medidas necesarias para salvaguardar la salud f\u00edsica y psicol\u00f3gica del personal. La asamblea le traslad\u00f3 al director H\u00e9ctor Ferreyra, presente en el lugar, [&hellip;]<\/p>\n","protected":false},"author":7,"featured_media":43480,"comment_status":"open","ping_status":"open","sticky":false,"template":"","format":"standard","meta":{"_exactmetrics_skip_tracking":false,"_exactmetrics_sitenote_active":false,"_exactmetrics_sitenote_note":"","_exactmetrics_sitenote_category":0,"jnews-multi-image_gallery":[],"jnews_single_post":{"subtitle":"\"Las medidas de seguridad se refieren tanto al ingreso y egreso como en los puestos de trabajo, con una guardia de seguridad que verifique qu\u00e9 personas ingresan al hospital. Junto al equipo interdisciplinario y una mejora en la comunicaci\u00f3n entre Direcci\u00f3n y trabajadoras, creemos que son las medidas urgentes a tomar\", se\u00f1al\u00f3 la delegada de ATE Lorena Soria.","format":"standard","video":"","gallery":"","source_name":"","source_url":"","via_name":"","via_url":"","override_template":"0","override":[{"template":"1","single_blog_custom":"","parallax":"1","fullscreen":"1","layout":"no-sidebar-narrow","sidebar":"default-sidebar","second_sidebar":"default-sidebar","sticky_sidebar":"1","share_position":"bottom","share_float_style":"share-monocrhome","show_share_counter":"1","show_view_counter":"1","show_featured":"0","show_post_meta":"1","show_post_author":"0","show_post_author_image":"1","show_post_date":"1","post_date_format":"default","post_date_format_custom":"Y\/m\/d","show_post_category":"1","show_post_reading_time":"0","post_reading_time_wpm":"300","show_zoom_button":"0","zoom_button_out_step":"2","zoom_button_in_step":"3","show_post_tag":"1","show_prev_next_post":"0","show_popup_post":"0","number_popup_post":"1","show_author_box":"0","show_post_related":"1","show_inline_post_related":"0"}],"override_image_size":"0","image_override":[{"single_post_thumbnail_size":"crop-500","single_post_gallery_size":"crop-500"}],"trending_post":"0","trending_post_position":"meta","trending_post_label":"Trending","sponsored_post":"0","sponsored_post_label":"Sponsored by","sponsored_post_name":"","sponsored_post_url":"","sponsored_post_logo_enable":"0","sponsored_post_logo":"","sponsored_post_desc":"","disable_ad":"0"},"jnews_primary_category":{"id":"","hide":""},"jnews_social_meta":{"fb_title":"","fb_description":"","fb_image":"","twitter_title":"","twitter_description":"","twitter_image":""},"jnews_review":[],"enable_review":"0","type":"percentage","name":"","summary":"","brand":"","sku":"","good":[{"good_text":""}],"bad":[{"bad_text":""}],"score_override":"0","override_value":"","rating":[{"rating_text":"","rating_number":"10"}],"price":[{"shop":"","price":"","link":"","icon":""}],"jnews_override_counter":{"override_view_counter":"0","view_counter_number":"0","override_share_counter":"0","share_counter_number":"0","override_like_counter":"0","like_counter_number":"0","override_dislike_counter":"0","dislike_counter_number":"0"},"jnews_post_split":{"enable_post_split":"0","post_split":[{"template":"1","tag":"h2","numbering":"asc","mode":"normal","first":"0","enable_toc":"0","toc_type":"normal"}]},"footnotes":""},"categories":[8],"tags":[],"class_list":["post-43471","post","type-post","status-publish","format-standard","has-post-thumbnail","hentry","category-provinciales"],"jetpack_featured_media_url":"https:\/\/atecordoba.org\/wp-content\/uploads\/2024\/05\/IMG-20240517-WA0194-scaled-e1715966183950.jpg","_links":{"self":[{"href":"https:\/\/atecordoba.org\/index.php?rest_route=\/wp\/v2\/posts\/43471","targetHints":{"allow":["GET"]}}],"collection":[{"href":"https:\/\/atecordoba.org\/index.php?rest_route=\/wp\/v2\/posts"}],"about":[{"href":"https:\/\/atecordoba.org\/index.php?rest_route=\/wp\/v2\/types\/post"}],"author":[{"embeddable":true,"href":"https:\/\/atecordoba.org\/index.php?rest_route=\/wp\/v2\/users\/7"}],"replies":[{"embeddable":true,"href":"https:\/\/atecordoba.org\/index.php?rest_route=%2Fwp%2Fv2%2Fcomments&post=43471"}],"version-history":[{"count":2,"href":"https:\/\/atecordoba.org\/index.php?rest_route=\/wp\/v2\/posts\/43471\/revisions"}],"predecessor-version":[{"id":43484,"href":"https:\/\/atecordoba.org\/index.php?rest_route=\/wp\/v2\/posts\/43471\/revisions\/43484"}],"wp:featuredmedia":[{"embeddable":true,"href":"https:\/\/atecordoba.org\/index.php?rest_route=\/wp\/v2\/media\/43480"}],"wp:attachment":[{"href":"https:\/\/atecordoba.org\/index.php?rest_route=%2Fwp%2Fv2%2Fmedia&parent=43471"}],"wp:term":[{"taxonomy":"category","embeddable":true,"href":"https:\/\/atecordoba.org\/index.php?rest_route=%2Fwp%2Fv2%2Fcategories&post=43471"},{"taxonomy":"post_tag","embeddable":true,"href":"https:\/\/atecordoba.org\/index.php?rest_route=%2Fwp%2Fv2%2Ftags&post=43471"}],"curies":[{"name":"wp","href":"https:\/\/api.w.org\/{rel}","templated":true}]}}