{"id":43466,"date":"2024-05-17T10:37:53","date_gmt":"2024-05-17T13:37:53","guid":{"rendered":"https:\/\/atecordoba.org\/?p=43466"},"modified":"2024-05-17T10:37:54","modified_gmt":"2024-05-17T13:37:54","slug":"ate-moviliza-el-lunes-por-mejoras-en-jubilaciones-y-salarios-en-la-provincia-por-la-derogacion-de-la-ley-10694","status":"publish","type":"post","link":"https:\/\/atecordoba.org\/?p=43466","title":{"rendered":"ATE moviliza el lunes por mejoras en jubilaciones y salarios en la Provincia, por la derogaci\u00f3n de la ley 10694"},"content":{"rendered":"<div class=\"wp-block-image\">\n<figure class=\"aligncenter size-large is-resized\"><img loading=\"lazy\" decoding=\"async\" width=\"1024\" height=\"1024\" src=\"https:\/\/atecordoba.org\/wp-content\/uploads\/2024\/05\/flyer-protesta-20-5-24-1024x1024.jpg\" alt=\"\" class=\"wp-image-43467\" style=\"width:600px\" srcset=\"https:\/\/atecordoba.org\/wp-content\/uploads\/2024\/05\/flyer-protesta-20-5-24-1024x1024.jpg 1024w, https:\/\/atecordoba.org\/wp-content\/uploads\/2024\/05\/flyer-protesta-20-5-24-300x300.jpg 300w, https:\/\/atecordoba.org\/wp-content\/uploads\/2024\/05\/flyer-protesta-20-5-24-150x150.jpg 150w, https:\/\/atecordoba.org\/wp-content\/uploads\/2024\/05\/flyer-protesta-20-5-24-768x768.jpg 768w, https:\/\/atecordoba.org\/wp-content\/uploads\/2024\/05\/flyer-protesta-20-5-24-560x560.jpg 560w, https:\/\/atecordoba.org\/wp-content\/uploads\/2024\/05\/flyer-protesta-20-5-24-75x75.jpg 75w, https:\/\/atecordoba.org\/wp-content\/uploads\/2024\/05\/flyer-protesta-20-5-24-350x350.jpg 350w, https:\/\/atecordoba.org\/wp-content\/uploads\/2024\/05\/flyer-protesta-20-5-24-750x750.jpg 750w, https:\/\/atecordoba.org\/wp-content\/uploads\/2024\/05\/flyer-protesta-20-5-24.jpg 1080w\" sizes=\"auto, (max-width: 1024px) 100vw, 1024px\" \/><\/figure>\n<\/div>\n\n\n<p>Se cumplen este mes cuatro a\u00f1os de la sanci\u00f3n de la ley 10694, aprobada en plena pandemia, que arras\u00f3 con los derechos previsionales duramente conquistados por el movimiento obrero cordob\u00e9s, durante el \u00faltimo gobierno de Juan Schiaretti.<\/p>\n\n\n\n<p>En ese marco, el Consejo Directivo Provincial (CDP) de ATE llama a movilizar el pr\u00f3ximo lunes 20 de mayo, en el marco de una Jornada y Acci\u00f3n de Lucha provincial, en reclamo de la recuperaci\u00f3n del 82% m\u00f3vil para las y los jubilados provinciales, cuyos salarios fueron podados sucesivamente a lo largo de los distintos mandatos del cordobesismo.<\/p>\n\n\n\n<p>La lucha de las y los pasivos va de la mano del necesario aumento salarial para las y los trabajadores provinciales, educadores e integrantes del sistema de salud, cuyos ingresos vienen siendo degradados abruptamente desde diciembre a esta parte. <\/p>\n\n\n\n<p>La convocatoria es entonces este lunes 20 de mayo, a las 10.30 horas, en Maip\u00fa 30, sede de la UEPC Capital. <\/p>\n\n\n\n<p>No queremos ser m\u00e1s pobres ni indigentes. Por aumento salarial real y urgente. <\/p>\n","protected":false},"excerpt":{"rendered":"<p>Se cumplen este mes cuatro a\u00f1os de la sanci\u00f3n de la ley 10694, aprobada en plena pandemia, que arras\u00f3 con los derechos previsionales duramente conquistados por el movimiento obrero cordob\u00e9s, durante el \u00faltimo gobierno de Juan Schiaretti. En ese marco, el Consejo Directivo Provincial (CDP) de ATE llama a movilizar el pr\u00f3ximo lunes 20 de [&hellip;]<\/p>\n","protected":false},"author":7,"featured_media":43468,"comment_status":"open","ping_status":"open","sticky":false,"template":"","format":"standard","meta":{"_exactmetrics_skip_tracking":false,"_exactmetrics_sitenote_active":false,"_exactmetrics_sitenote_note":"","_exactmetrics_sitenote_category":0,"jnews-multi-image_gallery":[],"jnews_single_post":{"subtitle":"La convocatoria es el 20 de mayo, a las 10.30 horas, en Maip\u00fa 30, sede de la UEPC Capital. ","format":"standard","video":"","gallery":"","source_name":"","source_url":"","via_name":"","via_url":"","override_template":"0","override":[{"template":"1","single_blog_custom":"","parallax":"1","fullscreen":"1","layout":"no-sidebar-narrow","sidebar":"default-sidebar","second_sidebar":"default-sidebar","sticky_sidebar":"1","share_position":"bottom","share_float_style":"share-monocrhome","show_share_counter":"1","show_view_counter":"1","show_featured":"0","show_post_meta":"1","show_post_author":"0","show_post_author_image":"1","show_post_date":"1","post_date_format":"default","post_date_format_custom":"Y\/m\/d","show_post_category":"1","show_post_reading_time":"0","post_reading_time_wpm":"300","show_zoom_button":"0","zoom_button_out_step":"2","zoom_button_in_step":"3","show_post_tag":"1","show_prev_next_post":"0","show_popup_post":"0","number_popup_post":"1","show_author_box":"0","show_post_related":"1","show_inline_post_related":"0"}],"override_image_size":"0","image_override":[{"single_post_thumbnail_size":"crop-500","single_post_gallery_size":"crop-500"}],"trending_post":"0","trending_post_position":"meta","trending_post_label":"Trending","sponsored_post":"0","sponsored_post_label":"Sponsored by","sponsored_post_name":"","sponsored_post_url":"","sponsored_post_logo_enable":"0","sponsored_post_logo":"","sponsored_post_desc":"","disable_ad":"0"},"jnews_primary_category":{"id":"","hide":""},"jnews_social_meta":{"fb_title":"","fb_description":"","fb_image":"","twitter_title":"","twitter_description":"","twitter_image":""},"jnews_review":[],"enable_review":"0","type":"percentage","name":"","summary":"","brand":"","sku":"","good":[{"good_text":""}],"bad":[{"bad_text":""}],"score_override":"0","override_value":"","rating":[{"rating_text":"","rating_number":"10"}],"price":[{"shop":"","price":"","link":"","icon":""}],"jnews_override_counter":{"override_view_counter":"0","view_counter_number":"0","override_share_counter":"0","share_counter_number":"0","override_like_counter":"0","like_counter_number":"0","override_dislike_counter":"0","dislike_counter_number":"0"},"jnews_post_split":{"enable_post_split":"0","post_split":[{"template":"1","tag":"h2","numbering":"asc","mode":"normal","first":"0","enable_toc":"0","toc_type":"normal"}]},"footnotes":""},"categories":[8],"tags":[],"class_list":["post-43466","post","type-post","status-publish","format-standard","has-post-thumbnail","hentry","category-provinciales"],"jetpack_featured_media_url":"https:\/\/atecordoba.org\/wp-content\/uploads\/2024\/05\/flyerprotesta20524portada-e1715953032522.jpg","_links":{"self":[{"href":"https:\/\/atecordoba.org\/index.php?rest_route=\/wp\/v2\/posts\/43466","targetHints":{"allow":["GET"]}}],"collection":[{"href":"https:\/\/atecordoba.org\/index.php?rest_route=\/wp\/v2\/posts"}],"about":[{"href":"https:\/\/atecordoba.org\/index.php?rest_route=\/wp\/v2\/types\/post"}],"author":[{"embeddable":true,"href":"https:\/\/atecordoba.org\/index.php?rest_route=\/wp\/v2\/users\/7"}],"replies":[{"embeddable":true,"href":"https:\/\/atecordoba.org\/index.php?rest_route=%2Fwp%2Fv2%2Fcomments&post=43466"}],"version-history":[{"count":1,"href":"https:\/\/atecordoba.org\/index.php?rest_route=\/wp\/v2\/posts\/43466\/revisions"}],"predecessor-version":[{"id":43469,"href":"https:\/\/atecordoba.org\/index.php?rest_route=\/wp\/v2\/posts\/43466\/revisions\/43469"}],"wp:featuredmedia":[{"embeddable":true,"href":"https:\/\/atecordoba.org\/index.php?rest_route=\/wp\/v2\/media\/43468"}],"wp:attachment":[{"href":"https:\/\/atecordoba.org\/index.php?rest_route=%2Fwp%2Fv2%2Fmedia&parent=43466"}],"wp:term":[{"taxonomy":"category","embeddable":true,"href":"https:\/\/atecordoba.org\/index.php?rest_route=%2Fwp%2Fv2%2Fcategories&post=43466"},{"taxonomy":"post_tag","embeddable":true,"href":"https:\/\/atecordoba.org\/index.php?rest_route=%2Fwp%2Fv2%2Ftags&post=43466"}],"curies":[{"name":"wp","href":"https:\/\/api.w.org\/{rel}","templated":true}]}}