{"id":4346,"date":"2014-07-28T19:39:19","date_gmt":"2014-07-28T22:39:19","guid":{"rendered":"http:\/\/www.atecordoba.org\/?p=4346"},"modified":"2014-07-28T19:39:19","modified_gmt":"2014-07-28T22:39:19","slug":"ate-sigue-creciendo-en-organizacion-nuevo-local-en-unquillo","status":"publish","type":"post","link":"https:\/\/atecordoba.org\/?p=4346","title":{"rendered":"ATE sigue creciendo en organizaci\u00f3n. Nuevo local en Unquillo"},"content":{"rendered":"<p><em>El viernes 25 de julio se llevo a cabo la esperada inauguraci\u00f3n de nuevo local de nuestro gremio en la localidad de Unquillo. ATE viene creciendo en afiliaciones y organizaci\u00f3n en la ciudad a partir de trabajo gremial realizado en la municipalidad, aunque la perspectiva es sumar a los trabajadores provinciales y nacionales de las reparticiones que se encuentran en el corredor Sierras Chicas.<\/em><\/p>\n<p><a href=\"http:\/\/www.atecordoba.org\/wp-content\/uploads\/2014\/07\/IMG_6674.jpg\"><img loading=\"lazy\" decoding=\"async\" class=\"aligncenter size-full wp-image-4359\" alt=\"IMG_6674\" src=\"http:\/\/www.atecordoba.org\/wp-content\/uploads\/2014\/07\/IMG_6674.jpg\" width=\"640\" height=\"480\" \/><\/a><\/p>\n<p>La inauguraci\u00f3n del local, ubicado en calle Juan XXIII 90, cont\u00f3 con la presencia de nuestro secretario Adjunto, Oscar Cacho Mengarelli, el cro Claudio Ar\u00e9valo, integrante de la conducci\u00f3n nacional de ATE, Leonardo V\u00e1zquez, de la juventud de ATE, el secretario de Interior, Luis Barcena, \u00a0el progremial, Diego Guerra y dem\u00e1s integrantes del CDP, junto a nuestra asesora letrada Mar\u00eda Terragno.<\/p>\n<p>Se cont\u00f3 con los cros municipales Sergio y Rub\u00e9n Lujan, N\u00e9stor Rodr\u00edguez, Liliana Icoff, Evagelina Blanco, Juan Lascano (h), Patricia Oyenhart, Jos\u00e9 Molina, Jos\u00e9 Marcos, Mabel Gjurkan, Gladys Boronat, entre otros compa\u00f1eros unquillenses que acompa\u00f1aron al cuerpo de delegados municipales integrado por Miguel Sergio Rodriguez, Juan Angel Lascano, Mar\u00eda del Carmen Franco, Antonio Aredes, Miriam Britos y Alejandro Murua. Tambi\u00e9n estuvieron la licenciada Screberg, del Ministerio de Salud provincial, y el jubilado H\u00e9ctor Luna.<\/p>\n<p>La presentaci\u00f3n del local tambi\u00e9n recibi\u00f3 la visita de la secretaria de Finanzas del municipio unquillense, Marisa Dasso, los concejales Leandro Bernasconi y Gustavo Alvaraz, \u00a0y miembros del Tribunal de Cuentas, como Walter Rodriguez y Fabian Perez.<\/p>\n<p><a href=\"http:\/\/www.atecordoba.org\/wp-content\/uploads\/2014\/07\/IMG_6676.jpg\"><img loading=\"lazy\" decoding=\"async\" class=\" wp-image-4348 alignleft\" alt=\"IMG_6676\" src=\"http:\/\/www.atecordoba.org\/wp-content\/uploads\/2014\/07\/IMG_6676.jpg\" width=\"384\" height=\"288\" \/><\/a><\/p>\n<p>Desde hace dos a\u00f1os ATE viene creciendo en la localidad serrana.\u00a0En la actualidad, es el n\u00facleo de afiliados municipales la base de nuestra organizaci\u00f3n, pero ya se incorporaron afiliados del hospital provincial J.M.Urrutia y de las delegaciones de PAMI de Unquillo y R\u00edo Ceballos.<\/p>\n<p>A la hora de las palabras, el delegado Alejandro Murua agradeci\u00f3 el acompa\u00f1amiento de los presentes e hizo una referencia de porque naci\u00f3 ATE en Unquillo: &#8220;necesit\u00e1bamos un gremio fuerte que fuera consecuente con la defensa de los derechos de los compa\u00f1eros y no usufructuara de nuestro trabajo, como hacen otros gremios. ATE fue la puerta que se nos abri\u00f3 para encausar esta nueva experiencia y buscar soluciones a las necesidades de los trabajadores. En ese marco, el sindicato nos facilit\u00f3 capacitaci\u00f3n a muchos compa\u00f1eros para encarar la acci\u00f3n gremial ya que la mayor\u00eda no ten\u00edan experiencia en la materia&#8221;.<\/p>\n<p>El delegado tambi\u00e9n refiri\u00f3 a los objetivos de la delegaci\u00f3n Unquillo al se\u00f1alar que &#8220;no solo estamos para los municipales sino que hay que trabajar la representaci\u00f3n de los tres niveles del Estado en el corredor de Sierras Chicas&#8221;. Acto seguido agradeci\u00f3 la confianza depositada por sus compa\u00f1eros ya que tom\u00f3 la posta en la presidencia de la Junta Interna, ante la convalecencia post operatoria que vive el cro secretario General Miguel Rodriguez.\u00a0Tambi\u00e9n agradeci\u00f3 al ejecutivo municipal &#8220;por haber atendido que la cuota sindical es un derecho adquirido de cada uno de los afiliados de ATE&#8221;.<\/p>\n<p>Posteriormente, Oscar Mengarelli se dirigi\u00f3 a la concurrencia, haciendo referencia a la militancia gremial y la m\u00edstica de ATE. &#8220;El orgullo de pertenecer a un gremio que se mantiene firme en sus convicciones con el paso de los a\u00f1os es lo que impregna a las nuevas generaciones de militantes. Aquellos que tomar\u00e1n la posta cuando las actuales conducciones se renueven&#8221;, afirm\u00f3.<a href=\"http:\/\/www.atecordoba.org\/wp-content\/uploads\/2014\/07\/IMG_6678.jpg\"><img loading=\"lazy\" decoding=\"async\" class=\" wp-image-4349 alignright\" alt=\"IMG_6678\" src=\"http:\/\/www.atecordoba.org\/wp-content\/uploads\/2014\/07\/IMG_6678.jpg\" width=\"384\" height=\"288\" \/><\/a><\/p>\n<p>Luis Barcena hizo referencia, en su discurso, a \u00a0la necesidad de profundizar la organizaci\u00f3n, destacando que la vida interna de nuestro gremio permite el disenso. &#8220;No importa el origen pol\u00edtico de cada afiliado ni que simpat\u00eda tenga, estamos todos juntos siempre que se priorice la defensa de los derechos de los trabajadores&#8221;.<\/p>\n<p>A su turno el cro Claudio Ar\u00e9valo resalt\u00f3 la importancia del proyecto que realiz\u00f3 el CDN para equiparar el salario de los municipales de todo el pa\u00eds en un piso \u00fanico que iguales el salario m\u00ednimo vital y m\u00f3vil, para aquellos que se encuentran por debajo del mismo.<\/p>\n<p>Por su parte, el cro LeonardoVazquez coment\u00f3 sobre el \u201cEncuentro de Cultura Viva Comunitaria\u201d, a realizarse entre el 21 y\u00a024 de noviembre en Unquillo.<\/p>\n<p>Por ultimo, Diego Guerra explic\u00f3 al necesidad de que las asambleas de los distintos sectores sean los \u00f3rganos desde donde parta la pol\u00edtica de nuestro gremio. &#8220;En ATE decide la asamblea&#8221;, destac\u00f3.<\/p>\n<p>Vale se\u00f1alar que durante el acto recibimos el saludo protocolar de la secretaria General del Sindicato del Personal de Amas de Casa (Sinpecaf), N\u00e9lida Sosa, que realiz\u00f3 su asesor letrado H\u00e9ctor Caballero.<\/p>\n<p>Finalizado el acto se los compa\u00f1eros compartieron una picada, con la alegr\u00eda de saber que ATE va pro el camino correcto, creciendo en representaci\u00f3n de los trabajadores a lo largo y ancho del territorio provincial.<\/p>\n<p style=\"text-align: center;\"><a href=\"http:\/\/www.atecordoba.org\/wp-content\/uploads\/2014\/07\/IMG_6677.jpg\"><img loading=\"lazy\" decoding=\"async\" class=\"aligncenter  wp-image-4351\" alt=\"IMG_6677\" src=\"http:\/\/www.atecordoba.org\/wp-content\/uploads\/2014\/07\/IMG_6677.jpg\" width=\"512\" height=\"384\" \/><\/a><\/p>\n<p style=\"text-align: center;\">\u00a0<a href=\"http:\/\/www.atecordoba.org\/wp-content\/uploads\/2014\/07\/claudio-arevalo.jpg\"><img loading=\"lazy\" decoding=\"async\" class=\"aligncenter  wp-image-4350\" alt=\"claudio arevalo\" src=\"http:\/\/www.atecordoba.org\/wp-content\/uploads\/2014\/07\/claudio-arevalo.jpg\" width=\"516\" height=\"387\" \/><\/a><\/p>\n","protected":false},"excerpt":{"rendered":"<p>El viernes 25 de julio se llevo a cabo la esperada inauguraci\u00f3n de nuevo local de nuestro gremio en la localidad de Unquillo. ATE viene creciendo en afiliaciones y organizaci\u00f3n en la ciudad a partir de trabajo gremial realizado en la municipalidad, aunque la perspectiva es sumar a los trabajadores provinciales y nacionales de las [&hellip;]<\/p>\n","protected":false},"author":1,"featured_media":19220,"comment_status":"open","ping_status":"open","sticky":false,"template":"","format":"standard","meta":{"_exactmetrics_skip_tracking":false,"_exactmetrics_sitenote_active":false,"_exactmetrics_sitenote_note":"","_exactmetrics_sitenote_category":0,"jnews-multi-image_gallery":[],"jnews_single_post":[],"jnews_primary_category":[],"jnews_social_meta":[],"jnews_review":[],"enable_review":"","type":"","name":"","summary":"","brand":"","sku":"","good":[],"bad":[],"score_override":"","override_value":"","rating":[],"price":[],"jnews_override_counter":[],"jnews_post_split":[],"footnotes":""},"categories":[20],"tags":[],"class_list":["post-4346","post","type-post","status-publish","format-standard","has-post-thumbnail","hentry","category-municipales"],"jetpack_featured_media_url":"https:\/\/atecordoba.org\/wp-content\/uploads\/2020\/05\/logo-nuevochico-e1561581322808.png","_links":{"self":[{"href":"https:\/\/atecordoba.org\/index.php?rest_route=\/wp\/v2\/posts\/4346","targetHints":{"allow":["GET"]}}],"collection":[{"href":"https:\/\/atecordoba.org\/index.php?rest_route=\/wp\/v2\/posts"}],"about":[{"href":"https:\/\/atecordoba.org\/index.php?rest_route=\/wp\/v2\/types\/post"}],"author":[{"embeddable":true,"href":"https:\/\/atecordoba.org\/index.php?rest_route=\/wp\/v2\/users\/1"}],"replies":[{"embeddable":true,"href":"https:\/\/atecordoba.org\/index.php?rest_route=%2Fwp%2Fv2%2Fcomments&post=4346"}],"version-history":[{"count":0,"href":"https:\/\/atecordoba.org\/index.php?rest_route=\/wp\/v2\/posts\/4346\/revisions"}],"wp:featuredmedia":[{"embeddable":true,"href":"https:\/\/atecordoba.org\/index.php?rest_route=\/wp\/v2\/media\/19220"}],"wp:attachment":[{"href":"https:\/\/atecordoba.org\/index.php?rest_route=%2Fwp%2Fv2%2Fmedia&parent=4346"}],"wp:term":[{"taxonomy":"category","embeddable":true,"href":"https:\/\/atecordoba.org\/index.php?rest_route=%2Fwp%2Fv2%2Fcategories&post=4346"},{"taxonomy":"post_tag","embeddable":true,"href":"https:\/\/atecordoba.org\/index.php?rest_route=%2Fwp%2Fv2%2Ftags&post=4346"}],"curies":[{"name":"wp","href":"https:\/\/api.w.org\/{rel}","templated":true}]}}