{"id":43436,"date":"2024-05-16T11:18:06","date_gmt":"2024-05-16T14:18:06","guid":{"rendered":"https:\/\/atecordoba.org\/?p=43436"},"modified":"2024-05-16T11:18:06","modified_gmt":"2024-05-16T14:18:06","slug":"apross-llaryora-traslada-el-ajuste-a-las-y-los-afiliados","status":"publish","type":"post","link":"https:\/\/atecordoba.org\/?p=43436","title":{"rendered":"APROSS: Llaryora traslada el ajuste a las y los afiliados"},"content":{"rendered":"<div class=\"wp-block-image\">\n<figure class=\"aligncenter size-full is-resized\"><img decoding=\"async\" src=\"https:\/\/atecordoba.org\/wp-content\/uploads\/2024\/05\/apross.jpg\" alt=\"\" class=\"wp-image-43437\" style=\"width:600px\" \/><\/figure>\n<\/div>\n\n\n<p>El Consejo Directivo Provincial de ATE C\u00f3rdoba rechaza la imposici\u00f3n del cobro de un copago generalizado a las y los afiliados de la &nbsp;Administraci\u00f3n Provincial de Seguridad Social (APROSS) que resolvi\u00f3 el gobernador Mart\u00edn Llaryora a partir de julio pr\u00f3ximo, que inform\u00f3 el Bolet\u00edn Oficial de la provincia esta ma\u00f1ana.<\/p>\n\n\n\n<p>Se trata de un pago extra para acceder a las prestaciones de la obra social provincial, producto de trasladar a las y los beneficiarios el ajuste que el Gobierno de Javier Milei realiza en el &nbsp;conjunto del sistema de salud.<\/p>\n\n\n\n<p>Las y los trabajadores provinciales se ven as\u00ed rehenes de la pol\u00edtica de acuerdos estructurales con Milei que Llaryora proclama a los cuatro vientos, y que tiene su expresi\u00f3n m\u00e1s palpable en el reclamo del Gobernador para que se firme en C\u00f3rdoba el llamado Pacto de Mayo.<\/p>\n\n\n<div class=\"wp-block-image\">\n<figure class=\"aligncenter size-full is-resized\"><img loading=\"lazy\" decoding=\"async\" width=\"820\" height=\"483\" src=\"https:\/\/atecordoba.org\/wp-content\/uploads\/2024\/05\/aprssoboletin.jpg\" alt=\"\" class=\"wp-image-43438\" style=\"width:600px\" srcset=\"https:\/\/atecordoba.org\/wp-content\/uploads\/2024\/05\/aprssoboletin.jpg 820w, https:\/\/atecordoba.org\/wp-content\/uploads\/2024\/05\/aprssoboletin-300x177.jpg 300w, https:\/\/atecordoba.org\/wp-content\/uploads\/2024\/05\/aprssoboletin-768x452.jpg 768w, https:\/\/atecordoba.org\/wp-content\/uploads\/2024\/05\/aprssoboletin-750x442.jpg 750w\" sizes=\"auto, (max-width: 820px) 100vw, 820px\" \/><\/figure>\n<\/div>\n\n\n<p>De esta forma, en vez de defender los intereses y derechos de las y los trabajadores provinciales, Llaryora exprime los ya destruidos ingresos de la poblaci\u00f3n que tiene en la APROSS su \u00fanica forma de acceder al sistema sanitario.<\/p>\n\n\n\n<p>As\u00ed, empuja a las y los beneficiarios a que atenderse en los hospitales provinciales que, a su vez, tambi\u00e9n sufren un brutal ajuste en sus prestaciones.<\/p>\n\n\n\n<p>La falta de empat\u00eda antes decenas de miles de provinciales que cobran salarios por debajo de la l\u00ednea de la pobreza, con casos donde se cae bajo la l\u00ednea de la indigencia, es una marca que ser\u00e1 recordada por las y los cordobeses.<\/p>\n\n\n\n<p>ATE insta al Gobierno de C\u00f3rdoba a buscar en los sectores pudientes los recursos necesarios para cubrir el funcionamiento de la APROSS en vez de saquear los salarios de las y los trabajadores a su cargo.<\/p>\n","protected":false},"excerpt":{"rendered":"<p>El Consejo Directivo Provincial de ATE C\u00f3rdoba rechaza la imposici\u00f3n del cobro de un copago generalizado a las y los afiliados de la &nbsp;Administraci\u00f3n Provincial de Seguridad Social (APROSS) que resolvi\u00f3 el gobernador Mart\u00edn Llaryora a partir de julio pr\u00f3ximo, que inform\u00f3 el Bolet\u00edn Oficial de la provincia esta ma\u00f1ana. Se trata de un pago [&hellip;]<\/p>\n","protected":false},"author":7,"featured_media":43437,"comment_status":"open","ping_status":"open","sticky":false,"template":"","format":"standard","meta":{"_exactmetrics_skip_tracking":false,"_exactmetrics_sitenote_active":false,"_exactmetrics_sitenote_note":"","_exactmetrics_sitenote_category":0,"jnews-multi-image_gallery":[],"jnews_single_post":{"subtitle":"Las y los trabajadores provinciales se ven as\u00ed rehenes de la pol\u00edtica de acuerdos estructurales con Milei que Llaryora proclama a los cuatro vientos, y que tiene su expresi\u00f3n m\u00e1s palpable en el reclamo del Gobernador para que se firme en C\u00f3rdoba el llamado Pacto de Mayo.","format":"standard","video":"","gallery":"","source_name":"","source_url":"","via_name":"","via_url":"","override_template":"0","override":[{"template":"1","single_blog_custom":"","parallax":"1","fullscreen":"1","layout":"no-sidebar-narrow","sidebar":"default-sidebar","second_sidebar":"default-sidebar","sticky_sidebar":"1","share_position":"bottom","share_float_style":"share-monocrhome","show_share_counter":"1","show_view_counter":"1","show_featured":"0","show_post_meta":"1","show_post_author":"0","show_post_author_image":"1","show_post_date":"1","post_date_format":"default","post_date_format_custom":"Y\/m\/d","show_post_category":"1","show_post_reading_time":"0","post_reading_time_wpm":"300","show_zoom_button":"0","zoom_button_out_step":"2","zoom_button_in_step":"3","show_post_tag":"1","show_prev_next_post":"0","show_popup_post":"0","number_popup_post":"1","show_author_box":"0","show_post_related":"1","show_inline_post_related":"0"}],"override_image_size":"0","image_override":[{"single_post_thumbnail_size":"crop-500","single_post_gallery_size":"crop-500"}],"trending_post":"0","trending_post_position":"meta","trending_post_label":"Trending","sponsored_post":"0","sponsored_post_label":"Sponsored by","sponsored_post_name":"","sponsored_post_url":"","sponsored_post_logo_enable":"0","sponsored_post_logo":"","sponsored_post_desc":"","disable_ad":"0"},"jnews_primary_category":{"id":"","hide":""},"jnews_social_meta":{"fb_title":"","fb_description":"","fb_image":"","twitter_title":"","twitter_description":"","twitter_image":""},"jnews_review":[],"enable_review":"0","type":"percentage","name":"","summary":"","brand":"","sku":"","good":[{"good_text":""}],"bad":[{"bad_text":""}],"score_override":"0","override_value":"","rating":[{"rating_text":"","rating_number":"10"}],"price":[{"shop":"","price":"","link":"","icon":""}],"jnews_override_counter":{"override_view_counter":"0","view_counter_number":"0","override_share_counter":"0","share_counter_number":"0","override_like_counter":"0","like_counter_number":"0","override_dislike_counter":"0","dislike_counter_number":"0"},"jnews_post_split":{"enable_post_split":"0","post_split":[{"template":"1","tag":"h2","numbering":"asc","mode":"normal","first":"0","enable_toc":"0","toc_type":"normal"}]},"footnotes":""},"categories":[8],"tags":[],"class_list":["post-43436","post","type-post","status-publish","format-standard","has-post-thumbnail","hentry","category-provinciales"],"jetpack_featured_media_url":"https:\/\/atecordoba.org\/wp-content\/uploads\/2024\/05\/apross-e1715867318846.jpg","_links":{"self":[{"href":"https:\/\/atecordoba.org\/index.php?rest_route=\/wp\/v2\/posts\/43436","targetHints":{"allow":["GET"]}}],"collection":[{"href":"https:\/\/atecordoba.org\/index.php?rest_route=\/wp\/v2\/posts"}],"about":[{"href":"https:\/\/atecordoba.org\/index.php?rest_route=\/wp\/v2\/types\/post"}],"author":[{"embeddable":true,"href":"https:\/\/atecordoba.org\/index.php?rest_route=\/wp\/v2\/users\/7"}],"replies":[{"embeddable":true,"href":"https:\/\/atecordoba.org\/index.php?rest_route=%2Fwp%2Fv2%2Fcomments&post=43436"}],"version-history":[{"count":1,"href":"https:\/\/atecordoba.org\/index.php?rest_route=\/wp\/v2\/posts\/43436\/revisions"}],"predecessor-version":[{"id":43439,"href":"https:\/\/atecordoba.org\/index.php?rest_route=\/wp\/v2\/posts\/43436\/revisions\/43439"}],"wp:featuredmedia":[{"embeddable":true,"href":"https:\/\/atecordoba.org\/index.php?rest_route=\/wp\/v2\/media\/43437"}],"wp:attachment":[{"href":"https:\/\/atecordoba.org\/index.php?rest_route=%2Fwp%2Fv2%2Fmedia&parent=43436"}],"wp:term":[{"taxonomy":"category","embeddable":true,"href":"https:\/\/atecordoba.org\/index.php?rest_route=%2Fwp%2Fv2%2Fcategories&post=43436"},{"taxonomy":"post_tag","embeddable":true,"href":"https:\/\/atecordoba.org\/index.php?rest_route=%2Fwp%2Fv2%2Ftags&post=43436"}],"curies":[{"name":"wp","href":"https:\/\/api.w.org\/{rel}","templated":true}]}}