{"id":43416,"date":"2024-05-15T10:41:34","date_gmt":"2024-05-15T13:41:34","guid":{"rendered":"https:\/\/atecordoba.org\/?p=43416"},"modified":"2024-05-15T11:01:20","modified_gmt":"2024-05-15T14:01:20","slug":"ate-se-reunio-con-el-ministro-dellarossa-para-tratar-el-vaciamiento-de-organismos-de-ciencia-y-tecnica-nacionales-en-cordoba","status":"publish","type":"post","link":"https:\/\/atecordoba.org\/?p=43416","title":{"rendered":"ATE se reuni\u00f3 con el ministro Dellarossa para tratar el vaciamiento de organismos de Ciencia y T\u00e9cnica nacionales en C\u00f3rdoba"},"content":{"rendered":"<div class=\"wp-block-image\">\n<figure class=\"aligncenter size-large is-resized\"><img loading=\"lazy\" decoding=\"async\" width=\"1024\" height=\"576\" src=\"https:\/\/atecordoba.org\/wp-content\/uploads\/2024\/05\/con-pedro-delarossa-1024x576.jpg\" alt=\"\" class=\"wp-image-43418\" style=\"width:600px\" srcset=\"https:\/\/atecordoba.org\/wp-content\/uploads\/2024\/05\/con-pedro-delarossa-1024x576.jpg 1024w, https:\/\/atecordoba.org\/wp-content\/uploads\/2024\/05\/con-pedro-delarossa-300x169.jpg 300w, https:\/\/atecordoba.org\/wp-content\/uploads\/2024\/05\/con-pedro-delarossa-768x432.jpg 768w, https:\/\/atecordoba.org\/wp-content\/uploads\/2024\/05\/con-pedro-delarossa-750x422.jpg 750w, https:\/\/atecordoba.org\/wp-content\/uploads\/2024\/05\/con-pedro-delarossa.jpg 1032w\" sizes=\"auto, (max-width: 1024px) 100vw, 1024px\" \/><\/figure>\n<\/div>\n\n\n<p>En una audiencia llevada a cabo esta ma\u00f1ana en el Ministerio de Producci\u00f3n, Ciencia e Innovaci\u00f3n Tecnol\u00f3gica,  ATE traslad\u00f3 al Gobierno de C\u00f3rdoba la preocupaci\u00f3n de las y los estatales por el vaciamiento brutal que est\u00e1n sufriendo los organismos de ciencia, t\u00e9cnica e industria para la defensa, debido al torniquete presupuestario que aplica el Gobierno de Javier Milei, que est\u00e1 acompa\u00f1ado por despidos, jubilaciones anticipadas y retiros voluntarios que est\u00e1n raleando de personal especializado estas \u00e1reas del Estado.<\/p>\n\n\n\n<p>Adem\u00e1s nuestra organizaci\u00f3n plante\u00f3 que la falta de un plan de desarrollo y de la continuidad de los proyectos que ven\u00edan en marcha suponen un serio riesgo para el sistema productivo cordob\u00e9s, dada la implicancia que posee el ecosistema econ\u00f3mico industrial y tecnol\u00f3gico estatal en la provincia con el resto de los sistemas productivos. <\/p>\n\n\n\n<p>El Ministro Pedro Pedro Dellarossa y secretario de Ciencia y Tecnolog\u00eda Gabriel Raya Tonetti, recibieron a la comitiva de ATE compuesta por el secretario Gremial, Jorge Chalup, su par de DDHH, C\u00e9sar Theaux, de Acci\u00f3n Pol\u00edtica, Alejandra Agnone, y de Organizaci\u00f3n, Javier Bracamonte.<\/p>\n\n\n\n<p>A la salida de la reuni\u00f3n, Theaux resumi\u00f3 lo abordado se\u00f1alando que el ministro Dellarossa el compromiso del Gobierno de C\u00f3rdoba &#8220;en salvar todas las instituciones de ciencia y tecnolog\u00eda, aportando los recursos necesarios para el sostenimiento de la investigaci\u00f3n en C\u00f3rdoba&#8221;.<\/p>\n\n\n\n<p>&#8220;Dicen que van a ayudar con fondos a la Universidad Nacional, el CONICET y aquellos sectores que tienen en riesgo su funcionamiento. Tambi\u00e9n adelant\u00f3 inversiones oficiales en el Instituto Ferreyra&#8221;, concluy\u00f3 el dirigente.<\/p>\n\n\n\n<p><strong>Informe de ATE sobre los organismos nacionales de Ciencia y T\u00e9cnica<\/strong><\/p>\n\n\n<a href=\"https:\/\/atecordoba.org\/wp-content\/uploads\/2024\/05\/informe-ciencia-y-tecnica_ministerio-de-industria.pdf\" class=\"pdfemb-viewer\" style=\"\" data-width=\"max\" data-height=\"max\" data-toolbar=\"bottom\" data-toolbar-fixed=\"off\">informe-ciencia-y-tecnica_ministerio-de-industria<\/a>","protected":false},"excerpt":{"rendered":"<p>En una audiencia llevada a cabo esta ma\u00f1ana en el Ministerio de Producci\u00f3n, Ciencia e Innovaci\u00f3n Tecnol\u00f3gica, ATE traslad\u00f3 al Gobierno de C\u00f3rdoba la preocupaci\u00f3n de las y los estatales por el vaciamiento brutal que est\u00e1n sufriendo los organismos de ciencia, t\u00e9cnica e industria para la defensa, debido al torniquete presupuestario que aplica el Gobierno [&hellip;]<\/p>\n","protected":false},"author":7,"featured_media":43418,"comment_status":"open","ping_status":"open","sticky":false,"template":"","format":"standard","meta":{"_exactmetrics_skip_tracking":false,"_exactmetrics_sitenote_active":false,"_exactmetrics_sitenote_note":"","_exactmetrics_sitenote_category":0,"jnews-multi-image_gallery":[],"jnews_single_post":{"subtitle":"Entre otros puntos, nuestra organizaci\u00f3n plante\u00f3 que la falta de un plan de desarrollo y de la continuidad de los proyectos que ven\u00edan en marcha suponen un serio riesgo para el sistema productivo cordob\u00e9s, dada la implicancia que posee el ecosistema econ\u00f3mico industrial y tecnol\u00f3gico estatal en la provincia con el resto de los sistemas productivos. ","format":"standard","video":"","gallery":"","source_name":"","source_url":"","via_name":"","via_url":"","override_template":"0","override":[{"template":"1","single_blog_custom":"","parallax":"1","fullscreen":"1","layout":"no-sidebar-narrow","sidebar":"default-sidebar","second_sidebar":"default-sidebar","sticky_sidebar":"1","share_position":"bottom","share_float_style":"share-monocrhome","show_share_counter":"1","show_view_counter":"1","show_featured":"0","show_post_meta":"1","show_post_author":"0","show_post_author_image":"1","show_post_date":"1","post_date_format":"default","post_date_format_custom":"Y\/m\/d","show_post_category":"1","show_post_reading_time":"0","post_reading_time_wpm":"300","show_zoom_button":"0","zoom_button_out_step":"2","zoom_button_in_step":"3","show_post_tag":"1","show_prev_next_post":"0","show_popup_post":"0","number_popup_post":"1","show_author_box":"0","show_post_related":"1","show_inline_post_related":"0"}],"override_image_size":"0","image_override":[{"single_post_thumbnail_size":"crop-500","single_post_gallery_size":"crop-500"}],"trending_post":"0","trending_post_position":"meta","trending_post_label":"Trending","sponsored_post":"0","sponsored_post_label":"Sponsored by","sponsored_post_name":"","sponsored_post_url":"","sponsored_post_logo_enable":"0","sponsored_post_logo":"","sponsored_post_desc":"","disable_ad":"0"},"jnews_primary_category":{"id":"","hide":""},"jnews_social_meta":{"fb_title":"","fb_description":"","fb_image":"","twitter_title":"","twitter_description":"","twitter_image":""},"jnews_review":[],"enable_review":"0","type":"percentage","name":"","summary":"","brand":"","sku":"","good":[{"good_text":""}],"bad":[{"bad_text":""}],"score_override":"0","override_value":"","rating":[{"rating_text":"","rating_number":"10"}],"price":[{"shop":"","price":"","link":"","icon":""}],"jnews_override_counter":{"override_view_counter":"0","view_counter_number":"0","override_share_counter":"0","share_counter_number":"0","override_like_counter":"0","like_counter_number":"0","override_dislike_counter":"0","dislike_counter_number":"0"},"jnews_post_split":{"enable_post_split":"0","post_split":[{"template":"1","tag":"h2","numbering":"asc","mode":"normal","first":"0","enable_toc":"0","toc_type":"normal"}]},"footnotes":""},"categories":[10],"tags":[],"class_list":["post-43416","post","type-post","status-publish","format-standard","has-post-thumbnail","hentry","category-accion-politica"],"jetpack_featured_media_url":"https:\/\/atecordoba.org\/wp-content\/uploads\/2024\/05\/con-pedro-delarossa.jpg","_links":{"self":[{"href":"https:\/\/atecordoba.org\/index.php?rest_route=\/wp\/v2\/posts\/43416","targetHints":{"allow":["GET"]}}],"collection":[{"href":"https:\/\/atecordoba.org\/index.php?rest_route=\/wp\/v2\/posts"}],"about":[{"href":"https:\/\/atecordoba.org\/index.php?rest_route=\/wp\/v2\/types\/post"}],"author":[{"embeddable":true,"href":"https:\/\/atecordoba.org\/index.php?rest_route=\/wp\/v2\/users\/7"}],"replies":[{"embeddable":true,"href":"https:\/\/atecordoba.org\/index.php?rest_route=%2Fwp%2Fv2%2Fcomments&post=43416"}],"version-history":[{"count":4,"href":"https:\/\/atecordoba.org\/index.php?rest_route=\/wp\/v2\/posts\/43416\/revisions"}],"predecessor-version":[{"id":43425,"href":"https:\/\/atecordoba.org\/index.php?rest_route=\/wp\/v2\/posts\/43416\/revisions\/43425"}],"wp:featuredmedia":[{"embeddable":true,"href":"https:\/\/atecordoba.org\/index.php?rest_route=\/wp\/v2\/media\/43418"}],"wp:attachment":[{"href":"https:\/\/atecordoba.org\/index.php?rest_route=%2Fwp%2Fv2%2Fmedia&parent=43416"}],"wp:term":[{"taxonomy":"category","embeddable":true,"href":"https:\/\/atecordoba.org\/index.php?rest_route=%2Fwp%2Fv2%2Fcategories&post=43416"},{"taxonomy":"post_tag","embeddable":true,"href":"https:\/\/atecordoba.org\/index.php?rest_route=%2Fwp%2Fv2%2Ftags&post=43416"}],"curies":[{"name":"wp","href":"https:\/\/api.w.org\/{rel}","templated":true}]}}