{"id":43410,"date":"2024-05-15T09:31:07","date_gmt":"2024-05-15T12:31:07","guid":{"rendered":"https:\/\/atecordoba.org\/?p=43410"},"modified":"2024-05-15T09:31:08","modified_gmt":"2024-05-15T12:31:08","slug":"escrache-a-la-fundacion-mediterranea","status":"publish","type":"post","link":"https:\/\/atecordoba.org\/?p=43410","title":{"rendered":"\u201cEscrache\u201d a la Fundaci\u00f3n Mediterr\u00e1nea"},"content":{"rendered":"\n<figure class=\"wp-block-image size-large is-resized\"><img loading=\"lazy\" decoding=\"async\" width=\"1024\" height=\"1024\" src=\"https:\/\/atecordoba.org\/wp-content\/uploads\/2024\/05\/441460425_10161372812759805_7969161180627042103_n-1024x1024.jpg\" alt=\"\" class=\"wp-image-43411\" style=\"width:368px;height:auto\" srcset=\"https:\/\/atecordoba.org\/wp-content\/uploads\/2024\/05\/441460425_10161372812759805_7969161180627042103_n-1024x1024.jpg 1024w, https:\/\/atecordoba.org\/wp-content\/uploads\/2024\/05\/441460425_10161372812759805_7969161180627042103_n-300x300.jpg 300w, https:\/\/atecordoba.org\/wp-content\/uploads\/2024\/05\/441460425_10161372812759805_7969161180627042103_n-150x150.jpg 150w, https:\/\/atecordoba.org\/wp-content\/uploads\/2024\/05\/441460425_10161372812759805_7969161180627042103_n-768x768.jpg 768w, https:\/\/atecordoba.org\/wp-content\/uploads\/2024\/05\/441460425_10161372812759805_7969161180627042103_n-560x560.jpg 560w, https:\/\/atecordoba.org\/wp-content\/uploads\/2024\/05\/441460425_10161372812759805_7969161180627042103_n-75x75.jpg 75w, https:\/\/atecordoba.org\/wp-content\/uploads\/2024\/05\/441460425_10161372812759805_7969161180627042103_n-350x350.jpg 350w, https:\/\/atecordoba.org\/wp-content\/uploads\/2024\/05\/441460425_10161372812759805_7969161180627042103_n-750x750.jpg 750w, https:\/\/atecordoba.org\/wp-content\/uploads\/2024\/05\/441460425_10161372812759805_7969161180627042103_n.jpg 1080w\" sizes=\"auto, (max-width: 1024px) 100vw, 1024px\" \/><\/figure>\n\n\n\n<p>En el marco de la Jornada Nacional de Lucha dispuesta por ATE, el Consejo Directivo Provincial (CDP) de la Asociaci\u00f3n Trabajadores del Estado de C\u00f3rdoba, convoc\u00f3 a encontrarse este jueves 16 de mayo en la Fundaci\u00f3n Mediterr\u00e1nea, Ituzaing\u00f3 1368, a las 10 horas.<\/p>\n\n\n\n<p>La organizaci\u00f3n sindical la considera \u201centregadora de la Patria, la usina ideol\u00f3gica del ajuste y la privatizaci\u00f3n del Estado\u201d, seg\u00fan reza la convocatoria.<\/p>\n\n\n\n<p class=\"has-large-font-size\"><strong>El poder tras bambalinas<\/strong><\/p>\n\n\n\n<figure class=\"wp-block-image size-full\"><img loading=\"lazy\" decoding=\"async\" width=\"300\" height=\"180\" src=\"https:\/\/atecordoba.org\/wp-content\/uploads\/2024\/05\/descarga-7-300x180-1.jpg\" alt=\"\" class=\"wp-image-43412\"\/><\/figure>\n\n\n\n<p>La Fundaci\u00f3n Mediterr\u00e1nea fue creada en la ciudad de C\u00f3rdoba el 6 de Julio de 1977 por iniciativa de 34 empresas de la provincia convocadas por Piero Astori. El think thank &nbsp;tuvo su \u00e9poca de oro cuando Domingo Cavallo lleg\u00f3 al Ministerio de Econom\u00eda durante la administraci\u00f3n de Carlos Menem en la d\u00e9cada del \u201990 y puso en marcha la Convertibilidad. Cavallo ingres\u00f3 a la arena pol\u00edtica como diputado nacional de la mano de Jos\u00e9 Manuel De la Sota.<\/p>\n\n\n\n<p>La actual Presidenta de la Fundaci\u00f3n es Mar\u00eda P\u00eda Astori (foto), acompa\u00f1ada por el Vicepresidente Primero, Marcos Brito; Vicepresidente Segundo; Jos\u00e9 Enrique Mart\u00edn; Tesorero, Sergio Oscar Roggio.<\/p>\n\n\n\n<p>El ex Director de la ANSES y ex Ministro de Finanzas de C\u00f3rdoba, Osvaldo Giordano, qued\u00f3 al frente del Instituto de Estudios sobre la Realidad Argentina y Latinoamericana (IERAL) que \u201cse dedica al an\u00e1lisis de la problem\u00e1tica socio-econ\u00f3mica nacional y latinoamericana para brindar recomendaciones de pol\u00edticas p\u00fablicas\u201d, de acuerdo a la cartilla de presentaci\u00f3n, sucediendo en el cargo a Carlos Melconian.&nbsp;En un principio sus investigaciones estaban orientadas principalmente al \u00e1mbito provincial y varios de sus t\u00e9cnicos ocuparon puestos en el Gobierno de Eduardo Angeloz.<\/p>\n\n\n\n<p>\u200bEn 1979 celebraron un acuerdo de investigaci\u00f3n con la Secretar\u00eda de Coordinaci\u00f3n y Programaci\u00f3n Econ\u00f3mica del Ministerio de Econom\u00eda de la tiran\u00eda olig\u00e1rquico-militar comandada por Guillermos Walter Klein.\u200b La investigaci\u00f3n fue publicada al a\u00f1o siguiente en la revista Estudios, que editaba la fundaci\u00f3n y era dirigida por el economista Domingo Cavallo. Hacia el final de la dictadura, Cavallo se desempe\u00f1\u00f3 como Subsecretario Legal y T\u00e9cnico del Ministerio del Interior (1981) y como Presidente del Banco Central (1982) estatizando la deuda privada. Luego, durante el Gobierno de Carlos Menem se desempe\u00f1\u00f3 como Canciller (1989-1991) y Ministro de Econom\u00eda (1991-1996).\u200b Durante su gesti\u00f3n, en especial en Econom\u00eda, design\u00f3 a una gran cantidad de t\u00e9cnicos de FM-IERAL en el \u00e1rea econ\u00f3mica del Gobierno.<\/p>\n\n\n\n<figure class=\"wp-block-image size-full\"><img loading=\"lazy\" decoding=\"async\" width=\"225\" height=\"225\" src=\"https:\/\/atecordoba.org\/wp-content\/uploads\/2024\/05\/images-4.png\" alt=\"\" class=\"wp-image-43413\" srcset=\"https:\/\/atecordoba.org\/wp-content\/uploads\/2024\/05\/images-4.png 225w, https:\/\/atecordoba.org\/wp-content\/uploads\/2024\/05\/images-4-150x150.png 150w, https:\/\/atecordoba.org\/wp-content\/uploads\/2024\/05\/images-4-75x75.png 75w\" sizes=\"auto, (max-width: 225px) 100vw, 225px\" \/><\/figure>\n\n\n\n<p>La Fundaci\u00f3n Mediterr\u00e1nea fogonea el pensamiento y la acci\u00f3n del poderoso&nbsp;Grupo de Entidades Empresarias de C\u00f3rdoba (G6) integrado por: La Uni\u00f3n Industrial de C\u00f3rdoba (UIC); la C\u00e1mara de Comercio Exterior de C\u00f3rdoba; la C\u00e1mara Argentina de la Construcci\u00f3n-Delegaci\u00f3n C\u00f3rdoba; la Bolsa de Comercio de C\u00f3rdoba; la C\u00e1mara de Comercio; y la Federaci\u00f3n Comercial de C\u00f3rdoba (FEDECOM).<\/p>\n\n\n\n<p><strong>Fuente: <a href=\"https:\/\/ctaacordoba.org\/escrache-a-la-fundacion-mediterranea\/\">https:\/\/ctaacordoba.org\/escrache-a-la-fundacion-mediterranea\/<\/a> <\/strong><\/p>\n","protected":false},"excerpt":{"rendered":"<p>En el marco de la Jornada Nacional de Lucha dispuesta por ATE, el Consejo Directivo Provincial (CDP) de la Asociaci\u00f3n Trabajadores del Estado de C\u00f3rdoba, convoc\u00f3 a encontrarse este jueves 16 de mayo en la Fundaci\u00f3n Mediterr\u00e1nea, Ituzaing\u00f3 1368, a las 10 horas. La organizaci\u00f3n sindical la considera \u201centregadora de la Patria, la usina ideol\u00f3gica [&hellip;]<\/p>\n","protected":false},"author":3,"featured_media":43411,"comment_status":"open","ping_status":"open","sticky":false,"template":"","format":"standard","meta":{"_exactmetrics_skip_tracking":false,"_exactmetrics_sitenote_active":false,"_exactmetrics_sitenote_note":"","_exactmetrics_sitenote_category":0,"jnews-multi-image_gallery":[],"jnews_single_post":{"subtitle":"","format":"standard","video":"","gallery":"","source_name":"","source_url":"","via_name":"","via_url":"","override_template":"0","override":[{"template":"1","single_blog_custom":"","parallax":"1","fullscreen":"1","layout":"no-sidebar-narrow","sidebar":"default-sidebar","second_sidebar":"default-sidebar","sticky_sidebar":"1","share_position":"bottom","share_float_style":"share-monocrhome","show_share_counter":"1","show_view_counter":"1","show_featured":"0","show_post_meta":"1","show_post_author":"0","show_post_author_image":"1","show_post_date":"1","post_date_format":"default","post_date_format_custom":"Y\/m\/d","show_post_category":"1","show_post_reading_time":"0","post_reading_time_wpm":"300","show_zoom_button":"0","zoom_button_out_step":"2","zoom_button_in_step":"3","show_post_tag":"1","show_prev_next_post":"0","show_popup_post":"0","number_popup_post":"1","show_author_box":"0","show_post_related":"1","show_inline_post_related":"0"}],"override_image_size":"0","image_override":[{"single_post_thumbnail_size":"crop-500","single_post_gallery_size":"crop-500"}],"trending_post":"0","trending_post_position":"meta","trending_post_label":"Trending","sponsored_post":"0","sponsored_post_label":"Sponsored by","sponsored_post_name":"","sponsored_post_url":"","sponsored_post_logo_enable":"0","sponsored_post_logo":"","sponsored_post_desc":"","disable_ad":"0"},"jnews_primary_category":{"id":"","hide":""},"jnews_social_meta":{"fb_title":"","fb_description":"","fb_image":"","twitter_title":"","twitter_description":"","twitter_image":""},"jnews_review":[],"enable_review":"0","type":"percentage","name":"","summary":"","brand":"","sku":"","good":[{"good_text":""}],"bad":[{"bad_text":""}],"score_override":"0","override_value":"","rating":[{"rating_text":"","rating_number":"10"}],"price":[{"shop":"","price":"","link":"","icon":""}],"jnews_override_counter":{"override_view_counter":"0","view_counter_number":"0","override_share_counter":"0","share_counter_number":"0","override_like_counter":"0","like_counter_number":"0","override_dislike_counter":"0","dislike_counter_number":"0"},"jnews_post_split":{"enable_post_split":"0","post_split":[{"template":"1","tag":"h2","numbering":"asc","mode":"normal","first":"0","enable_toc":"0","toc_type":"normal"}]},"footnotes":""},"categories":[10],"tags":[],"class_list":["post-43410","post","type-post","status-publish","format-standard","has-post-thumbnail","hentry","category-accion-politica"],"jetpack_featured_media_url":"https:\/\/atecordoba.org\/wp-content\/uploads\/2024\/05\/441460425_10161372812759805_7969161180627042103_n.jpg","_links":{"self":[{"href":"https:\/\/atecordoba.org\/index.php?rest_route=\/wp\/v2\/posts\/43410","targetHints":{"allow":["GET"]}}],"collection":[{"href":"https:\/\/atecordoba.org\/index.php?rest_route=\/wp\/v2\/posts"}],"about":[{"href":"https:\/\/atecordoba.org\/index.php?rest_route=\/wp\/v2\/types\/post"}],"author":[{"embeddable":true,"href":"https:\/\/atecordoba.org\/index.php?rest_route=\/wp\/v2\/users\/3"}],"replies":[{"embeddable":true,"href":"https:\/\/atecordoba.org\/index.php?rest_route=%2Fwp%2Fv2%2Fcomments&post=43410"}],"version-history":[{"count":1,"href":"https:\/\/atecordoba.org\/index.php?rest_route=\/wp\/v2\/posts\/43410\/revisions"}],"predecessor-version":[{"id":43414,"href":"https:\/\/atecordoba.org\/index.php?rest_route=\/wp\/v2\/posts\/43410\/revisions\/43414"}],"wp:featuredmedia":[{"embeddable":true,"href":"https:\/\/atecordoba.org\/index.php?rest_route=\/wp\/v2\/media\/43411"}],"wp:attachment":[{"href":"https:\/\/atecordoba.org\/index.php?rest_route=%2Fwp%2Fv2%2Fmedia&parent=43410"}],"wp:term":[{"taxonomy":"category","embeddable":true,"href":"https:\/\/atecordoba.org\/index.php?rest_route=%2Fwp%2Fv2%2Fcategories&post=43410"},{"taxonomy":"post_tag","embeddable":true,"href":"https:\/\/atecordoba.org\/index.php?rest_route=%2Fwp%2Fv2%2Ftags&post=43410"}],"curies":[{"name":"wp","href":"https:\/\/api.w.org\/{rel}","templated":true}]}}