{"id":43403,"date":"2024-05-14T11:22:32","date_gmt":"2024-05-14T14:22:32","guid":{"rendered":"https:\/\/atecordoba.org\/?p=43403"},"modified":"2024-05-14T11:37:43","modified_gmt":"2024-05-14T14:37:43","slug":"ate-adhiere-a-la-clase-publica-por-la-discapacidad","status":"publish","type":"post","link":"https:\/\/atecordoba.org\/?p=43403","title":{"rendered":"ATE adhiere a la Clase P\u00fablica en defensa de las pol\u00edtica para personas con discapacidad"},"content":{"rendered":"<div class=\"wp-block-image\">\n<figure class=\"aligncenter size-large is-resized\"><img loading=\"lazy\" decoding=\"async\" width=\"1024\" height=\"576\" src=\"https:\/\/atecordoba.org\/wp-content\/uploads\/2024\/05\/IMG_20240411_124021381-1024x576.jpg\" alt=\"\" class=\"wp-image-43404\" style=\"width:600px\" \/><\/figure>\n<\/div>\n\n\n<p>Hoy a las 17 se llevar\u00e1 a cabo una clase p\u00fablica en la esquina de las avenidas Col\u00f3n y General Paz, convocada por personas con discapacidad, familias, prestadores e instituciones de C\u00f3rdoba advirtiendo sobre la gravedad de la situaci\u00f3n que atraviesan los beneficiarios de las pol\u00edticas sociales dirigidas a esta comunidad, como consecuencia del retiro del Estado del territorio provincial que impulsa el gobierno de Javier Milei. <\/p>\n\n\n\n<p>ATE adhiere a esta actividad que va en l\u00ednea que <a href=\"https:\/\/atecordoba.org\/?p=43169\">las acciones gremiales <\/a>llevadas adelante por nuestra organizaci\u00f3n frente a los despidos a mansalva que el Ministerio de Capital Humano perpetr\u00f3 en la Agencia Nacional de Discapacidad (ANDIS).<\/p>\n\n\n\n<p>Una vez concluida la clase p\u00fablica la convocatoria se trasladar\u00e1 hasta la sede ANDIS, ubicada en 9 de julio 360, para visibilizar el estado de emergencia que atraviesa al sector.<\/p>\n\n\n\n<p>&#8220;Hace un tiempo recurrimos a esta estrategia como una forma deshabitar la lucha desde la pregunta, inform\u00e1ndonos ya que vimos en el acceso a la informaci\u00f3n un gran obst\u00e1culo. Hoy la incertidumbre y la urgencia hacen necesarios los espacios de encuentro y el espacio p\u00fablico como altavoz para compartir la informaci\u00f3n sobre lo que est\u00e1 sucediendo nos resulta indispensable. La toma de conciencia y la lucha por nuestros derechos es un aprendizaje que hacemos intercambiando saberes y experiencias por eso hablamos de construcciones colectivas&#8221;, reza la convocatoria de la Asamblea de Trabajadores de la Inclusi\u00f3n.<\/p>\n\n\n\n<p><\/p>\n","protected":false},"excerpt":{"rendered":"<p>Hoy a las 17 se llevar\u00e1 a cabo una clase p\u00fablica en la esquina de las avenidas Col\u00f3n y General Paz, convocada por personas con discapacidad, familias, prestadores e instituciones de C\u00f3rdoba advirtiendo sobre la gravedad de la situaci\u00f3n que atraviesan los beneficiarios de las pol\u00edticas sociales dirigidas a esta comunidad, como consecuencia del retiro [&hellip;]<\/p>\n","protected":false},"author":7,"featured_media":43404,"comment_status":"open","ping_status":"open","sticky":false,"template":"","format":"standard","meta":{"_exactmetrics_skip_tracking":false,"_exactmetrics_sitenote_active":false,"_exactmetrics_sitenote_note":"","_exactmetrics_sitenote_category":0,"jnews-multi-image_gallery":[],"jnews_single_post":{"subtitle":"Se realizar\u00e1 en la esquina de Col\u00f3n y General Paz para visibilizar la gravedad de la situaci\u00f3n que atraviesan los beneficiarios de las pol\u00edticas sociales, a causa el ajuste brutal que aplica el gobierno de Javier Milei. Posteriormente marchar\u00e1n a la sede ANDIS.","format":"standard","video":"","gallery":"","source_name":"","source_url":"","via_name":"","via_url":"","override_template":"0","override":[{"template":"1","single_blog_custom":"","parallax":"1","fullscreen":"1","layout":"no-sidebar-narrow","sidebar":"default-sidebar","second_sidebar":"default-sidebar","sticky_sidebar":"1","share_position":"bottom","share_float_style":"share-monocrhome","show_share_counter":"1","show_view_counter":"1","show_featured":"0","show_post_meta":"1","show_post_author":"0","show_post_author_image":"1","show_post_date":"1","post_date_format":"default","post_date_format_custom":"Y\/m\/d","show_post_category":"1","show_post_reading_time":"0","post_reading_time_wpm":"300","show_zoom_button":"0","zoom_button_out_step":"2","zoom_button_in_step":"3","show_post_tag":"1","show_prev_next_post":"0","show_popup_post":"0","number_popup_post":"1","show_author_box":"0","show_post_related":"1","show_inline_post_related":"0"}],"override_image_size":"0","image_override":[{"single_post_thumbnail_size":"crop-500","single_post_gallery_size":"crop-500"}],"trending_post":"0","trending_post_position":"meta","trending_post_label":"Trending","sponsored_post":"0","sponsored_post_label":"Sponsored by","sponsored_post_name":"","sponsored_post_url":"","sponsored_post_logo_enable":"0","sponsored_post_logo":"","sponsored_post_desc":"","disable_ad":"0"},"jnews_primary_category":{"id":"","hide":""},"jnews_social_meta":{"fb_title":"","fb_description":"","fb_image":"","twitter_title":"","twitter_description":"","twitter_image":""},"jnews_review":[],"enable_review":"0","type":"percentage","name":"","summary":"","brand":"","sku":"","good":[{"good_text":""}],"bad":[{"bad_text":""}],"score_override":"0","override_value":"","rating":[{"rating_text":"","rating_number":"10"}],"price":[{"shop":"","price":"","link":"","icon":""}],"jnews_override_counter":{"override_view_counter":"0","view_counter_number":"0","override_share_counter":"0","share_counter_number":"0","override_like_counter":"0","like_counter_number":"0","override_dislike_counter":"0","dislike_counter_number":"0"},"jnews_post_split":{"enable_post_split":"0","post_split":[{"template":"1","tag":"h2","numbering":"asc","mode":"normal","first":"0","enable_toc":"0","toc_type":"normal"}]},"footnotes":""},"categories":[625],"tags":[],"class_list":["post-43403","post","type-post","status-publish","format-standard","has-post-thumbnail","hentry","category-discapacidad"],"jetpack_featured_media_url":"https:\/\/atecordoba.org\/wp-content\/uploads\/2024\/05\/IMG_20240411_124021381-scaled-e1715696500969.jpg","_links":{"self":[{"href":"https:\/\/atecordoba.org\/index.php?rest_route=\/wp\/v2\/posts\/43403","targetHints":{"allow":["GET"]}}],"collection":[{"href":"https:\/\/atecordoba.org\/index.php?rest_route=\/wp\/v2\/posts"}],"about":[{"href":"https:\/\/atecordoba.org\/index.php?rest_route=\/wp\/v2\/types\/post"}],"author":[{"embeddable":true,"href":"https:\/\/atecordoba.org\/index.php?rest_route=\/wp\/v2\/users\/7"}],"replies":[{"embeddable":true,"href":"https:\/\/atecordoba.org\/index.php?rest_route=%2Fwp%2Fv2%2Fcomments&post=43403"}],"version-history":[{"count":3,"href":"https:\/\/atecordoba.org\/index.php?rest_route=\/wp\/v2\/posts\/43403\/revisions"}],"predecessor-version":[{"id":43408,"href":"https:\/\/atecordoba.org\/index.php?rest_route=\/wp\/v2\/posts\/43403\/revisions\/43408"}],"wp:featuredmedia":[{"embeddable":true,"href":"https:\/\/atecordoba.org\/index.php?rest_route=\/wp\/v2\/media\/43404"}],"wp:attachment":[{"href":"https:\/\/atecordoba.org\/index.php?rest_route=%2Fwp%2Fv2%2Fmedia&parent=43403"}],"wp:term":[{"taxonomy":"category","embeddable":true,"href":"https:\/\/atecordoba.org\/index.php?rest_route=%2Fwp%2Fv2%2Fcategories&post=43403"},{"taxonomy":"post_tag","embeddable":true,"href":"https:\/\/atecordoba.org\/index.php?rest_route=%2Fwp%2Fv2%2Ftags&post=43403"}],"curies":[{"name":"wp","href":"https:\/\/api.w.org\/{rel}","templated":true}]}}