{"id":43393,"date":"2024-05-14T10:18:17","date_gmt":"2024-05-14T13:18:17","guid":{"rendered":"https:\/\/atecordoba.org\/?p=43393"},"modified":"2024-05-14T10:20:48","modified_gmt":"2024-05-14T13:20:48","slug":"ate-rechaza-el-lobby-en-favor-de-la-ley-bases-de-la-mesa-de-produccion-de-cordoba","status":"publish","type":"post","link":"https:\/\/atecordoba.org\/?p=43393","title":{"rendered":"ATE rechaza el lobby en favor de la Ley Bases de la Mesa de Producci\u00f3n\u00a0de\u00a0C\u00f3rdoba"},"content":{"rendered":"<div class=\"wp-block-image\">\n<figure class=\"aligncenter size-full\"><img loading=\"lazy\" decoding=\"async\" width=\"656\" height=\"366\" src=\"https:\/\/atecordoba.org\/wp-content\/uploads\/2024\/05\/congreso.jpg\" alt=\"\" class=\"wp-image-43394\" srcset=\"https:\/\/atecordoba.org\/wp-content\/uploads\/2024\/05\/congreso.jpg 656w, https:\/\/atecordoba.org\/wp-content\/uploads\/2024\/05\/congreso-300x167.jpg 300w\" sizes=\"auto, (max-width: 656px) 100vw, 656px\" \/><\/figure>\n<\/div>\n\n\n<p>El Consejo Directivo Provincial de ATE C\u00f3rdoba expresa su absoluto rechazo a la llamada \u201cMesa de la Producci\u00f3n C\u00f3rdoba\u201d, grupo de presi\u00f3n de sectores concentrados de econom\u00eda provincial, que esta semana sali\u00f3 a alentar a los senadores nacionales cordobeses a votar en favor en la Ley de Bases.<\/p>\n\n\n\n<p>Se trata de una constelaci\u00f3n de sectores empresarios m\u00e1s comprometidos con el saqueo de la riqueza nacional, la pauperizaci\u00f3n de la poblaci\u00f3n, el desprecio por los derechos consagrados en la Constituci\u00f3n y la degradaci\u00f3n del mercado interno que de un modelo de producci\u00f3n que beneficie el \u201cbien com\u00fan\u201d que dicen defender.<\/p>\n\n\n\n<p>Estos empresarios olvidan que arrasar con los derechos de las y los trabajadores, y retirar la presencia del Estado en el territorio provincial, est\u00e1 muy lejos de alcanzar ese futuro que auguran. Por el contrario claramente muestran sus garras para incrementar sus fortunas a costar del hambre del pueblo.<\/p>\n\n\n\n<p>Omiten advertir desde ese espacio la ca\u00edda de todos los \u00edndices de bienestar social, el aumento de la desocupaci\u00f3n y la pobreza generalizada del pueblo en su conjunto, que lleva adelante el Gobierno de Javier Milei y que tendr\u00e1 en la aprobaci\u00f3n de ese cuerpo normativo su cristalizaci\u00f3n m\u00e1s brutal.<\/p>\n\n\n\n<p>M\u00e1s all\u00e1 de un conjunto de sellos relacionados con el agronegocio y la especulaci\u00f3n financiera, siempre implicados en lo m\u00e1s rancio de las ideolog\u00eda reaccionarias, es llamativo que integre este grupo la C\u00e1mara de la Construcci\u00f3n sector directamente afectado por la ca\u00edda de los \u00edndices de la actividad, con el resultado de la p\u00e9rdida de 100 mil puestos de trabajo desde diciembre a esta parte, entre otras causas, debido a la total clausura de la obra p\u00fablica nacional.<\/p>\n\n\n\n<p>Otro caso llamativo es el de la Uni\u00f3n Industrial, habida cuenta del industricidio que impulsan las pol\u00edticas libertarias, el entorpecimiento del comercio exterior que lleva adelante esa c\u00f3mica \u2013producto de la Bolsa de Comercio\u2013 que ocupa el cargo de ministra de Relaciones Exteriores llamada Diana Mondino, muy ocupada que difundir sus chanzas por redes sociales, mientras destruye los v\u00ednculos con los principales mercados de comercio exterior nacional, como es el caso de China o Brasil, donde la industria de C\u00f3rdoba tiene su principal destino exportador.<\/p>\n\n\n\n<p>As\u00ed, los que celebran el quiebre econ\u00f3mico de la inmensa mayor\u00eda las familias cordobesas, intentan manotear ganancias cortoplacistas a costa de la p\u00e9rdida de derechos fundamentales de las y los trabajadores, sabiendo que posteriormente deber\u00e1 asumir el movimiento nacional y popular el peso de la reconstrucci\u00f3n nacional, pero divertidos en sus mullidos sillones y disfrutando de los capitales siempre fugados al exterior.<\/p>\n\n\n\n<p>ATE reclama a las y los senadores nacionales por C\u00f3rdoba que rechacen la Ley de Bases y se aboquen a aportar a un proyecto de pa\u00eds que nos incluya a todas y todos.<\/p>\n","protected":false},"excerpt":{"rendered":"<p>El Consejo Directivo Provincial de ATE C\u00f3rdoba expresa su absoluto rechazo a la llamada \u201cMesa de la Producci\u00f3n C\u00f3rdoba\u201d, grupo de presi\u00f3n de sectores concentrados de econom\u00eda provincial, que esta semana sali\u00f3 a alentar a los senadores nacionales cordobeses a votar en favor en la Ley de Bases. Se trata de una constelaci\u00f3n de sectores [&hellip;]<\/p>\n","protected":false},"author":7,"featured_media":43394,"comment_status":"open","ping_status":"open","sticky":false,"template":"","format":"standard","meta":{"_exactmetrics_skip_tracking":false,"_exactmetrics_sitenote_active":false,"_exactmetrics_sitenote_note":"","_exactmetrics_sitenote_category":0,"jnews-multi-image_gallery":[],"jnews_single_post":{"subtitle":"Se trata de una constelaci\u00f3n de sectores empresarios m\u00e1s comprometidos con el saqueo de la riqueza nacional, la pauperizaci\u00f3n de la poblaci\u00f3n, el desprecio por los derechos consagrados en la Constituci\u00f3n y la degradaci\u00f3n del mercado interno que de un modelo de producci\u00f3n que beneficie el \u201cbien com\u00fan\u201d que dicen defender.","format":"standard","video":"","gallery":"","source_name":"","source_url":"","via_name":"","via_url":"","override_template":"0","override":[{"template":"1","single_blog_custom":"","parallax":"1","fullscreen":"1","layout":"no-sidebar-narrow","sidebar":"default-sidebar","second_sidebar":"default-sidebar","sticky_sidebar":"1","share_position":"bottom","share_float_style":"share-monocrhome","show_share_counter":"1","show_view_counter":"1","show_featured":"0","show_post_meta":"1","show_post_author":"0","show_post_author_image":"1","show_post_date":"1","post_date_format":"default","post_date_format_custom":"Y\/m\/d","show_post_category":"1","show_post_reading_time":"0","post_reading_time_wpm":"300","show_zoom_button":"0","zoom_button_out_step":"2","zoom_button_in_step":"3","show_post_tag":"1","show_prev_next_post":"0","show_popup_post":"0","number_popup_post":"1","show_author_box":"0","show_post_related":"1","show_inline_post_related":"0"}],"override_image_size":"0","image_override":[{"single_post_thumbnail_size":"crop-500","single_post_gallery_size":"crop-500"}],"trending_post":"0","trending_post_position":"meta","trending_post_label":"Trending","sponsored_post":"0","sponsored_post_label":"Sponsored by","sponsored_post_name":"","sponsored_post_url":"","sponsored_post_logo_enable":"0","sponsored_post_logo":"","sponsored_post_desc":"","disable_ad":"0"},"jnews_primary_category":{"id":"","hide":""},"jnews_social_meta":{"fb_title":"","fb_description":"","fb_image":"","twitter_title":"","twitter_description":"","twitter_image":""},"jnews_review":[],"enable_review":"0","type":"percentage","name":"","summary":"","brand":"","sku":"","good":[{"good_text":""}],"bad":[{"bad_text":""}],"score_override":"0","override_value":"","rating":[{"rating_text":"","rating_number":"10"}],"price":[{"shop":"","price":"","link":"","icon":""}],"jnews_override_counter":{"override_view_counter":"0","view_counter_number":"0","override_share_counter":"0","share_counter_number":"0","override_like_counter":"0","like_counter_number":"0","override_dislike_counter":"0","dislike_counter_number":"0"},"jnews_post_split":{"enable_post_split":"0","post_split":[{"template":"1","tag":"h2","numbering":"asc","mode":"normal","first":"0","enable_toc":"0","toc_type":"normal"}]},"footnotes":""},"categories":[10],"tags":[],"class_list":["post-43393","post","type-post","status-publish","format-standard","has-post-thumbnail","hentry","category-accion-politica"],"jetpack_featured_media_url":"https:\/\/atecordoba.org\/wp-content\/uploads\/2024\/05\/congreso.jpg","_links":{"self":[{"href":"https:\/\/atecordoba.org\/index.php?rest_route=\/wp\/v2\/posts\/43393","targetHints":{"allow":["GET"]}}],"collection":[{"href":"https:\/\/atecordoba.org\/index.php?rest_route=\/wp\/v2\/posts"}],"about":[{"href":"https:\/\/atecordoba.org\/index.php?rest_route=\/wp\/v2\/types\/post"}],"author":[{"embeddable":true,"href":"https:\/\/atecordoba.org\/index.php?rest_route=\/wp\/v2\/users\/7"}],"replies":[{"embeddable":true,"href":"https:\/\/atecordoba.org\/index.php?rest_route=%2Fwp%2Fv2%2Fcomments&post=43393"}],"version-history":[{"count":2,"href":"https:\/\/atecordoba.org\/index.php?rest_route=\/wp\/v2\/posts\/43393\/revisions"}],"predecessor-version":[{"id":43396,"href":"https:\/\/atecordoba.org\/index.php?rest_route=\/wp\/v2\/posts\/43393\/revisions\/43396"}],"wp:featuredmedia":[{"embeddable":true,"href":"https:\/\/atecordoba.org\/index.php?rest_route=\/wp\/v2\/media\/43394"}],"wp:attachment":[{"href":"https:\/\/atecordoba.org\/index.php?rest_route=%2Fwp%2Fv2%2Fmedia&parent=43393"}],"wp:term":[{"taxonomy":"category","embeddable":true,"href":"https:\/\/atecordoba.org\/index.php?rest_route=%2Fwp%2Fv2%2Fcategories&post=43393"},{"taxonomy":"post_tag","embeddable":true,"href":"https:\/\/atecordoba.org\/index.php?rest_route=%2Fwp%2Fv2%2Ftags&post=43393"}],"curies":[{"name":"wp","href":"https:\/\/api.w.org\/{rel}","templated":true}]}}