{"id":4339,"date":"2014-07-28T18:49:08","date_gmt":"2014-07-28T21:49:08","guid":{"rendered":"http:\/\/www.atecordoba.org\/?p=4339"},"modified":"2014-07-28T18:49:08","modified_gmt":"2014-07-28T21:49:08","slug":"parque-nacionales-trabajadores-de-quebrada-del-condorito-repudiaron-persecucion-y-abuso-de-autoridad-del-jefe-de-guardaparques","status":"publish","type":"post","link":"https:\/\/atecordoba.org\/?p=4339","title":{"rendered":"Parques Nacionales: trabajadores de Quebrada del Condorito repudiaron persecuci\u00f3n y abuso de autoridad del jefe de guardaparques"},"content":{"rendered":"<p><em>En una asamblea realizada el viernes pasado, con la presencia de dirigentes nacionales y provinciales de ATE, los trabajadores de Parque Nacional repudiaron las amenazas y abuso de autoridad que realiz\u00f3 el Jefe de Guardaparques Sergio Acosta a los compa\u00f1eros que adhirieron al paro de 72 horas que el sector llev\u00f3 a cabo en todo el pa\u00eds la semana pasada.<\/em><\/p>\n<p style=\"text-align: center;\"><a href=\"http:\/\/www.atecordoba.org\/wp-content\/uploads\/2014\/07\/25-07-2014-1.png\"><img loading=\"lazy\" decoding=\"async\" alt=\"25-07-2014 1\" height=\"420\" src=\"http:\/\/www.atecordoba.org\/wp-content\/uploads\/2014\/07\/25-07-2014-1.png\" width=\"560\" class=\"aligncenter  wp-image-4340\"><\/a><\/p>\n<p>La asamblea se realiz\u00f3 en el parque nacional ubicado en la Pampa de Achala y cont\u00f3 con la presencia de los cros&nbsp;&nbsp;secretario Adjunto del Consejo Directivo Provincial, Oscar Mengarelli, el secretario de Interior, Lu\u00eds B\u00e1rcena, junto a Leonardo V\u00e1zquez y Claudio Ar\u00e9valo integrantes del Consejo Directivo Nacional de ATE.<\/p>\n<p>Los trabajadores repudiaron&nbsp;el abuso de autoridad y amenazas sucedidas de parte del Jefe de Guardaparques Sergio Acosta, hacia los compa\u00f1eros brigadistas que se adhirieron a las medidas llevadas adelante por ATE. La asamblea se expres\u00f3 en solidaridad con el resto de los compa\u00f1eros al entender que los reclamos realizados en el contexto del paro nacional son genuinos, habi\u00e9ndose incluso garantizado una guardia m\u00ednima, como en las anteriores medidas fuerza que se llevaron adelante, guardias que fueron comunicadas oportunamente por los delegados a las autoridades del organismo.<\/p>\n<p>En ese marco, los compa\u00f1eros repudiaron a Acosta, que profiri\u00f3&nbsp;amenazas de rescindir los contratos de los brigadistas si se adher\u00edan al paro, aludiendo que el mismo ten\u00eda \u201ctoda la banca\u201d del Vicepresidente Ramos para hacerlo. Esto gener\u00f3 malestar en el grupo de trabajo e incertidumbre en los compa\u00f1eros amenazados.<\/p>\n<p style=\"text-align: center;\"><a href=\"http:\/\/www.atecordoba.org\/wp-content\/uploads\/2014\/07\/IMG-20140725-WA0001.jpg\"><img loading=\"lazy\" decoding=\"async\" alt=\"IMG-20140725-WA0001\" height=\"403\" src=\"http:\/\/www.atecordoba.org\/wp-content\/uploads\/2014\/07\/IMG-20140725-WA0001.jpg\" width=\"538\" class=\"aligncenter  wp-image-4341\"><\/a><\/p>\n<p>Adem\u00e1s, solicitaron al ministro de Turismo, Enrique Meyer, al presidente del Honorable Directorio de APN, guardaparque Carlos Corval\u00e1n y al vicepresidente , guardaparque Daniel Ramos, que ratifiquen o rectifiquen los dichos enunciados por el guardaparque Acosta. Tambi\u00e9n requirieron&nbsp;una reuni\u00f3n de car\u00e1cter urgente entre el Intendente del Parque Nacional Quebrada del Condorito, Guardaparque Reynaldo Zanello, el Concejo Directivo Provincial de ATE C\u00f3rdoba y los delegados representantes de ATE del citado parque y de la Delegaci\u00f3n Regional Centro.<\/p>\n<p>Los trabajadores recordaron&nbsp;el derecho a huelga est\u00e1 consagrado en la Constituci\u00f3n Nacional, independientemente de la antig\u00fcedad y condici\u00f3n laboral del trabajador y, en ese sentido, reiteraron que&nbsp;de no mediar respuestas favorables a los puntos del petitorio presentado en marzo del a\u00f1o en curso, se continuar\u00e1n con las medidas de fuerzas que se acuerden con el resto de las asambleas de todas las reparticiones de esta administraci\u00f3n.<\/p>\n","protected":false},"excerpt":{"rendered":"<p>En una asamblea realizada el viernes pasado, con la presencia de dirigentes nacionales y provinciales de ATE, los trabajadores de Parque Nacional repudiaron las amenazas y abuso de autoridad que realiz\u00f3 el Jefe de Guardaparques Sergio Acosta a los compa\u00f1eros que adhirieron al paro de 72 horas que el sector llev\u00f3 a cabo en todo [&hellip;]<\/p>\n","protected":false},"author":1,"featured_media":19220,"comment_status":"open","ping_status":"open","sticky":false,"template":"","format":"standard","meta":{"_exactmetrics_skip_tracking":false,"_exactmetrics_sitenote_active":false,"_exactmetrics_sitenote_note":"","_exactmetrics_sitenote_category":0,"jnews-multi-image_gallery":[],"jnews_single_post":[],"jnews_primary_category":[],"jnews_social_meta":[],"jnews_review":[],"enable_review":"","type":"","name":"","summary":"","brand":"","sku":"","good":[],"bad":[],"score_override":"","override_value":"","rating":[],"price":[],"jnews_override_counter":[],"jnews_post_split":[],"footnotes":""},"categories":[96],"tags":[],"class_list":["post-4339","post","type-post","status-publish","format-standard","has-post-thumbnail","hentry","category-parques-nacionales-2"],"jetpack_featured_media_url":"https:\/\/atecordoba.org\/wp-content\/uploads\/2020\/05\/logo-nuevochico-e1561581322808.png","_links":{"self":[{"href":"https:\/\/atecordoba.org\/index.php?rest_route=\/wp\/v2\/posts\/4339","targetHints":{"allow":["GET"]}}],"collection":[{"href":"https:\/\/atecordoba.org\/index.php?rest_route=\/wp\/v2\/posts"}],"about":[{"href":"https:\/\/atecordoba.org\/index.php?rest_route=\/wp\/v2\/types\/post"}],"author":[{"embeddable":true,"href":"https:\/\/atecordoba.org\/index.php?rest_route=\/wp\/v2\/users\/1"}],"replies":[{"embeddable":true,"href":"https:\/\/atecordoba.org\/index.php?rest_route=%2Fwp%2Fv2%2Fcomments&post=4339"}],"version-history":[{"count":0,"href":"https:\/\/atecordoba.org\/index.php?rest_route=\/wp\/v2\/posts\/4339\/revisions"}],"wp:featuredmedia":[{"embeddable":true,"href":"https:\/\/atecordoba.org\/index.php?rest_route=\/wp\/v2\/media\/19220"}],"wp:attachment":[{"href":"https:\/\/atecordoba.org\/index.php?rest_route=%2Fwp%2Fv2%2Fmedia&parent=4339"}],"wp:term":[{"taxonomy":"category","embeddable":true,"href":"https:\/\/atecordoba.org\/index.php?rest_route=%2Fwp%2Fv2%2Fcategories&post=4339"},{"taxonomy":"post_tag","embeddable":true,"href":"https:\/\/atecordoba.org\/index.php?rest_route=%2Fwp%2Fv2%2Ftags&post=4339"}],"curies":[{"name":"wp","href":"https:\/\/api.w.org\/{rel}","templated":true}]}}