{"id":43388,"date":"2024-05-13T14:54:35","date_gmt":"2024-05-13T17:54:35","guid":{"rendered":"https:\/\/atecordoba.org\/?p=43388"},"modified":"2024-05-13T14:54:36","modified_gmt":"2024-05-13T17:54:36","slug":"descuentos-por-paro-llaryora-saquea-el-bolsillo-de-las-y-los-trabajadores","status":"publish","type":"post","link":"https:\/\/atecordoba.org\/?p=43388","title":{"rendered":"Descuentos por Paro: Llaryora saquea el bolsillo de las y los trabajadores"},"content":{"rendered":"<div class=\"wp-block-image\">\n<figure class=\"aligncenter size-full is-resized\"><img loading=\"lazy\" decoding=\"async\" width=\"854\" height=\"854\" src=\"https:\/\/atecordoba.org\/wp-content\/uploads\/2024\/05\/fede-1.jpeg\" alt=\"\" class=\"wp-image-43390\" style=\"width:600px\" srcset=\"https:\/\/atecordoba.org\/wp-content\/uploads\/2024\/05\/fede-1.jpeg 854w, https:\/\/atecordoba.org\/wp-content\/uploads\/2024\/05\/fede-1-300x300.jpeg 300w, https:\/\/atecordoba.org\/wp-content\/uploads\/2024\/05\/fede-1-150x150.jpeg 150w, https:\/\/atecordoba.org\/wp-content\/uploads\/2024\/05\/fede-1-768x768.jpeg 768w, https:\/\/atecordoba.org\/wp-content\/uploads\/2024\/05\/fede-1-560x560.jpeg 560w, https:\/\/atecordoba.org\/wp-content\/uploads\/2024\/05\/fede-1-75x75.jpeg 75w, https:\/\/atecordoba.org\/wp-content\/uploads\/2024\/05\/fede-1-350x350.jpeg 350w, https:\/\/atecordoba.org\/wp-content\/uploads\/2024\/05\/fede-1-750x750.jpeg 750w\" sizes=\"auto, (max-width: 854px) 100vw, 854px\" \/><\/figure>\n<\/div>\n\n\n<p>En abril el centro de almaceneros public\u00f3 los valores de la Canasta B\u00e1sica Total $953.045 y Canasta B\u00e1sica Alimentaria $552.486 con lo que la inmensa mayor\u00eda de los trabajadores de la provincia de C\u00f3rdoba nos definimos como pobres o indigentes. <\/p>\n\n\n\n<p>Nuestro gobernador Mart\u00edn Llaryora desconoce esta situaci\u00f3n y avanza con medidas que saquean los bolsillos de los trabajadores, con incrementos porcentuales en los descuentos de APROSS y Caja de Jubilaciones, desconociendo de acuerdos paritarios, entre otras medidas. <\/p>\n\n\n\n<p>El mandatario ordena jubilaciones compulsivas, condenando a no poder llegar a fin de mes a quienes aportaron toda una vida de trabajo, mientras despide trabajadores precarizados y perpet\u00faa formas inconstitucionales de vinculaci\u00f3n laboral. En esa l\u00ednea, Llaryora desacredita a los trabajadores estatales y fomenta el avance en tercerizaciones y privatizaciones de distintas \u00e1reas del sector p\u00fablico.<\/p>\n\n\n\n<p>En claro alineamiento con el gobierno nacional, persigue y enjuicia a quienes luchan por sus derechos, manifestando ahora que descontar\u00e1 el d\u00eda a los trabajadores que adhirieron al paro y aduce que lo hace para cuidar los fondos que escasean en la provincia. <\/p>\n\n\n\n<p>Se\u00f1or Gobernador: si tanto le interesa cuidar las arcas del Pueblo Cordob\u00e9s tenemos un sinn\u00famero de medidas para proponerle pero para eso ser\u00e1 necesario que se decida a gobernar para el Pueblo y deje de ser el arlequ\u00edn de los pituquitos de Recoleta y la Fundaci\u00f3n Mediterr\u00e1nea<\/p>\n\n\n\n<p>Los trabajadores de C\u00f3rdoba no pactamos.<\/p>\n\n\n\n<p class=\"has-text-align-center\">Federico Giuliani<\/p>\n\n\n\n<p class=\"has-text-align-center\">Secretario General <\/p>\n\n\n\n<p class=\"has-text-align-center\">ATE C\u00f3rdoba<\/p>\n","protected":false},"excerpt":{"rendered":"<p>En abril el centro de almaceneros public\u00f3 los valores de la Canasta B\u00e1sica Total $953.045 y Canasta B\u00e1sica Alimentaria $552.486 con lo que la inmensa mayor\u00eda de los trabajadores de la provincia de C\u00f3rdoba nos definimos como pobres o indigentes. Nuestro gobernador Mart\u00edn Llaryora desconoce esta situaci\u00f3n y avanza con medidas que saquean los bolsillos [&hellip;]<\/p>\n","protected":false},"author":7,"featured_media":43391,"comment_status":"open","ping_status":"open","sticky":false,"template":"","format":"standard","meta":{"_exactmetrics_skip_tracking":false,"_exactmetrics_sitenote_active":false,"_exactmetrics_sitenote_note":"","_exactmetrics_sitenote_category":0,"jnews-multi-image_gallery":[],"jnews_single_post":{"subtitle":"En claro alineamiento con el gobierno nacional, el Gobernador de C\u00f3rdoba persigue y enjuicia a quienes luchan por sus derechos, manifestando ahora que descontar\u00e1 el d\u00eda a los trabajadores que adhirieron al paro y aduce que lo hace para cuidar los fondos que escasean en la provincia. ","format":"standard","video":"","gallery":"","source_name":"","source_url":"","via_name":"","via_url":"","override_template":"0","override":[{"template":"1","single_blog_custom":"","parallax":"1","fullscreen":"1","layout":"no-sidebar-narrow","sidebar":"default-sidebar","second_sidebar":"default-sidebar","sticky_sidebar":"1","share_position":"bottom","share_float_style":"share-monocrhome","show_share_counter":"1","show_view_counter":"1","show_featured":"0","show_post_meta":"1","show_post_author":"0","show_post_author_image":"1","show_post_date":"1","post_date_format":"default","post_date_format_custom":"Y\/m\/d","show_post_category":"1","show_post_reading_time":"0","post_reading_time_wpm":"300","show_zoom_button":"0","zoom_button_out_step":"2","zoom_button_in_step":"3","show_post_tag":"1","show_prev_next_post":"0","show_popup_post":"0","number_popup_post":"1","show_author_box":"0","show_post_related":"1","show_inline_post_related":"0"}],"override_image_size":"0","image_override":[{"single_post_thumbnail_size":"crop-500","single_post_gallery_size":"crop-500"}],"trending_post":"0","trending_post_position":"meta","trending_post_label":"Trending","sponsored_post":"0","sponsored_post_label":"Sponsored by","sponsored_post_name":"","sponsored_post_url":"","sponsored_post_logo_enable":"0","sponsored_post_logo":"","sponsored_post_desc":"","disable_ad":"0"},"jnews_primary_category":{"id":"","hide":""},"jnews_social_meta":{"fb_title":"","fb_description":"","fb_image":"","twitter_title":"","twitter_description":"","twitter_image":""},"jnews_review":[],"enable_review":"0","type":"percentage","name":"","summary":"","brand":"","sku":"","good":[{"good_text":""}],"bad":[{"bad_text":""}],"score_override":"0","override_value":"","rating":[{"rating_text":"","rating_number":"10"}],"price":[{"shop":"","price":"","link":"","icon":""}],"jnews_override_counter":{"override_view_counter":"0","view_counter_number":"0","override_share_counter":"0","share_counter_number":"0","override_like_counter":"0","like_counter_number":"0","override_dislike_counter":"0","dislike_counter_number":"0"},"jnews_post_split":{"enable_post_split":"0","post_split":[{"template":"1","tag":"h2","numbering":"asc","mode":"normal","first":"0","enable_toc":"0","toc_type":"normal"}]},"footnotes":""},"categories":[53,8],"tags":[],"class_list":["post-43388","post","type-post","status-publish","format-standard","has-post-thumbnail","hentry","category-comunicados-de-prensa","category-provinciales"],"jetpack_featured_media_url":"https:\/\/atecordoba.org\/wp-content\/uploads\/2024\/05\/panal-2.jpg","_links":{"self":[{"href":"https:\/\/atecordoba.org\/index.php?rest_route=\/wp\/v2\/posts\/43388","targetHints":{"allow":["GET"]}}],"collection":[{"href":"https:\/\/atecordoba.org\/index.php?rest_route=\/wp\/v2\/posts"}],"about":[{"href":"https:\/\/atecordoba.org\/index.php?rest_route=\/wp\/v2\/types\/post"}],"author":[{"embeddable":true,"href":"https:\/\/atecordoba.org\/index.php?rest_route=\/wp\/v2\/users\/7"}],"replies":[{"embeddable":true,"href":"https:\/\/atecordoba.org\/index.php?rest_route=%2Fwp%2Fv2%2Fcomments&post=43388"}],"version-history":[{"count":1,"href":"https:\/\/atecordoba.org\/index.php?rest_route=\/wp\/v2\/posts\/43388\/revisions"}],"predecessor-version":[{"id":43392,"href":"https:\/\/atecordoba.org\/index.php?rest_route=\/wp\/v2\/posts\/43388\/revisions\/43392"}],"wp:featuredmedia":[{"embeddable":true,"href":"https:\/\/atecordoba.org\/index.php?rest_route=\/wp\/v2\/media\/43391"}],"wp:attachment":[{"href":"https:\/\/atecordoba.org\/index.php?rest_route=%2Fwp%2Fv2%2Fmedia&parent=43388"}],"wp:term":[{"taxonomy":"category","embeddable":true,"href":"https:\/\/atecordoba.org\/index.php?rest_route=%2Fwp%2Fv2%2Fcategories&post=43388"},{"taxonomy":"post_tag","embeddable":true,"href":"https:\/\/atecordoba.org\/index.php?rest_route=%2Fwp%2Fv2%2Ftags&post=43388"}],"curies":[{"name":"wp","href":"https:\/\/api.w.org\/{rel}","templated":true}]}}