{"id":43384,"date":"2024-05-13T12:51:12","date_gmt":"2024-05-13T15:51:12","guid":{"rendered":"https:\/\/atecordoba.org\/?p=43384"},"modified":"2024-05-13T12:51:13","modified_gmt":"2024-05-13T15:51:13","slug":"en-defensa-del-empleo-publico-repudio-a-la-ley-de-bases","status":"publish","type":"post","link":"https:\/\/atecordoba.org\/?p=43384","title":{"rendered":"En defensa del empleo p\u00fablico: repudio a la Ley de Bases"},"content":{"rendered":"<div class=\"wp-block-image\">\n<figure class=\"aligncenter size-large is-resized\"><img loading=\"lazy\" decoding=\"async\" width=\"1024\" height=\"682\" src=\"https:\/\/atecordoba.org\/wp-content\/uploads\/2024\/05\/WhatsApp-Image-2023-11-06-at-18.19.17-1-1024x682.jpeg\" alt=\"\" class=\"wp-image-43385\" style=\"width:600px\" \/><\/figure>\n<\/div>\n\n\n<p>La presidencia de Javier Milei, y su vicepresidenta Victoria Villarruel, encarna una verdadero \u2018Proceso de Reorganizaci\u00f3n Nacional\u2019 que tiene como objetivo someter a la Argentina a una situaci\u00f3n de neocoloniaje, semiesclavitud y mayor pobreza para el conjunto de la poblaci\u00f3n.<\/p>\n\n\n\n<p>Para ellos pretende contar con las supuestas \u2018herramientas\u2019 que algunos gobernadores, diputados, senadores y dirigentes afines al proyecto libertario le otorgar\u00e1n al Milei en el Congreso, con la aprobaci\u00f3n de la llamada Ley de Bases.<\/p>\n\n\n\n<p>El proyecto con media sanci\u00f3n de la C\u00e1mara de Diputados habilita al gobierno a avanzar las garant\u00edas que la Constituci\u00f3n dispone para el Empleo P\u00fablico, el sistema laboral y previsional, mientras entrega a remate empresas p\u00fablicas estrat\u00e9gicas para el desarrollo nacional y facilita un sistema d fomento a las grandes inversiones de las corporaciones transnacionales, bajo entre de la soberan\u00eda sobre los recursos naturales.<\/p>\n\n\n\n<p>Es una verg\u00fcenza que el Congreso apruebe este verdadero \u2018Estatuto del Coloniaje\u2019. ATE C\u00f3rdoba est\u00e1 interviniendo fuertemente en el debate p\u00fablico, esclareciendo los crueles efectos que el proyecto oficial tendr\u00e1 sobre la poblaci\u00f3n de la provincia, que ya est\u00e1 sufriendo el resultado de la pol\u00edtica econ\u00f3mica con despidos masivos, retiro del Estado y abandono de los sectores m\u00e1s vulnerables de la sociedad, aquellos que necesitan la ayuda estatal para sobrevivir.<\/p>\n\n\n\n<p>As\u00ed fue que se realizaron entrevistas con la mayor\u00eda de las y los diputados nacionales por C\u00f3rdoba, y se solicit\u00f3 encuentros con las y los senadores, as\u00ed como con las y los ministros provinciales, alertando sobre los perjuicios que el retiro del Estado de los territorios generar\u00e1 para C\u00f3rdoba.<\/p>\n\n\n\n<p>En esa l\u00ednea ATE logr\u00f3 que la Legislatura Unicameral aprobara una declaraci\u00f3n en rechazo a la huida del Estado de la provincia, Estado que las y los cordobesas sostenemos con los impuestos y que el gobierno tiene la obligaci\u00f3n de devolver en derechos y servicios.<\/p>\n\n\n\n<p>En ese marco, las y los trabajadores estatales somos de los sectores m\u00e1s afectados por esta pol\u00edtica: con reestructuraciones o el achique y\/o disoluci\u00f3n de cualquier organismo, quedamos a disponibilidad por hasta 12 meses, realizando capacitaciones o trabajando en servicios tercerizados del Estado.<\/p>\n\n\n\n<p>Si nos negamos seremos despedidos y despedidas, violando el art\u00edculo 14 Bis de la Constituci\u00f3n que, entre otros derechos, reconoce la \u201cestabilidad del empleado p\u00fablico\u201d.<\/p>\n\n\n\n<p>Incluso aquel personal que goce de licencias por enfermedad, accidente, embarazo o matrimonio ya no contar\u00e1n con esa protecci\u00f3n para ser despedidos.<\/p>\n\n\n\n<p>De aprobarse la Ley de Bases, nos veremos expuestos a jubilaciones compulsivas, traslados geogr\u00e1ficos arbitrarios, al tiempo que recrudecer\u00e1 la r\u00e9gimen disciplinario para justificar cesant\u00edas.<\/p>\n\n\n\n<p>Este r\u00e9gimen que impone una dictadura como sistema de trabajo elimina las veedur\u00edas gremiales, hiriendo de muerte la igualdad de oportunidades en el desarrollo de las carrera administrativa. Tambi\u00e9n atenta contra el derecho a huelga al ordenar el descuento del d\u00eda de paro. &nbsp;<\/p>\n\n\n\n<p>Para peor, se modifica la al\u00edcuota del impuesto al trabajo, mientras disminuye el impuesto a los bienes personales. O sea, las y los que menos tienen ponen m\u00e1s y quienes tienen m\u00e1s ponen menos.<\/p>\n\n\n\n<p>En esa l\u00ednea, se elimina la moratoria que permite jubilarse a las personas que no cuenten con los 30 a\u00f1os de aportes, por haber trabajado en la informalidad o se hayan dedicado a tareas de cuidado. Esto afecta particularmente a las mujeres. Solo 1 de cada 10 cuenta con los aportes necesarios para acceder al beneficio de la jubilaci\u00f3n.<\/p>\n\n\n\n<p>De aprobarse las ley:<\/p>\n\n\n\n<ul class=\"wp-block-list\">\n<li>La libertad va a ser del Estado para quitarte la estabilidad, reubicarte de manera compulsiva, obligarte a jubilarte, limitar la paritaria y cercenar el derecho a huelga.<\/li>\n\n\n\n<li>La libertad ser\u00e1 de los empleadores a contratarte en negro, sin cumplir con las condiciones de salubridad en el trabajo y despidi\u00e9ndote sin indemnizaci\u00f3n ni costo.<\/li>\n\n\n\n<li>La libertad estar\u00e1 en manos de las corporaciones alimenticias, prestadoras de servicios, prepagas, laboratorios de aumentar sus ganancias y aplicar tarifazos a costa de tu salario.<\/li>\n\n\n\n<li>La libertad va a ser de los fondos especulativos para apropiarse de nuestros aportes previsionales realizados con a\u00f1os de trabajo.<\/li>\n\n\n\n<li>La libertad ser\u00e1 de las grandes corporaciones para explotar nuestros recursos naturales mientras contaminan sin control el ambiente y fugan sus ganancias.<\/li>\n<\/ul>\n\n\n\n<p><strong>Desde ATE C\u00f3rdoba exigimos que termine el ataque contra las y los trabajadores. Basta de despidos. Las y los estatales no somos casta sino garantes de los derechos de la poblaci\u00f3n. Rechazamos el Pacto de Mayo y nos pronunciamos en defensa del trabajo y del Estado. Por la Construcci\u00f3n de un Contra Pacto de Mayo en C\u00f3rdoba que d\u00e9 inicio a un movimiento popular por la soberan\u00eda nacional.<\/strong><\/p>\n\n\n\n<p>(texto en base al pronunciamiento de la Junta Interna de ATE Desarrollo Social)<\/p>\n","protected":false},"excerpt":{"rendered":"<p>La presidencia de Javier Milei, y su vicepresidenta Victoria Villarruel, encarna una verdadero \u2018Proceso de Reorganizaci\u00f3n Nacional\u2019 que tiene como objetivo someter a la Argentina a una situaci\u00f3n de neocoloniaje, semiesclavitud y mayor pobreza para el conjunto de la poblaci\u00f3n. Para ellos pretende contar con las supuestas \u2018herramientas\u2019 que algunos gobernadores, diputados, senadores y dirigentes [&hellip;]<\/p>\n","protected":false},"author":7,"featured_media":43385,"comment_status":"open","ping_status":"open","sticky":false,"template":"","format":"standard","meta":{"_exactmetrics_skip_tracking":false,"_exactmetrics_sitenote_active":false,"_exactmetrics_sitenote_note":"","_exactmetrics_sitenote_category":0,"jnews-multi-image_gallery":[],"jnews_single_post":{"subtitle":"Desde ATE C\u00f3rdoba exigimos que termine el ataque contra las y los trabajadores. Basta de despidos. Las y los estatales no somos casta sino garantes de los derechos de la poblaci\u00f3n. Rechazamos el Pacto de Mayo y nos pronunciamos en defensa del trabajo y del Estado. Por la Construcci\u00f3n de un Contra Pacto de Mayo en C\u00f3rdoba que d\u00e9 inicio a un movimiento popular por la soberan\u00eda nacional.","format":"standard","video":"","gallery":"","source_name":"","source_url":"","via_name":"","via_url":"","override_template":"0","override":[{"template":"1","single_blog_custom":"","parallax":"1","fullscreen":"1","layout":"no-sidebar-narrow","sidebar":"default-sidebar","second_sidebar":"default-sidebar","sticky_sidebar":"1","share_position":"bottom","share_float_style":"share-monocrhome","show_share_counter":"1","show_view_counter":"1","show_featured":"0","show_post_meta":"1","show_post_author":"0","show_post_author_image":"1","show_post_date":"1","post_date_format":"default","post_date_format_custom":"Y\/m\/d","show_post_category":"1","show_post_reading_time":"0","post_reading_time_wpm":"300","show_zoom_button":"0","zoom_button_out_step":"2","zoom_button_in_step":"3","show_post_tag":"1","show_prev_next_post":"0","show_popup_post":"0","number_popup_post":"1","show_author_box":"0","show_post_related":"1","show_inline_post_related":"0"}],"override_image_size":"0","image_override":[{"single_post_thumbnail_size":"crop-500","single_post_gallery_size":"crop-500"}],"trending_post":"0","trending_post_position":"meta","trending_post_label":"Trending","sponsored_post":"0","sponsored_post_label":"Sponsored by","sponsored_post_name":"","sponsored_post_url":"","sponsored_post_logo_enable":"0","sponsored_post_logo":"","sponsored_post_desc":"","disable_ad":"0"},"jnews_primary_category":{"id":"","hide":""},"jnews_social_meta":{"fb_title":"","fb_description":"","fb_image":"","twitter_title":"","twitter_description":"","twitter_image":""},"jnews_review":[],"enable_review":"0","type":"percentage","name":"","summary":"","brand":"","sku":"","good":[{"good_text":""}],"bad":[{"bad_text":""}],"score_override":"0","override_value":"","rating":[{"rating_text":"","rating_number":"10"}],"price":[{"shop":"","price":"","link":"","icon":""}],"jnews_override_counter":{"override_view_counter":"0","view_counter_number":"0","override_share_counter":"0","share_counter_number":"0","override_like_counter":"0","like_counter_number":"0","override_dislike_counter":"0","dislike_counter_number":"0"},"jnews_post_split":{"enable_post_split":"0","post_split":[{"template":"1","tag":"h2","numbering":"asc","mode":"normal","first":"0","enable_toc":"0","toc_type":"normal"}]},"footnotes":""},"categories":[10],"tags":[],"class_list":["post-43384","post","type-post","status-publish","format-standard","has-post-thumbnail","hentry","category-accion-politica"],"jetpack_featured_media_url":"https:\/\/atecordoba.org\/wp-content\/uploads\/2024\/05\/WhatsApp-Image-2023-11-06-at-18.19.17-1-e1715615465769.jpeg","_links":{"self":[{"href":"https:\/\/atecordoba.org\/index.php?rest_route=\/wp\/v2\/posts\/43384","targetHints":{"allow":["GET"]}}],"collection":[{"href":"https:\/\/atecordoba.org\/index.php?rest_route=\/wp\/v2\/posts"}],"about":[{"href":"https:\/\/atecordoba.org\/index.php?rest_route=\/wp\/v2\/types\/post"}],"author":[{"embeddable":true,"href":"https:\/\/atecordoba.org\/index.php?rest_route=\/wp\/v2\/users\/7"}],"replies":[{"embeddable":true,"href":"https:\/\/atecordoba.org\/index.php?rest_route=%2Fwp%2Fv2%2Fcomments&post=43384"}],"version-history":[{"count":1,"href":"https:\/\/atecordoba.org\/index.php?rest_route=\/wp\/v2\/posts\/43384\/revisions"}],"predecessor-version":[{"id":43386,"href":"https:\/\/atecordoba.org\/index.php?rest_route=\/wp\/v2\/posts\/43384\/revisions\/43386"}],"wp:featuredmedia":[{"embeddable":true,"href":"https:\/\/atecordoba.org\/index.php?rest_route=\/wp\/v2\/media\/43385"}],"wp:attachment":[{"href":"https:\/\/atecordoba.org\/index.php?rest_route=%2Fwp%2Fv2%2Fmedia&parent=43384"}],"wp:term":[{"taxonomy":"category","embeddable":true,"href":"https:\/\/atecordoba.org\/index.php?rest_route=%2Fwp%2Fv2%2Fcategories&post=43384"},{"taxonomy":"post_tag","embeddable":true,"href":"https:\/\/atecordoba.org\/index.php?rest_route=%2Fwp%2Fv2%2Ftags&post=43384"}],"curies":[{"name":"wp","href":"https:\/\/api.w.org\/{rel}","templated":true}]}}