{"id":43365,"date":"2024-05-10T09:31:17","date_gmt":"2024-05-10T12:31:17","guid":{"rendered":"https:\/\/atecordoba.org\/?p=43365"},"modified":"2024-05-10T09:31:17","modified_gmt":"2024-05-10T12:31:17","slug":"solidaridad-con-las-y-los-trabajadores-de-los-srt-unc","status":"publish","type":"post","link":"https:\/\/atecordoba.org\/?p=43365","title":{"rendered":"Solidaridad con las y los trabajadores de los SRT-UNC"},"content":{"rendered":"<div class=\"wp-block-image\">\n<figure class=\"aligncenter size-full is-resized\"><img loading=\"lazy\" decoding=\"async\" width=\"599\" height=\"603\" src=\"https:\/\/atecordoba.org\/wp-content\/uploads\/2024\/05\/SRT-flyersolidario.jpg\" alt=\"\" class=\"wp-image-43366\" style=\"width:600px\" srcset=\"https:\/\/atecordoba.org\/wp-content\/uploads\/2024\/05\/SRT-flyersolidario.jpg 599w, https:\/\/atecordoba.org\/wp-content\/uploads\/2024\/05\/SRT-flyersolidario-298x300.jpg 298w, https:\/\/atecordoba.org\/wp-content\/uploads\/2024\/05\/SRT-flyersolidario-150x150.jpg 150w, https:\/\/atecordoba.org\/wp-content\/uploads\/2024\/05\/SRT-flyersolidario-75x75.jpg 75w\" sizes=\"auto, (max-width: 599px) 100vw, 599px\" \/><\/figure>\n<\/div>\n\n\n<p>Este viernes 10 mayo, a las 12 horas, est\u00e1 convocado un abrazo al Multimedio SRT de la Universidad Nacional de C\u00f3rdoba (UNC), en v\u00edsperas del cumplea\u00f1os 62 de Canal 10.<\/p>\n\n\n\n<p>ATE C\u00f3rdoba se solidariza con la lucha de las y los trabajadores por sostener sus  puestos de trabajo, asi como la continuidad de la empresa de comunicaci\u00f3n universitaria, habida cuenta del brutal ajuste que el Gobierno de Javier Milei impone sobre el sistema educativo, que impacta a trav\u00e9s del congelamiento presupuestario en la UNC.<\/p>\n\n\n\n<p>La asamblea de los SRT afirm\u00f3 ayer durante el paro general: &#8220;vemos que el plan de retiros y jubilaciones anticipadas nos arranc\u00f3 a muchxs compa\u00f1erxs que cumpl\u00edan funciones esenciales, y seguimos sin recibir informaci\u00f3n acerca de cu\u00e1l es el plan a futuro para la empresa y quienes la integramos&#8221;.<\/p>\n\n\n\n<p>Y agreg\u00f3 que &#8220;en d\u00edas de angustia e incertidumbre, en los que nuestros salarios y puestos de trabajo est\u00e1n en riesgo, invitamos a que nos acompa\u00f1en en este abrazo solidario para decir que vamos a defender a nuestros SRT de la motosierra&#8221;.<\/p>\n\n\n\n<p>Contra la crueldad, el abrazo. En los SRT no sobra nadie. En la Argentina no sobra nadie<\/p>\n\n\n\n<p>La convocatoria es en Miguel de Mujica 1600, barrio Marqu\u00e9s de Sobremonte. <\/p>\n","protected":false},"excerpt":{"rendered":"<p>Este viernes 10 mayo, a las 12 horas, est\u00e1 convocado un abrazo al Multimedio SRT de la Universidad Nacional de C\u00f3rdoba (UNC), en v\u00edsperas del cumplea\u00f1os 62 de Canal 10. ATE C\u00f3rdoba se solidariza con la lucha de las y los trabajadores por sostener sus puestos de trabajo, asi como la continuidad de la empresa [&hellip;]<\/p>\n","protected":false},"author":7,"featured_media":43367,"comment_status":"open","ping_status":"open","sticky":false,"template":"","format":"standard","meta":{"_exactmetrics_skip_tracking":false,"_exactmetrics_sitenote_active":false,"_exactmetrics_sitenote_note":"","_exactmetrics_sitenote_category":0,"jnews-multi-image_gallery":[],"jnews_single_post":{"subtitle":"Contra la crueldad, el abrazo solidario. En los SRT no sobra nadie. En la Argentina no sobra nadie.","format":"standard","video":"","gallery":"","source_name":"","source_url":"","via_name":"","via_url":"","override_template":"0","override":[{"template":"1","single_blog_custom":"","parallax":"1","fullscreen":"1","layout":"no-sidebar-narrow","sidebar":"default-sidebar","second_sidebar":"default-sidebar","sticky_sidebar":"1","share_position":"bottom","share_float_style":"share-monocrhome","show_share_counter":"1","show_view_counter":"1","show_featured":"0","show_post_meta":"1","show_post_author":"0","show_post_author_image":"1","show_post_date":"1","post_date_format":"default","post_date_format_custom":"Y\/m\/d","show_post_category":"1","show_post_reading_time":"0","post_reading_time_wpm":"300","show_zoom_button":"0","zoom_button_out_step":"2","zoom_button_in_step":"3","show_post_tag":"1","show_prev_next_post":"0","show_popup_post":"0","number_popup_post":"1","show_author_box":"0","show_post_related":"1","show_inline_post_related":"0"}],"override_image_size":"0","image_override":[{"single_post_thumbnail_size":"crop-500","single_post_gallery_size":"crop-500"}],"trending_post":"0","trending_post_position":"meta","trending_post_label":"Trending","sponsored_post":"0","sponsored_post_label":"Sponsored by","sponsored_post_name":"","sponsored_post_url":"","sponsored_post_logo_enable":"0","sponsored_post_logo":"","sponsored_post_desc":"","disable_ad":"0"},"jnews_primary_category":{"id":"","hide":""},"jnews_social_meta":{"fb_title":"","fb_description":"","fb_image":"","twitter_title":"","twitter_description":"","twitter_image":""},"jnews_review":[],"enable_review":"0","type":"percentage","name":"","summary":"","brand":"","sku":"","good":[{"good_text":""}],"bad":[{"bad_text":""}],"score_override":"0","override_value":"","rating":[{"rating_text":"","rating_number":"10"}],"price":[{"shop":"","price":"","link":"","icon":""}],"jnews_override_counter":{"override_view_counter":"0","view_counter_number":"0","override_share_counter":"0","share_counter_number":"0","override_like_counter":"0","like_counter_number":"0","override_dislike_counter":"0","dislike_counter_number":"0"},"jnews_post_split":{"enable_post_split":"0","post_split":[{"template":"1","tag":"h2","numbering":"asc","mode":"normal","first":"0","enable_toc":"0","toc_type":"normal"}]},"footnotes":""},"categories":[10],"tags":[],"class_list":["post-43365","post","type-post","status-publish","format-standard","has-post-thumbnail","hentry","category-accion-politica"],"jetpack_featured_media_url":"https:\/\/atecordoba.org\/wp-content\/uploads\/2024\/05\/SRT-flyersolidarioport.jpg","_links":{"self":[{"href":"https:\/\/atecordoba.org\/index.php?rest_route=\/wp\/v2\/posts\/43365","targetHints":{"allow":["GET"]}}],"collection":[{"href":"https:\/\/atecordoba.org\/index.php?rest_route=\/wp\/v2\/posts"}],"about":[{"href":"https:\/\/atecordoba.org\/index.php?rest_route=\/wp\/v2\/types\/post"}],"author":[{"embeddable":true,"href":"https:\/\/atecordoba.org\/index.php?rest_route=\/wp\/v2\/users\/7"}],"replies":[{"embeddable":true,"href":"https:\/\/atecordoba.org\/index.php?rest_route=%2Fwp%2Fv2%2Fcomments&post=43365"}],"version-history":[{"count":1,"href":"https:\/\/atecordoba.org\/index.php?rest_route=\/wp\/v2\/posts\/43365\/revisions"}],"predecessor-version":[{"id":43368,"href":"https:\/\/atecordoba.org\/index.php?rest_route=\/wp\/v2\/posts\/43365\/revisions\/43368"}],"wp:featuredmedia":[{"embeddable":true,"href":"https:\/\/atecordoba.org\/index.php?rest_route=\/wp\/v2\/media\/43367"}],"wp:attachment":[{"href":"https:\/\/atecordoba.org\/index.php?rest_route=%2Fwp%2Fv2%2Fmedia&parent=43365"}],"wp:term":[{"taxonomy":"category","embeddable":true,"href":"https:\/\/atecordoba.org\/index.php?rest_route=%2Fwp%2Fv2%2Fcategories&post=43365"},{"taxonomy":"post_tag","embeddable":true,"href":"https:\/\/atecordoba.org\/index.php?rest_route=%2Fwp%2Fv2%2Ftags&post=43365"}],"curies":[{"name":"wp","href":"https:\/\/api.w.org\/{rel}","templated":true}]}}