{"id":4336,"date":"2014-07-24T17:57:33","date_gmt":"2014-07-24T20:57:33","guid":{"rendered":"http:\/\/www.atecordoba.org\/?p=4336"},"modified":"2014-07-24T17:57:33","modified_gmt":"2014-07-24T20:57:33","slug":"paro-en-el-lavadero-del-hospital-transito-caceres-de-allende","status":"publish","type":"post","link":"https:\/\/atecordoba.org\/?p=4336","title":{"rendered":"Paro en el lavadero del Hospital Tr\u00e1nsito C\u00e1ceres de Allende"},"content":{"rendered":"<p><em>Trabajadores del lavadero del nosocomio provincial iniciaron hoy 72 horas de paro total de actividades por la falta de respuestas de la Direcci\u00f3n ante el reclamo que se les suministre la ropa de trabajo, elemento fundamental para desarrollar sus labores en condiciones.<\/em><\/p>\n<p style=\"text-align: center;\"><a href=\"http:\/\/www.atecordoba.org\/wp-content\/uploads\/2014\/07\/espalda.png\"><img loading=\"lazy\" decoding=\"async\" class=\"aligncenter  wp-image-4337\" alt=\"espalda\" src=\"http:\/\/www.atecordoba.org\/wp-content\/uploads\/2014\/07\/espalda.png\" width=\"560\" height=\"419\" \/><\/a><\/p>\n<p>Inicialmente, el reclamo por la falta de ropa, que el hospital debe suministrar dos veces al a\u00f1o, se realiz\u00f3 en diciembre pasado pero las autoridades s\u00f3lo atinaron a responder con promesas y evasivas y dar soluci\u00f3n al pedido.<\/p>\n<p>Adem\u00e1s, los trabajadores se\u00f1alaron que retendr\u00e1n la ropa sucia que se encuentra en el lavadero para evitar que la Direcci\u00f3n tercerice el servicio ante la medida de fuerza.<\/p>\n<p>Esto tiene sentido, toda vez que el servicio de lavander\u00eda del Tr\u00e1nsito viene siendo v\u00edctima de un permanente vaciamiento, tanto por la carencia de personal como por la falta de material para cumplir correctamente con las funciones a su cargo.<\/p>\n<p>Por un lado, las autoridades no repusieron el personal que se jubil\u00f3 durante los \u00faltimos dos a\u00f1os ni reemplaz\u00f3 a otro compa\u00f1ero que falleci\u00f3 en ese periodo.<\/p>\n<p>Por otro, es alarmante la falta de mantenimiento de la maquinaria disponible: de tres lavadoras industriales que pertenecen al sector, una esta fuera de servicio y otra fue retirada por el servicio de mantenimiento y nunca se repuso porque el hospital no pag\u00f3 el arreglo;\u00a0de las dos centr\u00edfugas con que cuenta el servicio s\u00f3lo una est\u00e1 en marcha ya que la otra est\u00e1 fuera de funcionamiento pro la rotura de una pieza ; dos planchadoras est\u00e1n fuera de servicio hace siete a\u00f1os por lo que la ropa no se plancha.\u00a0Vale se\u00f1alar que que hace tres semanas el legislador radical De Loredo denunci\u00f3 que en el Hospital Neonatal se encuentran maquinas lavadoras embaladas sin utilizarse.<\/p>\n<p>En ese contexto, los trabajadores tienen buenos fundamentos para sospechar que el vaciamiento tiene por objetivo generar condiciones para tercerizar el servicio.<\/p>\n","protected":false},"excerpt":{"rendered":"<p>Trabajadores del lavadero del nosocomio provincial iniciaron hoy 72 horas de paro total de actividades por la falta de respuestas de la Direcci\u00f3n ante el reclamo que se les suministre la ropa de trabajo, elemento fundamental para desarrollar sus labores en condiciones. Inicialmente, el reclamo por la falta de ropa, que el hospital debe suministrar [&hellip;]<\/p>\n","protected":false},"author":1,"featured_media":19220,"comment_status":"open","ping_status":"open","sticky":false,"template":"","format":"standard","meta":{"_exactmetrics_skip_tracking":false,"_exactmetrics_sitenote_active":false,"_exactmetrics_sitenote_note":"","_exactmetrics_sitenote_category":0,"jnews-multi-image_gallery":[],"jnews_single_post":[],"jnews_primary_category":[],"jnews_social_meta":[],"jnews_review":[],"enable_review":"","type":"","name":"","summary":"","brand":"","sku":"","good":[],"bad":[],"score_override":"","override_value":"","rating":[],"price":[],"jnews_override_counter":[],"jnews_post_split":[],"footnotes":""},"categories":[7,8],"tags":[],"class_list":["post-4336","post","type-post","status-publish","format-standard","has-post-thumbnail","hentry","category-hospitales","category-provinciales"],"jetpack_featured_media_url":"https:\/\/atecordoba.org\/wp-content\/uploads\/2020\/05\/logo-nuevochico-e1561581322808.png","_links":{"self":[{"href":"https:\/\/atecordoba.org\/index.php?rest_route=\/wp\/v2\/posts\/4336","targetHints":{"allow":["GET"]}}],"collection":[{"href":"https:\/\/atecordoba.org\/index.php?rest_route=\/wp\/v2\/posts"}],"about":[{"href":"https:\/\/atecordoba.org\/index.php?rest_route=\/wp\/v2\/types\/post"}],"author":[{"embeddable":true,"href":"https:\/\/atecordoba.org\/index.php?rest_route=\/wp\/v2\/users\/1"}],"replies":[{"embeddable":true,"href":"https:\/\/atecordoba.org\/index.php?rest_route=%2Fwp%2Fv2%2Fcomments&post=4336"}],"version-history":[{"count":0,"href":"https:\/\/atecordoba.org\/index.php?rest_route=\/wp\/v2\/posts\/4336\/revisions"}],"wp:featuredmedia":[{"embeddable":true,"href":"https:\/\/atecordoba.org\/index.php?rest_route=\/wp\/v2\/media\/19220"}],"wp:attachment":[{"href":"https:\/\/atecordoba.org\/index.php?rest_route=%2Fwp%2Fv2%2Fmedia&parent=4336"}],"wp:term":[{"taxonomy":"category","embeddable":true,"href":"https:\/\/atecordoba.org\/index.php?rest_route=%2Fwp%2Fv2%2Fcategories&post=4336"},{"taxonomy":"post_tag","embeddable":true,"href":"https:\/\/atecordoba.org\/index.php?rest_route=%2Fwp%2Fv2%2Ftags&post=4336"}],"curies":[{"name":"wp","href":"https:\/\/api.w.org\/{rel}","templated":true}]}}