{"id":4332,"date":"2014-07-22T18:37:55","date_gmt":"2014-07-22T21:37:55","guid":{"rendered":"http:\/\/www.atecordoba.org\/?p=4332"},"modified":"2014-07-22T18:37:55","modified_gmt":"2014-07-22T21:37:55","slug":"asamblea-de-trabajadores-de-parques-nacionales-adhirio-la-paro-de-72-horas-que-se-inicia-manana","status":"publish","type":"post","link":"https:\/\/atecordoba.org\/?p=4332","title":{"rendered":"Asamblea de trabajadores de Parques Nacionales adhiri\u00f3 la paro de 72 horas que se inicia ma\u00f1ana"},"content":{"rendered":"<p><em>Trabajadores de la Direcci\u00f3n Regional Centro de la Administraci\u00f3n de Parques Nacionales (APN) resolvieron, en una asamblea realizada hoy, adherir al paro de 72 horas que se llevar\u00e1 a cabo a partir de ma\u00f1ana.\u00a0<\/em><\/p>\n<p style=\"text-align: center;\"><a href=\"http:\/\/www.atecordoba.org\/wp-content\/uploads\/2014\/07\/DSC04224.jpg\"><img loading=\"lazy\" decoding=\"async\" class=\"aligncenter  wp-image-4333\" alt=\"DSC04224\" src=\"http:\/\/www.atecordoba.org\/wp-content\/uploads\/2014\/07\/DSC04224.jpg\" width=\"518\" height=\"389\" \/><\/a><\/p>\n<p>&nbsp;<\/p>\n<p>Los trabajadores se reunieron en asamblea para discutir y analizar la situaci\u00f3n del conflicto laboral que se mantiene con el Directorio de la Administraci\u00f3n de Parques Nacionales, a ra\u00edz de la falta de respuesta favorable a los puntos del petitorio presentado en marzo del corriente a\u00f1o. Estuvo presente el compa\u00f1ero Dar\u00edo Orellano, integrante de la Secretar\u00eda Gremial del Consejo Directivo Nacional de ATE, quien inform\u00f3 lo discutido el jueves pasado con el vicepresidente de APN, Daniel Ramos.<\/p>\n<p>Tras realizar el debate, los compa\u00f1eros resolvieron:<\/p>\n<ul>\n<li>Rechazar la propuesta ofrecida de un aumento del 28% sobre los premios est\u00edmulo, por considerarlo insuficiente e inadecuado a la realidad inflacionaria de nuestro pa\u00eds, \u00e9stos\u00a0\u00a0no han sido actualizados desde el a\u00f1o 2010.<\/li>\n<li>Adherir al paro nacional por 72 hs convocado por los compa\u00f1eros para los d\u00edas 23, 24 y 25 del corriente. De no mediar respuesta favorable a los puntos del petitorio, se acordar\u00e1 con los compa\u00f1eros de la APN las medidas de fuerza a seguir.<\/li>\n<li>De no tener respuesta favorable, continuar la semana entrante con la medida de fuerza de quite de colaboraci\u00f3n en las \u00faltimas 4 hs de cada turno laboral, sin que esto implique dejar de lado cualquier otra medida que se acuerde en asambleas.<\/li>\n<li>Convocamos a los compa\u00f1eros de los PN Sierras de las Quijadas, Quebrada del Condorito, Talampaya, San Guillermo y El Leoncito, y al Centro de Formaci\u00f3n y Capacitaci\u00f3n en \u00c1reas Protegidas (Embalse);\u00a0\u00a0a realizar el Plenario Regional en el CDP de C\u00f3rdoba con fecha tentativa del 21 de agosto del corriente.<\/li>\n<\/ul>\n<p>La asamblea se realiz\u00f3 en la sede del Consejo Directivo Provincial de ATE C\u00f3rdoba debido a que las dependencias de la DRC se encuentran con problemas edilicios de larga data y por obras de refacci\u00f3n y ampliaci\u00f3n, por lo cual permanecer\u00e1 cerrada hasta que est\u00e9 en condiciones para realizar las labores cotidianas.<\/p>\n<p>&nbsp;<\/p>\n<p>&nbsp;<\/p>\n","protected":false},"excerpt":{"rendered":"<p>Trabajadores de la Direcci\u00f3n Regional Centro de la Administraci\u00f3n de Parques Nacionales (APN) resolvieron, en una asamblea realizada hoy, adherir al paro de 72 horas que se llevar\u00e1 a cabo a partir de ma\u00f1ana.\u00a0 &nbsp; Los trabajadores se reunieron en asamblea para discutir y analizar la situaci\u00f3n del conflicto laboral que se mantiene con el [&hellip;]<\/p>\n","protected":false},"author":1,"featured_media":19220,"comment_status":"open","ping_status":"open","sticky":false,"template":"","format":"standard","meta":{"_exactmetrics_skip_tracking":false,"_exactmetrics_sitenote_active":false,"_exactmetrics_sitenote_note":"","_exactmetrics_sitenote_category":0,"jnews-multi-image_gallery":[],"jnews_single_post":[],"jnews_primary_category":[],"jnews_social_meta":[],"jnews_review":[],"enable_review":"","type":"","name":"","summary":"","brand":"","sku":"","good":[],"bad":[],"score_override":"","override_value":"","rating":[],"price":[],"jnews_override_counter":[],"jnews_post_split":[],"footnotes":""},"categories":[18,96],"tags":[],"class_list":["post-4332","post","type-post","status-publish","format-standard","has-post-thumbnail","hentry","category-nacionales","category-parques-nacionales-2"],"jetpack_featured_media_url":"https:\/\/atecordoba.org\/wp-content\/uploads\/2020\/05\/logo-nuevochico-e1561581322808.png","_links":{"self":[{"href":"https:\/\/atecordoba.org\/index.php?rest_route=\/wp\/v2\/posts\/4332","targetHints":{"allow":["GET"]}}],"collection":[{"href":"https:\/\/atecordoba.org\/index.php?rest_route=\/wp\/v2\/posts"}],"about":[{"href":"https:\/\/atecordoba.org\/index.php?rest_route=\/wp\/v2\/types\/post"}],"author":[{"embeddable":true,"href":"https:\/\/atecordoba.org\/index.php?rest_route=\/wp\/v2\/users\/1"}],"replies":[{"embeddable":true,"href":"https:\/\/atecordoba.org\/index.php?rest_route=%2Fwp%2Fv2%2Fcomments&post=4332"}],"version-history":[{"count":0,"href":"https:\/\/atecordoba.org\/index.php?rest_route=\/wp\/v2\/posts\/4332\/revisions"}],"wp:featuredmedia":[{"embeddable":true,"href":"https:\/\/atecordoba.org\/index.php?rest_route=\/wp\/v2\/media\/19220"}],"wp:attachment":[{"href":"https:\/\/atecordoba.org\/index.php?rest_route=%2Fwp%2Fv2%2Fmedia&parent=4332"}],"wp:term":[{"taxonomy":"category","embeddable":true,"href":"https:\/\/atecordoba.org\/index.php?rest_route=%2Fwp%2Fv2%2Fcategories&post=4332"},{"taxonomy":"post_tag","embeddable":true,"href":"https:\/\/atecordoba.org\/index.php?rest_route=%2Fwp%2Fv2%2Ftags&post=4332"}],"curies":[{"name":"wp","href":"https:\/\/api.w.org\/{rel}","templated":true}]}}