{"id":43242,"date":"2024-05-03T15:25:07","date_gmt":"2024-05-03T18:25:07","guid":{"rendered":"https:\/\/atecordoba.org\/?p=43242"},"modified":"2024-05-03T15:28:07","modified_gmt":"2024-05-03T18:28:07","slug":"giuliani-milei-realineo-la-politica-internacional-con-intereses-foraneos-contrarios-a-la-tradicion-y-la-historia-argentina","status":"publish","type":"post","link":"https:\/\/atecordoba.org\/?p=43242","title":{"rendered":"Giuliani: &#8220;Milei realine\u00f3 la pol\u00edtica internacional con intereses for\u00e1neos, contrarios a la tradici\u00f3n y la historia argentina&#8221;"},"content":{"rendered":"<div class=\"wp-block-image\">\n<figure class=\"alignright size-full\"><img loading=\"lazy\" decoding=\"async\" width=\"433\" height=\"607\" src=\"https:\/\/atecordoba.org\/wp-content\/uploads\/2024\/05\/federico-palestino.jpg\" alt=\"\" class=\"wp-image-43244\" srcset=\"https:\/\/atecordoba.org\/wp-content\/uploads\/2024\/05\/federico-palestino.jpg 433w, https:\/\/atecordoba.org\/wp-content\/uploads\/2024\/05\/federico-palestino-214x300.jpg 214w, https:\/\/atecordoba.org\/wp-content\/uploads\/2024\/05\/federico-palestino-360x504.jpg 360w\" sizes=\"auto, (max-width: 433px) 100vw, 433px\" \/><\/figure>\n<\/div>\n\n\n<p>En una entrevista concedida a la emisora entrerriana Radio Col\u00f3n FM 89.1, el secretario General de ATE C\u00f3rdoba, Federico Giuliani, fij\u00f3 la postura de las y los estatales cordobeses respecto al panorama internacional y la pol\u00edtica exterior que aplica el Gobierno de Javier Milei. <\/p>\n\n\n\n<p>En un extracto de un largo di\u00e1logo mantenido con la radio del Departamento Col\u00f3n, ubicado a la vera del r\u00edo Uruguay, el dirigente estatal se\u00f1al\u00f3 que &#8220;este gobierno est\u00e1 poniendo en riesgo la soberan\u00eda econ\u00f3mica nacional y generando una dependencia con el imperio de turno, que en este caso es EE.UU., para peor alineado con Israel, rompiendo el eje de construcci\u00f3n regional latinoamericano que tuvimos por mucho tiempo, con Brasil, con Venezuela, siempre con Cuba. Es una relaci\u00f3n compleja que no podemos dejar pasar, no hay que permitir que se apruebe la Ley de Bases en el Senado ni el DNU, porque directamente rifan nuestra patria a precio de oferta&#8221;.<\/p>\n\n\n\n<p>Giuliani subray\u00f3 que &#8220;lamentablemente este gobierno realine\u00f3 la pol\u00edtica internacional con intereses for\u00e1neos que no tienen nada que ver con la tradici\u00f3n y la historia argentina, arraigada con Latinoam\u00e9rica y con lo m\u00e1s progresista y revolucionario que pueden tener los distintos pa\u00edses a nivel internacional&#8221;. <\/p>\n\n\n\n<p>Y advirti\u00f3 que &#8220;es un grave retroceso dif\u00edcil de recuperar por lo que no podemos dejarlo pasar. Mientras discut\u00edamos los despidos estatales, Javier Milei utilizaba el uso horario yanki -porque era media noche en Argentina y la ma\u00f1ana en EE.UU.-, para dar una conferencia de prensa en Ushuaia con la jefa del Comando Sur yanki donde anunci\u00f3 la base naval. Ya previamente hab\u00edan estado visitando el Acu\u00edfero Guaran\u00ed, que es la segunda reserva de agua dulce del mundo&#8221;. <\/p>\n\n\n\n<p>&#8220;Todo esto tambi\u00e9n se une a esto cuestiones como nuestras aguas dulce en el sur, la ley de tierras que permite comprar a los extranjeros cualquier cantidad de tierras, el litio&#8221;. <\/p>\n\n\n\n<p>Adem\u00e1s, remarc\u00f3 que &#8220;la clase pol\u00edtica que le est\u00e1 dando los votos tambi\u00e9n es responsable. Hay que escracharlos y hacerles sentir la condena social a donde vayan&#8221;.<\/p>\n\n\n\n<p><strong>Nuevo movimiento popular<\/strong><\/p>\n\n\n\n<p>En otro pasaje del di\u00e1logo con la radio entrerriana, pasando al panorama nacional, Giuliani dijo que &#8220;este gobierno vino por todo y por todos. Hay sectores que miran a\u00fan que sucede. Pero si todav\u00eda no te toc\u00f3 pasar hambre, como sucede en muchas barriadas argentinas, si no te despidieron del trabajo, sea estatal o privado -dado el parate general que genera despidos en comercio, f\u00e1bricas-, si sos de la mentada clase media argentina, \u00bfno te lleg\u00f3 el aumento de la prepagada, del colegio privado? \u00bftu pap\u00e1 jubilado hoy cobra 240 mil pesos, por debajo de la l\u00ednea de la indigencia? \u00bften\u00e9s un pariente con tratamiento oncol\u00f3gico que antes recib\u00eda los remedios gratis del Estado y ahora ya se est\u00e1n muriendo los pacientes que no reciben la medicaci\u00f3n?&#8221;<\/p>\n\n\n<div class=\"wp-block-image\">\n<figure class=\"aligncenter size-full is-resized\"><img loading=\"lazy\" decoding=\"async\" width=\"800\" height=\"600\" src=\"https:\/\/atecordoba.org\/wp-content\/uploads\/2024\/05\/ATEbanderas-1.jpg\" alt=\"\" class=\"wp-image-43245\" style=\"width:600px\" srcset=\"https:\/\/atecordoba.org\/wp-content\/uploads\/2024\/05\/ATEbanderas-1.jpg 800w, https:\/\/atecordoba.org\/wp-content\/uploads\/2024\/05\/ATEbanderas-1-300x225.jpg 300w, https:\/\/atecordoba.org\/wp-content\/uploads\/2024\/05\/ATEbanderas-1-768x576.jpg 768w, https:\/\/atecordoba.org\/wp-content\/uploads\/2024\/05\/ATEbanderas-1-750x563.jpg 750w\" sizes=\"auto, (max-width: 800px) 100vw, 800px\" \/><\/figure>\n<\/div>\n\n\n<p>En esa l\u00ednea, el secretario General afirm\u00f3 que &#8220;vienen por el pueblo, largaron un plan abriendo todos los frentes aprop\u00f3sito, generando un supuesto super\u00e1vit a costa del hambre de la gente. Hoy te dicen que la inflaci\u00f3n baja pero es porque no hay consumo, la gente no compra&#8221;.<\/p>\n\n\n\n<p>Ante este cuadro, Giuliani pidi\u00f3 unificar las peleas. &#8220;Hoy hay mucho micro conflicto en todo el territorio y hay que integrarlas en un solo pliego. La pelea ambiental, social, gremial y pol\u00edtica. En ese pliego tenemos que estar todos, no solo los laburantes haciendo kilombo para que este gobierno se vaya lo m\u00e1s r\u00e1pido posible. Sino que seamos parte de la propuesta que articule en alg\u00fan momento un movimiento popular que genere de nuevo un gobierno para la gente&#8221;, evalu\u00f3.<\/p>\n\n\n\n<p>Para concluir el razonamiento se\u00f1alando que el movimiento popular &#8220;no puede construirse con los mismo de siempre que nos dejaron a merced de este gobierno actual. Alberto Fern\u00e1ndez asumi\u00f3 diciendo que \u00edbamos a tener las heladeras llenas y todav\u00eda lo estamos esperando. No vamos a llevar adelante toda esta lucha para que vuelvan los mismos&#8221;.<\/p>\n\n\n\n<p>Entrevista completa<\/p>\n\n\n\n<figure class=\"wp-block-audio\"><audio controls src=\"https:\/\/atecordoba.org\/wp-content\/uploads\/2024\/05\/Entrevista-a-Fede-Giulliani-CTA-Cordoba-3.5.24.mp3\"><\/audio><\/figure>\n","protected":false},"excerpt":{"rendered":"<p>En una entrevista concedida a la emisora entrerriana Radio Col\u00f3n FM 89.1, el secretario General de ATE C\u00f3rdoba, Federico Giuliani, fij\u00f3 la postura de las y los estatales cordobeses respecto al panorama internacional y la pol\u00edtica exterior que aplica el Gobierno de Javier Milei. En un extracto de un largo di\u00e1logo mantenido con la radio [&hellip;]<\/p>\n","protected":false},"author":7,"featured_media":43243,"comment_status":"open","ping_status":"open","sticky":false,"template":"","format":"standard","meta":{"_exactmetrics_skip_tracking":false,"_exactmetrics_sitenote_active":false,"_exactmetrics_sitenote_note":"","_exactmetrics_sitenote_category":0,"jnews-multi-image_gallery":[],"jnews_single_post":{"subtitle":"\"Este gobierno est\u00e1 poniendo en riesgo la soberan\u00eda econ\u00f3mica nacional y generando una dependencia con el imperio de turno, que en este caso es EE.UU., para peor alineado con Israel, rompiendo el eje de construcci\u00f3n regional latinoamericano que tuvimos por mucho tiempo\", dijo nuestro secretario General. . ","format":"standard","video":"","gallery":"","source_name":"","source_url":"","via_name":"","via_url":"","override_template":"0","override":[{"template":"1","single_blog_custom":"","parallax":"1","fullscreen":"1","layout":"no-sidebar-narrow","sidebar":"default-sidebar","second_sidebar":"default-sidebar","sticky_sidebar":"1","share_position":"bottom","share_float_style":"share-monocrhome","show_share_counter":"1","show_view_counter":"1","show_featured":"0","show_post_meta":"1","show_post_author":"0","show_post_author_image":"1","show_post_date":"1","post_date_format":"default","post_date_format_custom":"Y\/m\/d","show_post_category":"1","show_post_reading_time":"0","post_reading_time_wpm":"300","show_zoom_button":"0","zoom_button_out_step":"2","zoom_button_in_step":"3","show_post_tag":"1","show_prev_next_post":"0","show_popup_post":"0","number_popup_post":"1","show_author_box":"0","show_post_related":"1","show_inline_post_related":"0"}],"override_image_size":"0","image_override":[{"single_post_thumbnail_size":"crop-500","single_post_gallery_size":"crop-500"}],"trending_post":"0","trending_post_position":"meta","trending_post_label":"Trending","sponsored_post":"0","sponsored_post_label":"Sponsored by","sponsored_post_name":"","sponsored_post_url":"","sponsored_post_logo_enable":"0","sponsored_post_logo":"","sponsored_post_desc":"","disable_ad":"0"},"jnews_primary_category":{"id":"","hide":""},"jnews_social_meta":{"fb_title":"","fb_description":"","fb_image":"","twitter_title":"","twitter_description":"","twitter_image":""},"jnews_review":[],"enable_review":"0","type":"percentage","name":"","summary":"","brand":"","sku":"","good":[{"good_text":""}],"bad":[{"bad_text":""}],"score_override":"0","override_value":"","rating":[{"rating_text":"","rating_number":"10"}],"price":[{"shop":"","price":"","link":"","icon":""}],"jnews_override_counter":{"override_view_counter":"0","view_counter_number":"0","override_share_counter":"0","share_counter_number":"0","override_like_counter":"0","like_counter_number":"0","override_dislike_counter":"0","dislike_counter_number":"0"},"jnews_post_split":{"enable_post_split":"0","post_split":[{"template":"1","tag":"h2","numbering":"asc","mode":"normal","first":"0","enable_toc":"0","toc_type":"normal"}]},"footnotes":""},"categories":[10],"tags":[],"class_list":["post-43242","post","type-post","status-publish","format-standard","has-post-thumbnail","hentry","category-accion-politica"],"jetpack_featured_media_url":"https:\/\/atecordoba.org\/wp-content\/uploads\/2024\/05\/federemera-negra.jpeg","_links":{"self":[{"href":"https:\/\/atecordoba.org\/index.php?rest_route=\/wp\/v2\/posts\/43242","targetHints":{"allow":["GET"]}}],"collection":[{"href":"https:\/\/atecordoba.org\/index.php?rest_route=\/wp\/v2\/posts"}],"about":[{"href":"https:\/\/atecordoba.org\/index.php?rest_route=\/wp\/v2\/types\/post"}],"author":[{"embeddable":true,"href":"https:\/\/atecordoba.org\/index.php?rest_route=\/wp\/v2\/users\/7"}],"replies":[{"embeddable":true,"href":"https:\/\/atecordoba.org\/index.php?rest_route=%2Fwp%2Fv2%2Fcomments&post=43242"}],"version-history":[{"count":1,"href":"https:\/\/atecordoba.org\/index.php?rest_route=\/wp\/v2\/posts\/43242\/revisions"}],"predecessor-version":[{"id":43248,"href":"https:\/\/atecordoba.org\/index.php?rest_route=\/wp\/v2\/posts\/43242\/revisions\/43248"}],"wp:featuredmedia":[{"embeddable":true,"href":"https:\/\/atecordoba.org\/index.php?rest_route=\/wp\/v2\/media\/43243"}],"wp:attachment":[{"href":"https:\/\/atecordoba.org\/index.php?rest_route=%2Fwp%2Fv2%2Fmedia&parent=43242"}],"wp:term":[{"taxonomy":"category","embeddable":true,"href":"https:\/\/atecordoba.org\/index.php?rest_route=%2Fwp%2Fv2%2Fcategories&post=43242"},{"taxonomy":"post_tag","embeddable":true,"href":"https:\/\/atecordoba.org\/index.php?rest_route=%2Fwp%2Fv2%2Ftags&post=43242"}],"curies":[{"name":"wp","href":"https:\/\/api.w.org\/{rel}","templated":true}]}}