{"id":4323,"date":"2014-07-21T17:36:31","date_gmt":"2014-07-21T20:36:31","guid":{"rendered":"http:\/\/www.atecordoba.org\/?p=4323"},"modified":"2014-07-21T17:36:31","modified_gmt":"2014-07-21T20:36:31","slug":"plenario-de-delegados-de-parques-nacionales-profundizar-el-plan-de-lucha","status":"publish","type":"post","link":"https:\/\/atecordoba.org\/?p=4323","title":{"rendered":"Plenario de delegados de Parques Nacionales: profundizar el plan de lucha"},"content":{"rendered":"<p><em>Ante la negativa de la Administraci\u00f3n de Parques Nacionales de recibir a los delegados del plenario nacional del sector, y ante el rechazo a acceder a los reclamos de los trabajadores, los compa\u00f1eros de todo el pa\u00eds resolvieron profundizar el conflicto. Ma\u00f1ana se realizar\u00e1 un plenario en C\u00f3rdoba.<\/em><\/p>\n<p style=\"text-align: center;\"><a href=\"http:\/\/www.atecordoba.org\/wp-content\/uploads\/2014\/07\/IMG-20140418-WA0000.jpg\"><img loading=\"lazy\" decoding=\"async\" class=\"aligncenter  wp-image-4324\" alt=\"IMG-20140418-WA0000\" src=\"http:\/\/www.atecordoba.org\/wp-content\/uploads\/2014\/07\/IMG-20140418-WA0000.jpg\" width=\"560\" height=\"420\" \/><\/a><\/p>\n<p>El plan de lucha encuentra su origen en la negativa de las autoridades a responder positivamente a una serie de reclamos y reivindicaciones propias del sectorial, que se vienen expresando en los distintos plenarios de la Coordinaci\u00f3n Nacional de Parques Nacionales. Los delegados cordobeses anticiparon que ma\u00f1ana se realizar\u00e1 un plenario local que podr\u00eda resolver un paro de 72 horas para esta semana, en sinton\u00eda con la propuesta que barajan los compa\u00f1eros de los diversos parques nacionales de todo el pa\u00eds.<\/p>\n<p>Los trabajadores de Parques Nacionales vienen reclamando terminar con los contratos a plazo de los brigadistas precarizados; el cumplimiento del compromiso de las autoridades de APN para comenzar la discusi\u00f3n del convenio colectivo sectorial que se dilata por la interposici\u00f3n de UPCN a pesar de que ATE es mayoritario en el sector; la actualizaci\u00f3n conforme la pauta salarial anual de los porcentajes no remunerativos; el reencasillamiento en SINEP de los trabajadores que concursaron en SINAPA en 2005 y 2007, entre otros puntos.<\/p>\n<p>Ma\u00f1ana se desarrollar\u00e1 el plenario en nuestra sede de Parana 140, desde las 10 horas.<\/p>\n<figure id=\"attachment_4327\" aria-describedby=\"caption-attachment-4327\" style=\"width: 591px\" class=\"wp-caption aligncenter\"><a href=\"http:\/\/www.atecordoba.org\/wp-content\/uploads\/2014\/07\/acta-plenario1.jpg\"><img loading=\"lazy\" decoding=\"async\" class=\" wp-image-4327 \" alt=\"acta plenario1\" src=\"http:\/\/www.atecordoba.org\/wp-content\/uploads\/2014\/07\/acta-plenario1.jpg\" width=\"591\" height=\"806\" \/><\/a><figcaption id=\"caption-attachment-4327\" class=\"wp-caption-text\">Acta plenario coordinaci\u00f3n de Parques Nacionales (1)<\/figcaption><\/figure>\n<figure id=\"attachment_4328\" aria-describedby=\"caption-attachment-4328\" style=\"width: 562px\" class=\"wp-caption aligncenter\"><a href=\"http:\/\/www.atecordoba.org\/wp-content\/uploads\/2014\/07\/acta-plenario2.jpg\"><img loading=\"lazy\" decoding=\"async\" class=\" wp-image-4328\" alt=\"acta plenario2\" src=\"http:\/\/www.atecordoba.org\/wp-content\/uploads\/2014\/07\/acta-plenario2.jpg\" width=\"562\" height=\"768\" \/><\/a><figcaption id=\"caption-attachment-4328\" class=\"wp-caption-text\">Acta plenario coordinaci\u00f3n de Parques Nacionales (2)<\/figcaption><\/figure>\n<p style=\"text-align: center;\">\n","protected":false},"excerpt":{"rendered":"<p>Ante la negativa de la Administraci\u00f3n de Parques Nacionales de recibir a los delegados del plenario nacional del sector, y ante el rechazo a acceder a los reclamos de los trabajadores, los compa\u00f1eros de todo el pa\u00eds resolvieron profundizar el conflicto. Ma\u00f1ana se realizar\u00e1 un plenario en C\u00f3rdoba. El plan de lucha encuentra su origen [&hellip;]<\/p>\n","protected":false},"author":1,"featured_media":19220,"comment_status":"open","ping_status":"open","sticky":false,"template":"","format":"standard","meta":{"_exactmetrics_skip_tracking":false,"_exactmetrics_sitenote_active":false,"_exactmetrics_sitenote_note":"","_exactmetrics_sitenote_category":0,"jnews-multi-image_gallery":[],"jnews_single_post":[],"jnews_primary_category":[],"jnews_social_meta":[],"jnews_review":[],"enable_review":"","type":"","name":"","summary":"","brand":"","sku":"","good":[],"bad":[],"score_override":"","override_value":"","rating":[],"price":[],"jnews_override_counter":[],"jnews_post_split":[],"footnotes":""},"categories":[18,96],"tags":[],"class_list":["post-4323","post","type-post","status-publish","format-standard","has-post-thumbnail","hentry","category-nacionales","category-parques-nacionales-2"],"jetpack_featured_media_url":"https:\/\/atecordoba.org\/wp-content\/uploads\/2020\/05\/logo-nuevochico-e1561581322808.png","_links":{"self":[{"href":"https:\/\/atecordoba.org\/index.php?rest_route=\/wp\/v2\/posts\/4323","targetHints":{"allow":["GET"]}}],"collection":[{"href":"https:\/\/atecordoba.org\/index.php?rest_route=\/wp\/v2\/posts"}],"about":[{"href":"https:\/\/atecordoba.org\/index.php?rest_route=\/wp\/v2\/types\/post"}],"author":[{"embeddable":true,"href":"https:\/\/atecordoba.org\/index.php?rest_route=\/wp\/v2\/users\/1"}],"replies":[{"embeddable":true,"href":"https:\/\/atecordoba.org\/index.php?rest_route=%2Fwp%2Fv2%2Fcomments&post=4323"}],"version-history":[{"count":0,"href":"https:\/\/atecordoba.org\/index.php?rest_route=\/wp\/v2\/posts\/4323\/revisions"}],"wp:featuredmedia":[{"embeddable":true,"href":"https:\/\/atecordoba.org\/index.php?rest_route=\/wp\/v2\/media\/19220"}],"wp:attachment":[{"href":"https:\/\/atecordoba.org\/index.php?rest_route=%2Fwp%2Fv2%2Fmedia&parent=4323"}],"wp:term":[{"taxonomy":"category","embeddable":true,"href":"https:\/\/atecordoba.org\/index.php?rest_route=%2Fwp%2Fv2%2Fcategories&post=4323"},{"taxonomy":"post_tag","embeddable":true,"href":"https:\/\/atecordoba.org\/index.php?rest_route=%2Fwp%2Fv2%2Ftags&post=4323"}],"curies":[{"name":"wp","href":"https:\/\/api.w.org\/{rel}","templated":true}]}}