{"id":43223,"date":"2024-05-03T10:42:34","date_gmt":"2024-05-03T13:42:34","guid":{"rendered":"https:\/\/atecordoba.org\/?p=43223"},"modified":"2024-05-03T10:55:17","modified_gmt":"2024-05-03T13:55:17","slug":"contrapacto-encuentro-obrero-estudiantil-en-la-unc","status":"publish","type":"post","link":"https:\/\/atecordoba.org\/?p=43223","title":{"rendered":"Contrapacto: Encuentro Obrero-Estudiantil en la UNC"},"content":{"rendered":"<div class=\"wp-block-image\">\n<figure class=\"aligncenter size-large is-resized\"><img loading=\"lazy\" decoding=\"async\" width=\"819\" height=\"1024\" src=\"https:\/\/atecordoba.org\/wp-content\/uploads\/2024\/05\/flyerobreroestudiantil2-819x1024.jpg\" alt=\"\" class=\"wp-image-43224\" style=\"width:600px\" srcset=\"https:\/\/atecordoba.org\/wp-content\/uploads\/2024\/05\/flyerobreroestudiantil2-819x1024.jpg 819w, https:\/\/atecordoba.org\/wp-content\/uploads\/2024\/05\/flyerobreroestudiantil2-240x300.jpg 240w, https:\/\/atecordoba.org\/wp-content\/uploads\/2024\/05\/flyerobreroestudiantil2-768x960.jpg 768w, https:\/\/atecordoba.org\/wp-content\/uploads\/2024\/05\/flyerobreroestudiantil2-750x938.jpg 750w, https:\/\/atecordoba.org\/wp-content\/uploads\/2024\/05\/flyerobreroestudiantil2.jpg 1080w\" sizes=\"auto, (max-width: 819px) 100vw, 819px\" \/><\/figure>\n<\/div>\n\n\n<p>El 6 de mayo se llevar\u00e1 a cabo una charla-debate en la Universidad Nacional de C\u00f3rdoba (UNC), en la Facultad de Ciencias Sociales, donde ATE participar\u00e1 junto a sindicatos  y organizaciones estudiantiles, denominado Encuentro Obrero-Estudiantil, en le marco del llamado Pacto de Mayo que impulsa el Gobierno de Javier Milei.<\/p>\n\n\n\n<p>La actividad est\u00e1 prevista para las 18 horas y contar\u00e1 como panelista al secretario General de ATE C\u00f3rdoba, Federico Giuliani, acompa\u00f1ado por la secretaria Adjunto de Adiuc, Leticia Medina, el secretario General del Gremio de Judiciales, Federico Cortelletti, la secretaria Adjunta de UPCN, Natalia Refice y el gremio no docente FATUN.<\/p>\n\n\n\n<p>La charla abre la oportunidad de debatir respecto a la situaci\u00f3n nacional a partir de las pol\u00edticas de ataque directo que el Gobierno Nacional encarna contra los derechos de las y los trabajadores estatales, as\u00ed como de la clase trabajadora en  general, y el embate contra la universidades nacionales, situaci\u00f3n que tiene efecto directo contra la UNC, debido al brutal ajuste presupuestario que Milei impone actualmente a las casas de altos estudios.<\/p>\n\n\n<div class=\"wp-block-image\">\n<figure class=\"aligncenter size-large is-resized\"><img loading=\"lazy\" decoding=\"async\" width=\"819\" height=\"1024\" src=\"https:\/\/atecordoba.org\/wp-content\/uploads\/2024\/05\/flyerobreroestudiantil1-819x1024.jpg\" alt=\"\" class=\"wp-image-43225\" style=\"width:600px\" srcset=\"https:\/\/atecordoba.org\/wp-content\/uploads\/2024\/05\/flyerobreroestudiantil1-819x1024.jpg 819w, https:\/\/atecordoba.org\/wp-content\/uploads\/2024\/05\/flyerobreroestudiantil1-240x300.jpg 240w, https:\/\/atecordoba.org\/wp-content\/uploads\/2024\/05\/flyerobreroestudiantil1-768x960.jpg 768w, https:\/\/atecordoba.org\/wp-content\/uploads\/2024\/05\/flyerobreroestudiantil1-750x938.jpg 750w, https:\/\/atecordoba.org\/wp-content\/uploads\/2024\/05\/flyerobreroestudiantil1.jpg 1080w\" sizes=\"auto, (max-width: 819px) 100vw, 819px\" \/><\/figure>\n<\/div>\n\n\n<p>La confluencia obrero-estudiantil remite inevitablemente a las luchas de la clase obrera cordobesa, como fue el Cordobazo y todo el periodo de larga conflictividad social que recorri\u00f3 las dictaduras de la d\u00e9cadas del &#8217;60 y &#8217;70, hasta   el golpe institucional del Navarrazo en 1974 y deriv\u00f3 en la dictadura c\u00edvico-militar de 1976 que arras\u00f3 a sangre y fuego la sociedad cordobesa.<\/p>\n\n\n\n<p>Frente al llamado Pacto de Mayo que Milei pretende traer a C\u00f3rdoba el pr\u00f3ximo 25 de mayo, ATE viene proponiendo un Contrapacto del campo popular, cuya construcci\u00f3n exige la confluencia de distintas expresiones de las organizaciones libre del pueblo, donde sindicatos y organizaciones estudiantiles cumplen un rol fundamental.<\/p>\n\n\n\n<p>La convocatoria es el lunes en la UNC, en una conversaci\u00f3n abierta para disparar un debate que fundamente un destino com\u00fan para enfrentar y detener al gobierno libertario-fascista de Javier Milei. <\/p>\n","protected":false},"excerpt":{"rendered":"<p>El 6 de mayo se llevar\u00e1 a cabo una charla-debate en la Universidad Nacional de C\u00f3rdoba (UNC), en la Facultad de Ciencias Sociales, donde ATE participar\u00e1 junto a sindicatos y organizaciones estudiantiles, denominado Encuentro Obrero-Estudiantil, en le marco del llamado Pacto de Mayo que impulsa el Gobierno de Javier Milei. La actividad est\u00e1 prevista para [&hellip;]<\/p>\n","protected":false},"author":7,"featured_media":43229,"comment_status":"open","ping_status":"open","sticky":false,"template":"","format":"standard","meta":{"_exactmetrics_skip_tracking":false,"_exactmetrics_sitenote_active":false,"_exactmetrics_sitenote_note":"","_exactmetrics_sitenote_category":0,"jnews-multi-image_gallery":[],"jnews_single_post":{"subtitle":"La charla abre la oportunidad de debatir respecto a la situaci\u00f3n nacional a partir de las pol\u00edticas de ataque directo que el Gobierno Nacional encarna contra los derechos de las y los trabajadores estatales, as\u00ed como de la clase trabajadora en  general, y el embate contra la universidades nacionales, situaci\u00f3n que tiene efecto directo contra la UNC, debido al brutal ajuste presupuestario que Milei impone actualmente a las casas de altos estudios.","format":"standard","video":"","gallery":"","source_name":"","source_url":"","via_name":"","via_url":"","override_template":"0","override":[{"template":"1","single_blog_custom":"","parallax":"1","fullscreen":"1","layout":"no-sidebar-narrow","sidebar":"default-sidebar","second_sidebar":"default-sidebar","sticky_sidebar":"1","share_position":"bottom","share_float_style":"share-monocrhome","show_share_counter":"1","show_view_counter":"1","show_featured":"0","show_post_meta":"1","show_post_author":"0","show_post_author_image":"1","show_post_date":"1","post_date_format":"default","post_date_format_custom":"Y\/m\/d","show_post_category":"1","show_post_reading_time":"0","post_reading_time_wpm":"300","show_zoom_button":"0","zoom_button_out_step":"2","zoom_button_in_step":"3","show_post_tag":"1","show_prev_next_post":"0","show_popup_post":"0","number_popup_post":"1","show_author_box":"0","show_post_related":"1","show_inline_post_related":"0"}],"override_image_size":"0","image_override":[{"single_post_thumbnail_size":"crop-500","single_post_gallery_size":"crop-500"}],"trending_post":"0","trending_post_position":"meta","trending_post_label":"Trending","sponsored_post":"0","sponsored_post_label":"Sponsored by","sponsored_post_name":"","sponsored_post_url":"","sponsored_post_logo_enable":"0","sponsored_post_logo":"","sponsored_post_desc":"","disable_ad":"0"},"jnews_primary_category":{"id":"","hide":""},"jnews_social_meta":{"fb_title":"","fb_description":"","fb_image":"","twitter_title":"","twitter_description":"","twitter_image":""},"jnews_review":[],"enable_review":"0","type":"percentage","name":"","summary":"","brand":"","sku":"","good":[{"good_text":""}],"bad":[{"bad_text":""}],"score_override":"0","override_value":"","rating":[{"rating_text":"","rating_number":"10"}],"price":[{"shop":"","price":"","link":"","icon":""}],"jnews_override_counter":{"override_view_counter":"0","view_counter_number":"0","override_share_counter":"0","share_counter_number":"0","override_like_counter":"0","like_counter_number":"0","override_dislike_counter":"0","dislike_counter_number":"0"},"jnews_post_split":{"enable_post_split":"0","post_split":[{"template":"1","tag":"h2","numbering":"asc","mode":"normal","first":"0","enable_toc":"0","toc_type":"normal"}]},"footnotes":""},"categories":[10],"tags":[],"class_list":["post-43223","post","type-post","status-publish","format-standard","has-post-thumbnail","hentry","category-accion-politica"],"jetpack_featured_media_url":"https:\/\/atecordoba.org\/wp-content\/uploads\/2024\/05\/obreroestudiantilportada.jpg","_links":{"self":[{"href":"https:\/\/atecordoba.org\/index.php?rest_route=\/wp\/v2\/posts\/43223","targetHints":{"allow":["GET"]}}],"collection":[{"href":"https:\/\/atecordoba.org\/index.php?rest_route=\/wp\/v2\/posts"}],"about":[{"href":"https:\/\/atecordoba.org\/index.php?rest_route=\/wp\/v2\/types\/post"}],"author":[{"embeddable":true,"href":"https:\/\/atecordoba.org\/index.php?rest_route=\/wp\/v2\/users\/7"}],"replies":[{"embeddable":true,"href":"https:\/\/atecordoba.org\/index.php?rest_route=%2Fwp%2Fv2%2Fcomments&post=43223"}],"version-history":[{"count":1,"href":"https:\/\/atecordoba.org\/index.php?rest_route=\/wp\/v2\/posts\/43223\/revisions"}],"predecessor-version":[{"id":43226,"href":"https:\/\/atecordoba.org\/index.php?rest_route=\/wp\/v2\/posts\/43223\/revisions\/43226"}],"wp:featuredmedia":[{"embeddable":true,"href":"https:\/\/atecordoba.org\/index.php?rest_route=\/wp\/v2\/media\/43229"}],"wp:attachment":[{"href":"https:\/\/atecordoba.org\/index.php?rest_route=%2Fwp%2Fv2%2Fmedia&parent=43223"}],"wp:term":[{"taxonomy":"category","embeddable":true,"href":"https:\/\/atecordoba.org\/index.php?rest_route=%2Fwp%2Fv2%2Fcategories&post=43223"},{"taxonomy":"post_tag","embeddable":true,"href":"https:\/\/atecordoba.org\/index.php?rest_route=%2Fwp%2Fv2%2Ftags&post=43223"}],"curies":[{"name":"wp","href":"https:\/\/api.w.org\/{rel}","templated":true}]}}