{"id":43216,"date":"2024-05-13T09:00:00","date_gmt":"2024-05-13T12:00:00","guid":{"rendered":"https:\/\/atecordoba.org\/?p=43216"},"modified":"2024-05-13T09:14:28","modified_gmt":"2024-05-13T12:14:28","slug":"ate-realizara-un-festival-solidario-el-19-de-mayo-para-recaudar-fondos-por-los-despidos-estatales","status":"publish","type":"post","link":"https:\/\/atecordoba.org\/?p=43216","title":{"rendered":"ATE realizar\u00e1 un Festival Solidario el 19 de mayo para recaudar fondos por los despidos estatales"},"content":{"rendered":"<div class=\"wp-block-image\">\n<figure class=\"aligncenter size-full is-resized\"><img loading=\"lazy\" decoding=\"async\" width=\"1131\" height=\"1600\" src=\"https:\/\/atecordoba.org\/wp-content\/uploads\/2024\/05\/flyer-solidario.jpg\" alt=\"\" class=\"wp-image-43273\" style=\"width:600px\" srcset=\"https:\/\/atecordoba.org\/wp-content\/uploads\/2024\/05\/flyer-solidario.jpg 1131w, https:\/\/atecordoba.org\/wp-content\/uploads\/2024\/05\/flyer-solidario-212x300.jpg 212w, https:\/\/atecordoba.org\/wp-content\/uploads\/2024\/05\/flyer-solidario-724x1024.jpg 724w, https:\/\/atecordoba.org\/wp-content\/uploads\/2024\/05\/flyer-solidario-768x1086.jpg 768w, https:\/\/atecordoba.org\/wp-content\/uploads\/2024\/05\/flyer-solidario-1086x1536.jpg 1086w, https:\/\/atecordoba.org\/wp-content\/uploads\/2024\/05\/flyer-solidario-750x1061.jpg 750w\" sizes=\"auto, (max-width: 1131px) 100vw, 1131px\" \/><\/figure>\n<\/div>\n\n\n<p>Con la participaci\u00f3n de artistas invitados como Paola Bernal, Maxi Acosta, La Mulanima, El Cause, Grupo Herencia, Skafrica, Danzas de Orixas y el Grupo de Folklore de San Nicol\u00e1s, ATE convoca a participar del Festival Solidario por el Fondo de Lucha, que se realizar\u00e1 el pr\u00f3ximo19 de mayo, a partir de las 12 horas, en el Sindicato de Canillitas, Belgrano 170, C\u00f3rdoba Capital.<\/p>\n\n\n\n<p>El encuentro tiene el objetivo de recaudar fondos para apoyar a las y los estatales despedidos por el programa de ajuste del Gobierno de Javier Milei<\/p>\n\n\n\n<p>&#8220;Est\u00e1n todos y todas invitadas a pasar un buen momento con m\u00fasica y varias actividades art\u00edsticas. Queremos que sea una instancia donde podamos expresarnos, compartir, conocernos las caras, hermanando unidad frente a un gobierno depredador que solo quiere desguazar el Estado&#8221;, explic\u00f3 Cristina Roggero, que integra el comit\u00e9 de organizaci\u00f3n del Festival y es una de las compa\u00f1eras despedidas de ANDIS,. con 24 a\u00f1os de antig\u00fcedad en el organismo. <\/p>\n\n\n\n<blockquote class=\"wp-block-quote is-layout-flow wp-block-quote-is-layout-flow\">\n<p>Desde el mediod\u00eda se abren las puertas del sindicato, con un bufet disponible para comprar choripanes, panchos, hamburguesas y bebidas. se Est\u00e1 prevista la preventa de entradas, a 2000 pesos cada una, y el mismo domingo estar\u00e1 abierta la venta en el Sindicato de Canillitas.<\/p>\n<\/blockquote>\n\n\n\n<p>El Festival tiene tambi\u00e9n el objetivo concreto de recaudar y facilitar una ayuda monetaria concreta para las y los compa\u00f1eros que hoy se encuentran sin ingresos. &#8220;Somos muchas las y los despedidos desde diciembre, con mucho impacto en febrero y marzo&#8221;, comenta Cristina.<\/p>\n\n\n\n<p>Y agrega que &#8220;vamos a visibilizar y ponerle el cuerpo a la lucha para evitar la pol\u00edtica de desguace y despidos, recorte y desaparici\u00f3n de lo p\u00fablico que tiene este gobierno. Y comenzar a construir ese Contrapacto de Mayo frente al pacto que impulsa Milei con foco en C\u00f3rdoba&#8221;.<\/p>\n\n\n\n<p>A partir de la organizaci\u00f3n de este festival ya es programar otro del mismo formato, para junio o julio, que le d\u00e9 masividad.<\/p>\n","protected":false},"excerpt":{"rendered":"<p>Con la participaci\u00f3n de artistas invitados como Paola Bernal, Maxi Acosta, La Mulanima, El Cause, Grupo Herencia, Skafrica, Danzas de Orixas y el Grupo de Folklore de San Nicol\u00e1s, ATE convoca a participar del Festival Solidario por el Fondo de Lucha, que se realizar\u00e1 el pr\u00f3ximo19 de mayo, a partir de las 12 horas, en [&hellip;]<\/p>\n","protected":false},"author":7,"featured_media":43275,"comment_status":"open","ping_status":"open","sticky":false,"template":"","format":"standard","meta":{"_exactmetrics_skip_tracking":false,"_exactmetrics_sitenote_active":false,"_exactmetrics_sitenote_note":"","_exactmetrics_sitenote_category":0,"jnews-multi-image_gallery":[],"jnews_single_post":{"subtitle":"\"Est\u00e1n todos y todas invitadas a pasar un buen momento con m\u00fasica y varias actividades art\u00edsticas. Queremos que sea una instancia donde podamos expresarnos, compartir, conocernos las caras, hermanando unidad frente a un gobierno depredador que solo quiere desguazar el Estado\", explic\u00f3 Cristina Roggero, que integra el comit\u00e9 de organizaci\u00f3n del Festival y es una de las compa\u00f1eras despedidas de ANDIS,. con 24 a\u00f1os de antig\u00fcedad en el organismo. ","format":"standard","video":"","gallery":"","source_name":"","source_url":"","via_name":"","via_url":"","override_template":"0","override":[{"template":"1","single_blog_custom":"","parallax":"1","fullscreen":"1","layout":"no-sidebar-narrow","sidebar":"default-sidebar","second_sidebar":"default-sidebar","sticky_sidebar":"1","share_position":"bottom","share_float_style":"share-monocrhome","show_share_counter":"1","show_view_counter":"1","show_featured":"0","show_post_meta":"1","show_post_author":"0","show_post_author_image":"1","show_post_date":"1","post_date_format":"default","post_date_format_custom":"Y\/m\/d","show_post_category":"1","show_post_reading_time":"0","post_reading_time_wpm":"300","show_zoom_button":"0","zoom_button_out_step":"2","zoom_button_in_step":"3","show_post_tag":"1","show_prev_next_post":"0","show_popup_post":"0","number_popup_post":"1","show_author_box":"0","show_post_related":"1","show_inline_post_related":"0"}],"override_image_size":"0","image_override":[{"single_post_thumbnail_size":"crop-500","single_post_gallery_size":"crop-500"}],"trending_post":"0","trending_post_position":"meta","trending_post_label":"Trending","sponsored_post":"0","sponsored_post_label":"Sponsored by","sponsored_post_name":"","sponsored_post_url":"","sponsored_post_logo_enable":"0","sponsored_post_logo":"","sponsored_post_desc":"","disable_ad":"0"},"jnews_primary_category":{"id":"","hide":""},"jnews_social_meta":{"fb_title":"","fb_description":"","fb_image":"","twitter_title":"","twitter_description":"","twitter_image":""},"jnews_review":[],"enable_review":"0","type":"percentage","name":"","summary":"","brand":"","sku":"","good":[{"good_text":""}],"bad":[{"bad_text":""}],"score_override":"0","override_value":"","rating":[{"rating_text":"","rating_number":"10"}],"price":[{"shop":"","price":"","link":"","icon":""}],"jnews_override_counter":{"override_view_counter":"0","view_counter_number":"0","override_share_counter":"0","share_counter_number":"0","override_like_counter":"0","like_counter_number":"0","override_dislike_counter":"0","dislike_counter_number":"0"},"jnews_post_split":{"enable_post_split":"0","post_split":[{"template":"1","tag":"h2","numbering":"asc","mode":"normal","first":"0","enable_toc":"0","toc_type":"normal"}]},"footnotes":""},"categories":[75],"tags":[],"class_list":["post-43216","post","type-post","status-publish","format-standard","has-post-thumbnail","hentry","category-accion-social"],"jetpack_featured_media_url":"https:\/\/atecordoba.org\/wp-content\/uploads\/2024\/05\/flyerportadasolidario.jpg","_links":{"self":[{"href":"https:\/\/atecordoba.org\/index.php?rest_route=\/wp\/v2\/posts\/43216","targetHints":{"allow":["GET"]}}],"collection":[{"href":"https:\/\/atecordoba.org\/index.php?rest_route=\/wp\/v2\/posts"}],"about":[{"href":"https:\/\/atecordoba.org\/index.php?rest_route=\/wp\/v2\/types\/post"}],"author":[{"embeddable":true,"href":"https:\/\/atecordoba.org\/index.php?rest_route=\/wp\/v2\/users\/7"}],"replies":[{"embeddable":true,"href":"https:\/\/atecordoba.org\/index.php?rest_route=%2Fwp%2Fv2%2Fcomments&post=43216"}],"version-history":[{"count":9,"href":"https:\/\/atecordoba.org\/index.php?rest_route=\/wp\/v2\/posts\/43216\/revisions"}],"predecessor-version":[{"id":43377,"href":"https:\/\/atecordoba.org\/index.php?rest_route=\/wp\/v2\/posts\/43216\/revisions\/43377"}],"wp:featuredmedia":[{"embeddable":true,"href":"https:\/\/atecordoba.org\/index.php?rest_route=\/wp\/v2\/media\/43275"}],"wp:attachment":[{"href":"https:\/\/atecordoba.org\/index.php?rest_route=%2Fwp%2Fv2%2Fmedia&parent=43216"}],"wp:term":[{"taxonomy":"category","embeddable":true,"href":"https:\/\/atecordoba.org\/index.php?rest_route=%2Fwp%2Fv2%2Fcategories&post=43216"},{"taxonomy":"post_tag","embeddable":true,"href":"https:\/\/atecordoba.org\/index.php?rest_route=%2Fwp%2Fv2%2Ftags&post=43216"}],"curies":[{"name":"wp","href":"https:\/\/api.w.org\/{rel}","templated":true}]}}