{"id":43169,"date":"2024-04-30T13:11:58","date_gmt":"2024-04-30T16:11:58","guid":{"rendered":"https:\/\/atecordoba.org\/?p=43169"},"modified":"2024-04-30T13:11:59","modified_gmt":"2024-04-30T16:11:59","slug":"ate-llevo-el-reclamo-a-andis-contra-los-despidos-y-el-desguace-del-estado","status":"publish","type":"post","link":"https:\/\/atecordoba.org\/?p=43169","title":{"rendered":"ATE llev\u00f3 el reclamo a ANDIS, contra los despidos y el desguace del Estado"},"content":{"rendered":"<div class=\"wp-block-image\">\n<figure class=\"aligncenter size-large is-resized\"><img loading=\"lazy\" decoding=\"async\" width=\"1024\" height=\"578\" src=\"https:\/\/atecordoba.org\/wp-content\/uploads\/2024\/04\/Imagen-de-WhatsApp-2024-04-30-a-las-12.02.12_b3a8614c-1024x578.jpg\" alt=\"\" class=\"wp-image-43171\" style=\"width:600px\" srcset=\"https:\/\/atecordoba.org\/wp-content\/uploads\/2024\/04\/Imagen-de-WhatsApp-2024-04-30-a-las-12.02.12_b3a8614c-1024x578.jpg 1024w, https:\/\/atecordoba.org\/wp-content\/uploads\/2024\/04\/Imagen-de-WhatsApp-2024-04-30-a-las-12.02.12_b3a8614c-300x169.jpg 300w, https:\/\/atecordoba.org\/wp-content\/uploads\/2024\/04\/Imagen-de-WhatsApp-2024-04-30-a-las-12.02.12_b3a8614c-768x434.jpg 768w, https:\/\/atecordoba.org\/wp-content\/uploads\/2024\/04\/Imagen-de-WhatsApp-2024-04-30-a-las-12.02.12_b3a8614c-1536x867.jpg 1536w, https:\/\/atecordoba.org\/wp-content\/uploads\/2024\/04\/Imagen-de-WhatsApp-2024-04-30-a-las-12.02.12_b3a8614c-2048x1156.jpg 2048w, https:\/\/atecordoba.org\/wp-content\/uploads\/2024\/04\/Imagen-de-WhatsApp-2024-04-30-a-las-12.02.12_b3a8614c-750x423.jpg 750w, https:\/\/atecordoba.org\/wp-content\/uploads\/2024\/04\/Imagen-de-WhatsApp-2024-04-30-a-las-12.02.12_b3a8614c-1140x644.jpg 1140w\" sizes=\"auto, (max-width: 1024px) 100vw, 1024px\" \/><\/figure>\n<\/div>\n\n\n<p>Esta ma\u00f1ana, mientras la mayor\u00eda de los diputados nacionales consumaban la traici\u00f3n y entrega del patrimonio nacional, ATE realiz\u00f3 un acto frente a la Delegaci\u00f3n C\u00f3rdoba de la Agencia Nacional de Discapacidad (ANDIS).<\/p>\n\n\n\n<p>En plena Peatonal, a la altura de 9 de julio 359, activistas, delegados y dirigentes de ATE C\u00f3rdoba convocaron a resistir el ajuste en el Estado y en el conjunto de la sociedad, asfixiada por un conjunto de pol\u00edticas del Gobierno de Javier Milei que reducen dr\u00e1sticamente los salarios, despiden miles de trabajadoras y trabajadores y entregan las riquezas de nuestro pa\u00eds y la soberan\u00eda a las corporaciones y potencias extranjeras, en un nuevo <a href=\"https:\/\/elhistoriador.com.ar\/pensando-el-pais-con-arturo-jauretche-por-felipe-pigna\/\">Estatuto Legal del Coloniaje<\/a>. <\/p>\n\n\n<div class=\"wp-block-image\">\n<figure class=\"aligncenter size-large is-resized\"><img loading=\"lazy\" decoding=\"async\" width=\"1024\" height=\"576\" src=\"https:\/\/atecordoba.org\/wp-content\/uploads\/2024\/04\/Imagen-de-WhatsApp-2024-04-30-a-las-12.02.12_dc19f0fa-1024x576.jpg\" alt=\"\" class=\"wp-image-43172\" style=\"width:600px\" srcset=\"https:\/\/atecordoba.org\/wp-content\/uploads\/2024\/04\/Imagen-de-WhatsApp-2024-04-30-a-las-12.02.12_dc19f0fa-1024x576.jpg 1024w, https:\/\/atecordoba.org\/wp-content\/uploads\/2024\/04\/Imagen-de-WhatsApp-2024-04-30-a-las-12.02.12_dc19f0fa-300x169.jpg 300w, https:\/\/atecordoba.org\/wp-content\/uploads\/2024\/04\/Imagen-de-WhatsApp-2024-04-30-a-las-12.02.12_dc19f0fa-768x432.jpg 768w, https:\/\/atecordoba.org\/wp-content\/uploads\/2024\/04\/Imagen-de-WhatsApp-2024-04-30-a-las-12.02.12_dc19f0fa-1536x864.jpg 1536w, https:\/\/atecordoba.org\/wp-content\/uploads\/2024\/04\/Imagen-de-WhatsApp-2024-04-30-a-las-12.02.12_dc19f0fa-2048x1152.jpg 2048w, https:\/\/atecordoba.org\/wp-content\/uploads\/2024\/04\/Imagen-de-WhatsApp-2024-04-30-a-las-12.02.12_dc19f0fa-750x422.jpg 750w, https:\/\/atecordoba.org\/wp-content\/uploads\/2024\/04\/Imagen-de-WhatsApp-2024-04-30-a-las-12.02.12_dc19f0fa-1140x641.jpg 1140w\" sizes=\"auto, (max-width: 1024px) 100vw, 1024px\" \/><\/figure>\n<\/div>\n\n\n<p>La actividad consisti\u00f3 en sacar la atenci\u00f3n al p\u00fablico a la Peatonal para visibilizar la incapacidad de hacer garantizar las pol\u00edticas p\u00fablicas para las personas con discapacidad, <a href=\"https:\/\/atecordoba.org\/?p=43115\">de cerrarse el organismo en C\u00f3rdoba<\/a>. <\/p>\n\n\n\n<p>En ese marco, la compa\u00f1era Cristina Roggero., trabajadora del sector con 24 a\u00f1os de antig\u00fcedad y recientemente despedida, se dirigi\u00f3 a las y los presentes para decir que &#8220;otras situaciones, como el desguace del macrismo, nos sacaban las funciones, pero nunca atacaron nuestros derechos como hoy. No somos n\u00fameros, sino personas con familias detr\u00e1s, proveedores que trabajamos todos los d\u00edas, resolviendo la demanda o dando una respuesta cuando es el gobierno el que niega el acceso a un derecho establecido por el Estado. Cientos de personas por semana que encuentran una respuesta en los centros de atenci\u00f3n&#8221;.<\/p>\n\n\n<div class=\"wp-block-image\">\n<figure class=\"aligncenter size-large is-resized\"><img loading=\"lazy\" decoding=\"async\" width=\"1024\" height=\"578\" src=\"https:\/\/atecordoba.org\/wp-content\/uploads\/2024\/04\/Imagen-de-WhatsApp-2024-04-30-a-las-12.02.13_834464e0-1024x578.jpg\" alt=\"\" class=\"wp-image-43173\" style=\"width:600px\" srcset=\"https:\/\/atecordoba.org\/wp-content\/uploads\/2024\/04\/Imagen-de-WhatsApp-2024-04-30-a-las-12.02.13_834464e0-1024x578.jpg 1024w, https:\/\/atecordoba.org\/wp-content\/uploads\/2024\/04\/Imagen-de-WhatsApp-2024-04-30-a-las-12.02.13_834464e0-300x169.jpg 300w, https:\/\/atecordoba.org\/wp-content\/uploads\/2024\/04\/Imagen-de-WhatsApp-2024-04-30-a-las-12.02.13_834464e0-768x434.jpg 768w, https:\/\/atecordoba.org\/wp-content\/uploads\/2024\/04\/Imagen-de-WhatsApp-2024-04-30-a-las-12.02.13_834464e0-1536x867.jpg 1536w, https:\/\/atecordoba.org\/wp-content\/uploads\/2024\/04\/Imagen-de-WhatsApp-2024-04-30-a-las-12.02.13_834464e0-2048x1156.jpg 2048w, https:\/\/atecordoba.org\/wp-content\/uploads\/2024\/04\/Imagen-de-WhatsApp-2024-04-30-a-las-12.02.13_834464e0-750x423.jpg 750w, https:\/\/atecordoba.org\/wp-content\/uploads\/2024\/04\/Imagen-de-WhatsApp-2024-04-30-a-las-12.02.13_834464e0-1140x644.jpg 1140w\" sizes=\"auto, (max-width: 1024px) 100vw, 1024px\" \/><\/figure>\n<\/div>\n\n\n<p>A la hora de desarrollar la actividad que se realiza en ANDIS, avanz\u00f3 afirmando que &#8220;tambi\u00e9n supimos dar respuesta a trav\u00e9s del trabajo remoto, cumpliendo funciones desde nuestra casa y poniendo nuestras computadoras para que la gente no se quede sin un respuesta.\u00a0 Adem\u00e1s, realizamos articulaciones con distintos estamentos del estados porque quien viene a pedir una pensi\u00f3n est\u00e1 atravesado por m\u00faltiples carencias. Por eso canalizamos gestiones en conjunto con el Ministerio de Desarrollo de la Provincia, con municipios, con SENAF o los Centro de Referencia de Naci\u00f3n, tejiendo redes que traen soluciones y forman parte de nuestra trayectoria y nuestro trabajo&#8221;.<\/p>\n\n\n<div class=\"wp-block-image\">\n<figure class=\"aligncenter size-large is-resized\"><img loading=\"lazy\" decoding=\"async\" width=\"1024\" height=\"578\" src=\"https:\/\/atecordoba.org\/wp-content\/uploads\/2024\/04\/Imagen-de-WhatsApp-2024-04-30-a-las-12.02.13_af93812a-1024x578.jpg\" alt=\"\" class=\"wp-image-43174\" style=\"width:600px\" srcset=\"https:\/\/atecordoba.org\/wp-content\/uploads\/2024\/04\/Imagen-de-WhatsApp-2024-04-30-a-las-12.02.13_af93812a-1024x578.jpg 1024w, https:\/\/atecordoba.org\/wp-content\/uploads\/2024\/04\/Imagen-de-WhatsApp-2024-04-30-a-las-12.02.13_af93812a-300x169.jpg 300w, https:\/\/atecordoba.org\/wp-content\/uploads\/2024\/04\/Imagen-de-WhatsApp-2024-04-30-a-las-12.02.13_af93812a-768x434.jpg 768w, https:\/\/atecordoba.org\/wp-content\/uploads\/2024\/04\/Imagen-de-WhatsApp-2024-04-30-a-las-12.02.13_af93812a-1536x867.jpg 1536w, https:\/\/atecordoba.org\/wp-content\/uploads\/2024\/04\/Imagen-de-WhatsApp-2024-04-30-a-las-12.02.13_af93812a-2048x1156.jpg 2048w, https:\/\/atecordoba.org\/wp-content\/uploads\/2024\/04\/Imagen-de-WhatsApp-2024-04-30-a-las-12.02.13_af93812a-750x423.jpg 750w, https:\/\/atecordoba.org\/wp-content\/uploads\/2024\/04\/Imagen-de-WhatsApp-2024-04-30-a-las-12.02.13_af93812a-1140x644.jpg 1140w\" sizes=\"auto, (max-width: 1024px) 100vw, 1024px\" \/><\/figure>\n<\/div>\n\n\n<p>&#8220;Y es parte de lo que ellos quieren que se pierda: la solidaridad entre los trabajadores, las formas de trabajo donde el Estado est\u00e1 presente garantizando derechos de quienes no pueden acceder, que no entienden qu\u00e9 es una app. Cuando nos saquen a los trabajadores de en medio vamos a volver a la \u00e9poca de los gestores, es decir a la privatizaci\u00f3n de los tr\u00e1mites sociales&#8221;.<\/p>\n\n\n\n<p>Para finalizar agradeciendo la respuesta de ATE al ataque el Gobierno. &#8220;Es muy importante sentir el apoyo de las compa\u00f1eras que sufren despidos como nosotras y junto a otros sectores construimos la unidad, que da fuerza para seguir caminando&#8221;, concluy\u00f3.<\/p>\n\n\n<div class=\"wp-block-image\">\n<figure class=\"aligncenter size-large is-resized\"><img loading=\"lazy\" decoding=\"async\" width=\"1024\" height=\"576\" src=\"https:\/\/atecordoba.org\/wp-content\/uploads\/2024\/04\/Imagen-de-WhatsApp-2024-04-30-a-las-12.02.11_978cce55-1024x576.jpg\" alt=\"\" class=\"wp-image-43175\" style=\"width:600px\" srcset=\"https:\/\/atecordoba.org\/wp-content\/uploads\/2024\/04\/Imagen-de-WhatsApp-2024-04-30-a-las-12.02.11_978cce55-1024x576.jpg 1024w, https:\/\/atecordoba.org\/wp-content\/uploads\/2024\/04\/Imagen-de-WhatsApp-2024-04-30-a-las-12.02.11_978cce55-300x169.jpg 300w, https:\/\/atecordoba.org\/wp-content\/uploads\/2024\/04\/Imagen-de-WhatsApp-2024-04-30-a-las-12.02.11_978cce55-768x432.jpg 768w, https:\/\/atecordoba.org\/wp-content\/uploads\/2024\/04\/Imagen-de-WhatsApp-2024-04-30-a-las-12.02.11_978cce55-1536x864.jpg 1536w, https:\/\/atecordoba.org\/wp-content\/uploads\/2024\/04\/Imagen-de-WhatsApp-2024-04-30-a-las-12.02.11_978cce55-2048x1152.jpg 2048w, https:\/\/atecordoba.org\/wp-content\/uploads\/2024\/04\/Imagen-de-WhatsApp-2024-04-30-a-las-12.02.11_978cce55-750x422.jpg 750w, https:\/\/atecordoba.org\/wp-content\/uploads\/2024\/04\/Imagen-de-WhatsApp-2024-04-30-a-las-12.02.11_978cce55-1140x641.jpg 1140w\" sizes=\"auto, (max-width: 1024px) 100vw, 1024px\" \/><\/figure>\n<\/div>\n\n\n<p><strong>&#8220;Este gobierno tambi\u00e9n se va a ir&#8221;<\/strong><\/p>\n\n\n\n<p> En otro tramo del acto realizado en al Peatonal, el compa\u00f1ero Franco Orsato, trabajador de la Delegaci\u00f3n Rio 4 del organismo y responsable del Departamento de Discapacidad del consejo Directivo Provincial (CDP), remarc\u00f3 que en t\u00e9rminos pol\u00edticos, y asumiendo que esta ma\u00f1ana se aprob\u00f3 con media sanci\u00f3n en el Congreso la ley que libera de ataduras al Gobierno de Milei el desguace estatal, que &#8220;hay que reforzar y recordar que estos tipos no son eternos, como no lo fueron los anteriores, y est\u00e1 gesti\u00f3n se va a ir&#8221;. <\/p>\n\n\n\n<p>&#8220;Tenemos que conservar en la memoria quienes son los responsables y qu\u00e9 pol\u00edticas y estructuras estatales nos va a tocar reconstruir. Pas\u00f3 el menemismo, pas\u00f3 Macri y estos no van a ser la excepci\u00f3n, tambi\u00e9n se van a ir por la puerta chica, como todos los gobiernos antipatria&#8221;, finaliz\u00f3.<\/p>\n\n\n\n<figure class=\"wp-block-gallery has-nested-images columns-default is-cropped wp-block-gallery-1 is-layout-flex wp-block-gallery-is-layout-flex\">\n<figure class=\"wp-block-image size-large\"><a href=\"https:\/\/atecordoba.org\/wp-content\/uploads\/2024\/04\/Imagen-de-WhatsApp-2024-04-30-a-las-12.02.12_8dbe8e84-scaled.jpg\" target=\"_blank\" rel=\"noopener\"><img loading=\"lazy\" decoding=\"async\" width=\"1024\" height=\"578\" data-id=\"43176\" src=\"https:\/\/atecordoba.org\/wp-content\/uploads\/2024\/04\/Imagen-de-WhatsApp-2024-04-30-a-las-12.02.12_8dbe8e84-1024x578.jpg\" alt=\"\" class=\"wp-image-43176\" srcset=\"https:\/\/atecordoba.org\/wp-content\/uploads\/2024\/04\/Imagen-de-WhatsApp-2024-04-30-a-las-12.02.12_8dbe8e84-1024x578.jpg 1024w, https:\/\/atecordoba.org\/wp-content\/uploads\/2024\/04\/Imagen-de-WhatsApp-2024-04-30-a-las-12.02.12_8dbe8e84-300x169.jpg 300w, https:\/\/atecordoba.org\/wp-content\/uploads\/2024\/04\/Imagen-de-WhatsApp-2024-04-30-a-las-12.02.12_8dbe8e84-768x434.jpg 768w, https:\/\/atecordoba.org\/wp-content\/uploads\/2024\/04\/Imagen-de-WhatsApp-2024-04-30-a-las-12.02.12_8dbe8e84-1536x867.jpg 1536w, https:\/\/atecordoba.org\/wp-content\/uploads\/2024\/04\/Imagen-de-WhatsApp-2024-04-30-a-las-12.02.12_8dbe8e84-2048x1156.jpg 2048w, https:\/\/atecordoba.org\/wp-content\/uploads\/2024\/04\/Imagen-de-WhatsApp-2024-04-30-a-las-12.02.12_8dbe8e84-750x423.jpg 750w, https:\/\/atecordoba.org\/wp-content\/uploads\/2024\/04\/Imagen-de-WhatsApp-2024-04-30-a-las-12.02.12_8dbe8e84-1140x644.jpg 1140w\" sizes=\"auto, (max-width: 1024px) 100vw, 1024px\" \/><\/a><\/figure>\n\n\n\n<figure class=\"wp-block-image size-large\"><a href=\"https:\/\/atecordoba.org\/wp-content\/uploads\/2024\/04\/Imagen-de-WhatsApp-2024-04-30-a-las-12.02.13_3724c9be-scaled.jpg\" target=\"_blank\" rel=\"noopener\"><img loading=\"lazy\" decoding=\"async\" width=\"1024\" height=\"578\" data-id=\"43177\" src=\"https:\/\/atecordoba.org\/wp-content\/uploads\/2024\/04\/Imagen-de-WhatsApp-2024-04-30-a-las-12.02.13_3724c9be-1024x578.jpg\" alt=\"\" class=\"wp-image-43177\" srcset=\"https:\/\/atecordoba.org\/wp-content\/uploads\/2024\/04\/Imagen-de-WhatsApp-2024-04-30-a-las-12.02.13_3724c9be-1024x578.jpg 1024w, https:\/\/atecordoba.org\/wp-content\/uploads\/2024\/04\/Imagen-de-WhatsApp-2024-04-30-a-las-12.02.13_3724c9be-300x169.jpg 300w, https:\/\/atecordoba.org\/wp-content\/uploads\/2024\/04\/Imagen-de-WhatsApp-2024-04-30-a-las-12.02.13_3724c9be-768x434.jpg 768w, https:\/\/atecordoba.org\/wp-content\/uploads\/2024\/04\/Imagen-de-WhatsApp-2024-04-30-a-las-12.02.13_3724c9be-1536x867.jpg 1536w, https:\/\/atecordoba.org\/wp-content\/uploads\/2024\/04\/Imagen-de-WhatsApp-2024-04-30-a-las-12.02.13_3724c9be-2048x1156.jpg 2048w, https:\/\/atecordoba.org\/wp-content\/uploads\/2024\/04\/Imagen-de-WhatsApp-2024-04-30-a-las-12.02.13_3724c9be-750x423.jpg 750w, https:\/\/atecordoba.org\/wp-content\/uploads\/2024\/04\/Imagen-de-WhatsApp-2024-04-30-a-las-12.02.13_3724c9be-1140x644.jpg 1140w\" sizes=\"auto, (max-width: 1024px) 100vw, 1024px\" \/><\/a><\/figure>\n\n\n\n<figure class=\"wp-block-image size-large\"><a href=\"https:\/\/atecordoba.org\/wp-content\/uploads\/2024\/04\/Imagen-de-WhatsApp-2024-04-30-a-las-12.01.56_f0cbad73-scaled.jpg\" target=\"_blank\" rel=\"noopener\"><img loading=\"lazy\" decoding=\"async\" width=\"1024\" height=\"576\" data-id=\"43178\" src=\"https:\/\/atecordoba.org\/wp-content\/uploads\/2024\/04\/Imagen-de-WhatsApp-2024-04-30-a-las-12.01.56_f0cbad73-1024x576.jpg\" alt=\"\" class=\"wp-image-43178\" srcset=\"https:\/\/atecordoba.org\/wp-content\/uploads\/2024\/04\/Imagen-de-WhatsApp-2024-04-30-a-las-12.01.56_f0cbad73-1024x576.jpg 1024w, https:\/\/atecordoba.org\/wp-content\/uploads\/2024\/04\/Imagen-de-WhatsApp-2024-04-30-a-las-12.01.56_f0cbad73-300x169.jpg 300w, https:\/\/atecordoba.org\/wp-content\/uploads\/2024\/04\/Imagen-de-WhatsApp-2024-04-30-a-las-12.01.56_f0cbad73-768x432.jpg 768w, https:\/\/atecordoba.org\/wp-content\/uploads\/2024\/04\/Imagen-de-WhatsApp-2024-04-30-a-las-12.01.56_f0cbad73-1536x864.jpg 1536w, https:\/\/atecordoba.org\/wp-content\/uploads\/2024\/04\/Imagen-de-WhatsApp-2024-04-30-a-las-12.01.56_f0cbad73-2048x1152.jpg 2048w, https:\/\/atecordoba.org\/wp-content\/uploads\/2024\/04\/Imagen-de-WhatsApp-2024-04-30-a-las-12.01.56_f0cbad73-750x422.jpg 750w, https:\/\/atecordoba.org\/wp-content\/uploads\/2024\/04\/Imagen-de-WhatsApp-2024-04-30-a-las-12.01.56_f0cbad73-1140x641.jpg 1140w\" sizes=\"auto, (max-width: 1024px) 100vw, 1024px\" \/><\/a><\/figure>\n<\/figure>\n\n\n\n<figure class=\"wp-block-gallery has-nested-images columns-default is-cropped wp-block-gallery-2 is-layout-flex wp-block-gallery-is-layout-flex\">\n<figure class=\"wp-block-image size-large\"><a href=\"https:\/\/atecordoba.org\/wp-content\/uploads\/2024\/04\/Imagen-de-WhatsApp-2024-04-30-a-las-10.42.57_b6c0e9ff.jpg\" target=\"_blank\" rel=\"noopener\"><img loading=\"lazy\" decoding=\"async\" width=\"768\" height=\"1024\" data-id=\"43179\" src=\"https:\/\/atecordoba.org\/wp-content\/uploads\/2024\/04\/Imagen-de-WhatsApp-2024-04-30-a-las-10.42.57_b6c0e9ff-768x1024.jpg\" alt=\"\" class=\"wp-image-43179\" srcset=\"https:\/\/atecordoba.org\/wp-content\/uploads\/2024\/04\/Imagen-de-WhatsApp-2024-04-30-a-las-10.42.57_b6c0e9ff-768x1024.jpg 768w, https:\/\/atecordoba.org\/wp-content\/uploads\/2024\/04\/Imagen-de-WhatsApp-2024-04-30-a-las-10.42.57_b6c0e9ff-225x300.jpg 225w, https:\/\/atecordoba.org\/wp-content\/uploads\/2024\/04\/Imagen-de-WhatsApp-2024-04-30-a-las-10.42.57_b6c0e9ff-750x1000.jpg 750w, https:\/\/atecordoba.org\/wp-content\/uploads\/2024\/04\/Imagen-de-WhatsApp-2024-04-30-a-las-10.42.57_b6c0e9ff.jpg 966w\" sizes=\"auto, (max-width: 768px) 100vw, 768px\" \/><\/a><\/figure>\n\n\n\n<figure class=\"wp-block-image size-large\"><a href=\"https:\/\/atecordoba.org\/wp-content\/uploads\/2024\/04\/Imagen-de-WhatsApp-2024-04-30-a-las-12.02.14_2ce48f50-scaled.jpg\" target=\"_blank\" rel=\"noopener\"><img loading=\"lazy\" decoding=\"async\" width=\"578\" height=\"1024\" data-id=\"43183\" src=\"https:\/\/atecordoba.org\/wp-content\/uploads\/2024\/04\/Imagen-de-WhatsApp-2024-04-30-a-las-12.02.14_2ce48f50-578x1024.jpg\" alt=\"\" class=\"wp-image-43183\" srcset=\"https:\/\/atecordoba.org\/wp-content\/uploads\/2024\/04\/Imagen-de-WhatsApp-2024-04-30-a-las-12.02.14_2ce48f50-578x1024.jpg 578w, https:\/\/atecordoba.org\/wp-content\/uploads\/2024\/04\/Imagen-de-WhatsApp-2024-04-30-a-las-12.02.14_2ce48f50-169x300.jpg 169w, https:\/\/atecordoba.org\/wp-content\/uploads\/2024\/04\/Imagen-de-WhatsApp-2024-04-30-a-las-12.02.14_2ce48f50-768x1360.jpg 768w, https:\/\/atecordoba.org\/wp-content\/uploads\/2024\/04\/Imagen-de-WhatsApp-2024-04-30-a-las-12.02.14_2ce48f50-867x1536.jpg 867w, https:\/\/atecordoba.org\/wp-content\/uploads\/2024\/04\/Imagen-de-WhatsApp-2024-04-30-a-las-12.02.14_2ce48f50-1156x2048.jpg 1156w, https:\/\/atecordoba.org\/wp-content\/uploads\/2024\/04\/Imagen-de-WhatsApp-2024-04-30-a-las-12.02.14_2ce48f50-750x1329.jpg 750w, https:\/\/atecordoba.org\/wp-content\/uploads\/2024\/04\/Imagen-de-WhatsApp-2024-04-30-a-las-12.02.14_2ce48f50-1140x2019.jpg 1140w, https:\/\/atecordoba.org\/wp-content\/uploads\/2024\/04\/Imagen-de-WhatsApp-2024-04-30-a-las-12.02.14_2ce48f50-scaled.jpg 1445w\" sizes=\"auto, (max-width: 578px) 100vw, 578px\" \/><\/a><\/figure>\n\n\n\n<figure class=\"wp-block-image size-large\"><a href=\"https:\/\/atecordoba.org\/wp-content\/uploads\/2024\/04\/IMG-20240430-WA0092.jpg\" target=\"_blank\" rel=\"noopener\"><img loading=\"lazy\" decoding=\"async\" width=\"768\" height=\"1024\" data-id=\"43180\" src=\"https:\/\/atecordoba.org\/wp-content\/uploads\/2024\/04\/IMG-20240430-WA0092-768x1024.jpg\" alt=\"\" class=\"wp-image-43180\" srcset=\"https:\/\/atecordoba.org\/wp-content\/uploads\/2024\/04\/IMG-20240430-WA0092-768x1024.jpg 768w, https:\/\/atecordoba.org\/wp-content\/uploads\/2024\/04\/IMG-20240430-WA0092-225x300.jpg 225w, https:\/\/atecordoba.org\/wp-content\/uploads\/2024\/04\/IMG-20240430-WA0092-750x1000.jpg 750w, https:\/\/atecordoba.org\/wp-content\/uploads\/2024\/04\/IMG-20240430-WA0092.jpg 966w\" sizes=\"auto, (max-width: 768px) 100vw, 768px\" \/><\/a><\/figure>\n\n\n\n<figure class=\"wp-block-image size-large\"><a href=\"https:\/\/atecordoba.org\/wp-content\/uploads\/2024\/04\/IMG-20240430-WA0095.jpg\" target=\"_blank\" rel=\"noopener\"><img loading=\"lazy\" decoding=\"async\" width=\"768\" height=\"1024\" data-id=\"43182\" src=\"https:\/\/atecordoba.org\/wp-content\/uploads\/2024\/04\/IMG-20240430-WA0095-768x1024.jpg\" alt=\"\" class=\"wp-image-43182\" srcset=\"https:\/\/atecordoba.org\/wp-content\/uploads\/2024\/04\/IMG-20240430-WA0095-768x1024.jpg 768w, https:\/\/atecordoba.org\/wp-content\/uploads\/2024\/04\/IMG-20240430-WA0095-225x300.jpg 225w, https:\/\/atecordoba.org\/wp-content\/uploads\/2024\/04\/IMG-20240430-WA0095-750x1000.jpg 750w, https:\/\/atecordoba.org\/wp-content\/uploads\/2024\/04\/IMG-20240430-WA0095.jpg 966w\" sizes=\"auto, (max-width: 768px) 100vw, 768px\" \/><\/a><\/figure>\n\n\n\n<figure class=\"wp-block-image size-large\"><a href=\"https:\/\/atecordoba.org\/wp-content\/uploads\/2024\/04\/IMG-20240430-WA0097.jpg\" target=\"_blank\" rel=\"noopener\"><img loading=\"lazy\" decoding=\"async\" width=\"768\" height=\"1024\" data-id=\"43181\" src=\"https:\/\/atecordoba.org\/wp-content\/uploads\/2024\/04\/IMG-20240430-WA0097-768x1024.jpg\" alt=\"\" class=\"wp-image-43181\" srcset=\"https:\/\/atecordoba.org\/wp-content\/uploads\/2024\/04\/IMG-20240430-WA0097-768x1024.jpg 768w, https:\/\/atecordoba.org\/wp-content\/uploads\/2024\/04\/IMG-20240430-WA0097-225x300.jpg 225w, https:\/\/atecordoba.org\/wp-content\/uploads\/2024\/04\/IMG-20240430-WA0097-750x1000.jpg 750w, https:\/\/atecordoba.org\/wp-content\/uploads\/2024\/04\/IMG-20240430-WA0097.jpg 966w\" sizes=\"auto, (max-width: 768px) 100vw, 768px\" \/><\/a><\/figure>\n<\/figure>\n","protected":false},"excerpt":{"rendered":"<p>Esta ma\u00f1ana, mientras la mayor\u00eda de los diputados nacionales consumaban la traici\u00f3n y entrega del patrimonio nacional, ATE realiz\u00f3 un acto frente a la Delegaci\u00f3n C\u00f3rdoba de la Agencia Nacional de Discapacidad (ANDIS). En plena Peatonal, a la altura de 9 de julio 359, activistas, delegados y dirigentes de ATE C\u00f3rdoba convocaron a resistir el [&hellip;]<\/p>\n","protected":false},"author":7,"featured_media":43178,"comment_status":"open","ping_status":"open","sticky":false,"template":"","format":"standard","meta":{"_exactmetrics_skip_tracking":false,"_exactmetrics_sitenote_active":false,"_exactmetrics_sitenote_note":"","_exactmetrics_sitenote_category":0,"jnews-multi-image_gallery":[],"jnews_single_post":{"subtitle":"\"Tenemos que conservar en la memoria quienes son los responsables y qu\u00e9 pol\u00edticas y estructuras estatales nos va a tocar reconstruir. Pas\u00f3 el menemismo, pas\u00f3 Macri y estos no van a ser la excepci\u00f3n, tambi\u00e9n se van a ir por la puerta chica, como todos los gobiernos antipatria\", dijo el responsable del Departamento de Discapacidad del CDP, Franco Orsato.","format":"standard","video":"","gallery":"","source_name":"","source_url":"","via_name":"","via_url":"","override_template":"0","override":[{"template":"1","single_blog_custom":"","parallax":"1","fullscreen":"1","layout":"no-sidebar-narrow","sidebar":"default-sidebar","second_sidebar":"default-sidebar","sticky_sidebar":"1","share_position":"bottom","share_float_style":"share-monocrhome","show_share_counter":"1","show_view_counter":"1","show_featured":"0","show_post_meta":"1","show_post_author":"0","show_post_author_image":"1","show_post_date":"1","post_date_format":"default","post_date_format_custom":"Y\/m\/d","show_post_category":"1","show_post_reading_time":"0","post_reading_time_wpm":"300","show_zoom_button":"0","zoom_button_out_step":"2","zoom_button_in_step":"3","show_post_tag":"1","show_prev_next_post":"0","show_popup_post":"0","number_popup_post":"1","show_author_box":"0","show_post_related":"1","show_inline_post_related":"0"}],"override_image_size":"0","image_override":[{"single_post_thumbnail_size":"crop-500","single_post_gallery_size":"crop-500"}],"trending_post":"0","trending_post_position":"meta","trending_post_label":"Trending","sponsored_post":"0","sponsored_post_label":"Sponsored by","sponsored_post_name":"","sponsored_post_url":"","sponsored_post_logo_enable":"0","sponsored_post_logo":"","sponsored_post_desc":"","disable_ad":"0"},"jnews_primary_category":{"id":"","hide":""},"jnews_social_meta":{"fb_title":"","fb_description":"","fb_image":"","twitter_title":"","twitter_description":"","twitter_image":""},"jnews_review":[],"enable_review":"0","type":"percentage","name":"","summary":"","brand":"","sku":"","good":[{"good_text":""}],"bad":[{"bad_text":""}],"score_override":"","override_value":"","rating":[{"rating_text":"","rating_number":"10"}],"price":[{"shop":"","price":"","link":"","icon":""}],"jnews_override_counter":{"override_view_counter":"0","view_counter_number":"0","override_share_counter":"0","share_counter_number":"0","override_like_counter":"0","like_counter_number":"0","override_dislike_counter":"0","dislike_counter_number":"0"},"jnews_post_split":{"enable_post_split":"0","post_split":[{"template":"1","tag":"h2","numbering":"asc","mode":"normal","first":"0","enable_toc":"0","toc_type":"normal"}]},"footnotes":""},"categories":[625,18],"tags":[],"class_list":["post-43169","post","type-post","status-publish","format-standard","has-post-thumbnail","hentry","category-discapacidad","category-nacionales"],"jetpack_featured_media_url":"https:\/\/atecordoba.org\/wp-content\/uploads\/2024\/04\/Imagen-de-WhatsApp-2024-04-30-a-las-12.01.56_f0cbad73-scaled.jpg","_links":{"self":[{"href":"https:\/\/atecordoba.org\/index.php?rest_route=\/wp\/v2\/posts\/43169","targetHints":{"allow":["GET"]}}],"collection":[{"href":"https:\/\/atecordoba.org\/index.php?rest_route=\/wp\/v2\/posts"}],"about":[{"href":"https:\/\/atecordoba.org\/index.php?rest_route=\/wp\/v2\/types\/post"}],"author":[{"embeddable":true,"href":"https:\/\/atecordoba.org\/index.php?rest_route=\/wp\/v2\/users\/7"}],"replies":[{"embeddable":true,"href":"https:\/\/atecordoba.org\/index.php?rest_route=%2Fwp%2Fv2%2Fcomments&post=43169"}],"version-history":[{"count":1,"href":"https:\/\/atecordoba.org\/index.php?rest_route=\/wp\/v2\/posts\/43169\/revisions"}],"predecessor-version":[{"id":43186,"href":"https:\/\/atecordoba.org\/index.php?rest_route=\/wp\/v2\/posts\/43169\/revisions\/43186"}],"wp:featuredmedia":[{"embeddable":true,"href":"https:\/\/atecordoba.org\/index.php?rest_route=\/wp\/v2\/media\/43178"}],"wp:attachment":[{"href":"https:\/\/atecordoba.org\/index.php?rest_route=%2Fwp%2Fv2%2Fmedia&parent=43169"}],"wp:term":[{"taxonomy":"category","embeddable":true,"href":"https:\/\/atecordoba.org\/index.php?rest_route=%2Fwp%2Fv2%2Fcategories&post=43169"},{"taxonomy":"post_tag","embeddable":true,"href":"https:\/\/atecordoba.org\/index.php?rest_route=%2Fwp%2Fv2%2Ftags&post=43169"}],"curies":[{"name":"wp","href":"https:\/\/api.w.org\/{rel}","templated":true}]}}