{"id":4315,"date":"2014-07-17T17:20:07","date_gmt":"2014-07-17T20:20:07","guid":{"rendered":"http:\/\/www.atecordoba.org\/?p=4315"},"modified":"2014-07-17T17:20:07","modified_gmt":"2014-07-17T20:20:07","slug":"primeros-lineamientos-del-departamento-de-salud","status":"publish","type":"post","link":"https:\/\/atecordoba.org\/?p=4315","title":{"rendered":"Primeros lineamientos del Departamento de Salud"},"content":{"rendered":"<p><em>En el marco del lanzamiento del Departamento de Salud de ATE C\u00f3rdoba, a partir de la iniciativa del Consejo Directivo Provincial, los compa\u00f1eros que participaron del acto realizaron, posteriormente, un trabajo en comisiones donde se volcaron las demandas e inquietudes de los trabajadores de salud. En la oportunidad estuvo presente el m\u00e9dico y militante popular Medardo Avila Vazquez. Aqu\u00ed los principales lineamientos consensuados.<\/em><\/p>\n<p><a href=\"http:\/\/www.atecordoba.org\/wp-content\/uploads\/2014\/07\/IMG_6427.jpg\"><img loading=\"lazy\" decoding=\"async\" class=\"aligncenter size-full wp-image-4316\" alt=\"IMG_6427\" src=\"http:\/\/www.atecordoba.org\/wp-content\/uploads\/2014\/07\/IMG_6427.jpg\" width=\"640\" height=\"480\" \/><\/a><\/p>\n<p>El acto se realiz\u00f3 el 18 de junio en nuestra sede de calle Paran\u00e1. A la hora de presentar le nuevo departamento, nuestra secretaria General Mar\u00eda Teresa Romero se\u00f1al\u00f3 que &#8220;es nuevo espacio dentro de ATE debe servir a los trabajadores. Aqu\u00ed refrendamos el compromiso de nuestro gremio para construir \u00a0y mejorar la salud p\u00fablica en C\u00f3rdoba y en el resto del pa\u00eds. Por eso ser\u00e1 abierto a todos los compa\u00f1eros que quieran participar, sin ning\u00fan tipo de condicionamientos&#8221;.<\/p>\n<p>El prosecretario Gremial Fernando Castro, a cargo del Departamento conjuntamente con otros compa\u00f1eros, afirm\u00f3 que la propuesta de los 22 puntos para el sistema de salud del Foro Mundial de Porto Alegre, realizado hace ya m\u00e1s de una d\u00e9cada, es uno de los borradores que servir\u00e1n de<a href=\"http:\/\/www.atecordoba.org\/wp-content\/uploads\/2014\/07\/IMG_6432.jpg\"><img loading=\"lazy\" decoding=\"async\" class=\" wp-image-4317 alignright\" alt=\"IMG_6432\" src=\"http:\/\/www.atecordoba.org\/wp-content\/uploads\/2014\/07\/IMG_6432.jpg\" width=\"384\" height=\"288\" \/><\/a> referencia a la hora de debatir el sistema de salud. Acto seguido, present\u00f3 al m\u00e9dico neonat\u00f3logo Medardo Avila Vazquez, que desde hace a\u00f1os viene bregando por la conjunci\u00f3n entre salud y medio ambiente y tiene un papel relevante en la lucha contra el modelo de sojizaci\u00f3n y las consecuencias de la fumigaciones en la salud de la poblaci\u00f3n.<\/p>\n<p>&#8220;Nosotros entendemos la salud como un derecho, y como un derecho colectivo -arranc\u00f3 Avila Vazquez, tras saludar que ATE se implique en el debate profundo sobre la salud p\u00fablica-, que se opone el sistema individual de salud gestionado pro el mercado&#8221;. En ese sentido, destac\u00f3 el rol de Estado como una necesidad ineludible para garantizar un sistema \u00fanico de salud &#8220;y no como ahora que atiende s\u00f3lo a los ca\u00eddos del mercado&#8221;.<\/p>\n<p>El m\u00e9dico rescat\u00f3 que el sistema sanitario debe apuntar a la prevenci\u00f3n y no s\u00f3lo a la curaci\u00f3n de los pacientes, &#8220;de car\u00e1cter estatal, hegem\u00f3nico, democr\u00e1tico y con participaci\u00f3n de los trabajadores&#8221;.<\/p>\n<p>Tambi\u00e9n se refiri\u00f3 a las pol\u00edticas sanitarias de los gobiernos nacional y provincial, o a la falta de ellas, asegurando que los ministerios de salud &#8220;son agencias de negocios con los laboratorios, careciendo de pol\u00edticas de inversi\u00f3n p\u00fablica de medicamentos sino en apoyo del mercado, todo financiado por el Banco Mundial&#8221;.<\/p>\n<p><a href=\"http:\/\/www.atecordoba.org\/wp-content\/uploads\/2014\/07\/IMG_6428.jpg\"><img loading=\"lazy\" decoding=\"async\" class=\" wp-image-4318 alignleft\" alt=\"IMG_6428\" src=\"http:\/\/www.atecordoba.org\/wp-content\/uploads\/2014\/07\/IMG_6428.jpg\" width=\"384\" height=\"288\" \/><\/a>Por \u00faltimo, sostuvo que &#8220;podemos construir una nueva propuesta de salud y no hace falta que nos hundamos en debates te\u00f3ricos sin fin, tenemos ejemplos en Latinoam\u00e9rica, como Bolivia o Venezuela, que vienen logrando \u00e9xitos fabulosos a pocos a\u00f1os de aplicar pol\u00edticas sanitarias para el pueblo y no para el negocio&#8221;.<\/p>\n<p>Acto seguido, despu\u00e9s de un cerrado aplauso de los compa\u00f1eros presentes, se organiz\u00f3 el trabajo en comisiones que result\u00f3 en las conclusiones que brindamos a todos nuestros afiliados a continuaci\u00f3n:<\/p>\n<p><strong>SALUD COLECTIVA<\/strong><\/p>\n<ul>\n<li>Continuar con estos encuentros<\/li>\n<li>Invitaci\u00f3n ampliada, en una jornada completa<\/li>\n<li>El Departamento de salud deben funcionar con reuniones peri\u00f3dicas<\/li>\n<li>Hegemon\u00eda financiera. El neoliberalismo\u00a0 se recicla.<\/li>\n<li>No hay continuidad en las pol\u00edticas de salud, ni intersectorialidad, Municipalidad, Provincia, Naci\u00f3n.<\/li>\n<li>Peleamos por nuestros salarios, pero la defensa del Hospital P\u00fablico, del Derecho a la Salud, pasa a ser un slogan.<\/li>\n<li>Los agentes de salud estamos formados para abordar la enfermedad, no nos han formado en la prevenci\u00f3n, en la construcci\u00f3n de Salud.<\/li>\n<li>Aun con las carencias, el Hospital P\u00fablico sigue dando respuestas a la comunidad, aun sin recursos humanos suficientes, y con escasos insumos.<\/li>\n<li>Ante esta realidad, \u00bfC\u00f3mo estamos los trabajadores?<\/li>\n<\/ul>\n<p><strong>SISTEMAS UNICO DE SALUD<\/strong><\/p>\n<ul>\n<li>Salir a la comunidad. Proponer un SISTEMA P\u00daBLICO DE SALUD \u201cdiseminado y arraigado en los Barrios\u201d, porque la cantidad de profesionales que hay alcanzar\u00eda para cubrir muchas zonas.<\/li>\n<li>Proponemos: \u201cUn SISTEMA UNICO DE SALUD que garantizado por el Estado, que sea p\u00fablico, gratuito, eficiente, accesible y de calidad, que<a href=\"http:\/\/www.atecordoba.org\/wp-content\/uploads\/2014\/07\/IMG_6437.jpg\"><img loading=\"lazy\" decoding=\"async\" class=\" wp-image-4319 alignright\" alt=\"IMG_6437\" src=\"http:\/\/www.atecordoba.org\/wp-content\/uploads\/2014\/07\/IMG_6437.jpg\" width=\"384\" height=\"288\" \/><\/a> vuelque a la comunidad todos los recursos existentes.<\/li>\n<li>Que los equipos de salud sean diseminados por las barridas, que sean efectores de la promoci\u00f3n de la salud, de la prevenci\u00f3n de la enfermedad, como as\u00ed tambi\u00e9n de garantizar la atenci\u00f3n de los enfermos, su recuperaci\u00f3n y su rehabilitaci\u00f3n.<\/li>\n<\/ul>\n<p><strong>RECHAZO A POLITICAS NEOLIBERALES<\/strong><\/p>\n<ul>\n<li>Revalorizar el rol del Estado.<\/li>\n<li>Salud p\u00fablica para terminar con el negocio de la enfermedad.<\/li>\n<li>Propuesta, SISTEMA UNICO DE SALUD.<\/li>\n<\/ul>\n<p><strong>PRODUCCI\u00d3N DE MEDICAMENTOS<\/strong><\/p>\n<p>La producci\u00f3n de medicamentos, por parte del Estado, pone al trabajador en un rol fundamental, donde deja de ser un comercializador de medicamentos y tratamientos.<\/p>\n<p>En este sentido es absolutamente necesario estructurar en el \u00e1mbito de los trabajadores de salud (Estabilidad laboral, vigencia de los derechos laborales, Carrera \u00fanica sanitaria, etc), rompiendo con las consecuencias de la aplicaci\u00f3n de pol\u00edticas neoliberales de precarizaci\u00f3n y flexibilidad laboral.<\/p>\n<p><a href=\"http:\/\/www.atecordoba.org\/wp-content\/uploads\/2014\/07\/IMG_6455.jpg\"><img loading=\"lazy\" decoding=\"async\" class=\" wp-image-4320 alignleft\" alt=\"IMG_6455\" src=\"http:\/\/www.atecordoba.org\/wp-content\/uploads\/2014\/07\/IMG_6455.jpg\" width=\"384\" height=\"288\" \/><\/a>Si estructuramos el \u00e1mbito de los trabajadores, en una articulaci\u00f3n estrat\u00e9gica con la comunidad, podremos desmercantilizar estos procesos y ser actores de la producci\u00f3n de salud, que habilita la posibilidad de pol\u00edticas aut\u00f3nomas regionales, como la producci\u00f3n nacional de medicamentos.<\/p>\n<p><strong>SISTEMA DE INVESTIGACI\u00d3N<\/strong><\/p>\n<ul>\n<li>Generar un sistema de investigaci\u00f3n en salud.<\/li>\n<li>Valorizar y reforzar la organizaci\u00f3n sindical, para que esta sirva para controlar, denunciar y exigir que la Salud no sea comercio.<\/li>\n<li>Organizarnos como trabajadores de salud.<\/li>\n<li>Tenemos que estar informados para poder difundir a la comunidad sobre todos los problemas de salud, sobre todo los generados por cuestiones sociales.<\/li>\n<\/ul>\n<p><strong>SALUD DE LA MUJER<\/strong><\/p>\n<p>Lo fundamental es la prevenci\u00f3n y generar conciencia en la sociedad, y sobre las propias mujeres generar\u00a0 conciencia de sus derechos, derecho a decidir sobre cuerpo, decidir sobre la maternidad, cuando y cuantos hijos tener, o si no cumplir ese rol, igualdad de derechos laborales y civiles, etc.<\/p>\n<p>Es necesario avanzar en la lucha sobre los roles compartidos, tanto socialmente como en el hogar.<\/p>\n<p>La educaci\u00f3n sexual es indispensable, no s\u00f3lo para prevenir embarazos no deseados, como para prevenir enfermedades de transmisi\u00f3n sexual.<\/p>\n<p>Los medios de comunicaci\u00f3n producen una COSIFICACION\u00a0 de la mujer y estereotipos sexistas, los cuales hay que combatir, esta creemos es una de las tareas de este Departamento, como as\u00ed tambi\u00e9n hacer visibles Programas y Planes de salud sexual y reproductiva.<\/p>\n<p><strong>SALUD DE LOS TRABAJADORES<\/strong><\/p>\n<ul>\n<li>Propuesta de relevamiento de Carpetas m\u00e9dicas. \u00bfDe qu\u00e9 se enferman los trabajadores de salud?<a href=\"http:\/\/www.atecordoba.org\/wp-content\/uploads\/2014\/07\/IMG_6457.jpg\"><img loading=\"lazy\" decoding=\"async\" class=\" wp-image-4321 alignright\" alt=\"IMG_6457\" src=\"http:\/\/www.atecordoba.org\/wp-content\/uploads\/2014\/07\/IMG_6457.jpg\" width=\"384\" height=\"288\" \/><\/a><\/li>\n<li>Denunciar el maltrato de la Direcci\u00f3n de Salud Ocupacional.<\/li>\n<li>Capacitaciones de ATE sobre la ley 7625, ART, etc. \u00bfCu\u00e1les son nuestros Derechos? No se defiende lo que no se conoce.<\/li>\n<li>Cursos sobre Condiciones y Medio Ambiente de trabajo. En nuestros lugares de trabajo \u00bfcu\u00e1les son los factores de riesgo que afectan nuestra salud? y \u00bfcu\u00e1les los factores de riesgo laboral psicosocial?<\/li>\n<li>Que todas estas herramientas sean motivo de lucha. Porque los derechos no se mendigan, se conquistan.<\/li>\n<\/ul>\n<p><strong>SOBERAN\u00cdA ALIMENTARIA\/ DERECHO A LA TIERRA<\/strong><\/p>\n<ul>\n<li>Integraci\u00f3n social.<\/li>\n<li>Reforma agraria. La tierra para quien la trabaja. Entrega de tierras a los pueblos originarios.<\/li>\n<li>Proyectos de Huertas Comunitarias. La experiencia Hospital Misericordia.<\/li>\n<\/ul>\n<p><strong>MODELO PRODUCTIVO\/ CUIDADO AMBIENTAL<\/strong><\/p>\n<p>El medioambiente es una parte fundamental en el proceso de salud.<\/p>\n<p>Frente a este modelo extractivista y contaminante, los trabajadores de salud somos actores fundamentales, con nuestra participaci\u00f3n e involucramiento para propiciar la generaci\u00f3n de espacios saludables a nivel social, como as\u00ed tambi\u00e9n en nuestros \u00e1mbitos laborales donde estamos expuestos a contaminaci\u00f3n (Rx, mal tratamiento de pat\u00f3genos, el NO cumplimiento de las medidas de Bioseguridad, etc).<\/p>\n<p>&nbsp;<\/p>\n","protected":false},"excerpt":{"rendered":"<p>En el marco del lanzamiento del Departamento de Salud de ATE C\u00f3rdoba, a partir de la iniciativa del Consejo Directivo Provincial, los compa\u00f1eros que participaron del acto realizaron, posteriormente, un trabajo en comisiones donde se volcaron las demandas e inquietudes de los trabajadores de salud. En la oportunidad estuvo presente el m\u00e9dico y militante popular [&hellip;]<\/p>\n","protected":false},"author":1,"featured_media":19220,"comment_status":"open","ping_status":"open","sticky":false,"template":"","format":"standard","meta":{"_exactmetrics_skip_tracking":false,"_exactmetrics_sitenote_active":false,"_exactmetrics_sitenote_note":"","_exactmetrics_sitenote_category":0,"jnews-multi-image_gallery":[],"jnews_single_post":[],"jnews_primary_category":[],"jnews_social_meta":[],"jnews_review":[],"enable_review":"","type":"","name":"","summary":"","brand":"","sku":"","good":[],"bad":[],"score_override":"","override_value":"","rating":[],"price":[],"jnews_override_counter":[],"jnews_post_split":[],"footnotes":""},"categories":[104,7,8],"tags":[],"class_list":["post-4315","post","type-post","status-publish","format-standard","has-post-thumbnail","hentry","category-departamento-de-salud","category-hospitales","category-provinciales"],"jetpack_featured_media_url":"https:\/\/atecordoba.org\/wp-content\/uploads\/2020\/05\/logo-nuevochico-e1561581322808.png","_links":{"self":[{"href":"https:\/\/atecordoba.org\/index.php?rest_route=\/wp\/v2\/posts\/4315","targetHints":{"allow":["GET"]}}],"collection":[{"href":"https:\/\/atecordoba.org\/index.php?rest_route=\/wp\/v2\/posts"}],"about":[{"href":"https:\/\/atecordoba.org\/index.php?rest_route=\/wp\/v2\/types\/post"}],"author":[{"embeddable":true,"href":"https:\/\/atecordoba.org\/index.php?rest_route=\/wp\/v2\/users\/1"}],"replies":[{"embeddable":true,"href":"https:\/\/atecordoba.org\/index.php?rest_route=%2Fwp%2Fv2%2Fcomments&post=4315"}],"version-history":[{"count":0,"href":"https:\/\/atecordoba.org\/index.php?rest_route=\/wp\/v2\/posts\/4315\/revisions"}],"wp:featuredmedia":[{"embeddable":true,"href":"https:\/\/atecordoba.org\/index.php?rest_route=\/wp\/v2\/media\/19220"}],"wp:attachment":[{"href":"https:\/\/atecordoba.org\/index.php?rest_route=%2Fwp%2Fv2%2Fmedia&parent=4315"}],"wp:term":[{"taxonomy":"category","embeddable":true,"href":"https:\/\/atecordoba.org\/index.php?rest_route=%2Fwp%2Fv2%2Fcategories&post=4315"},{"taxonomy":"post_tag","embeddable":true,"href":"https:\/\/atecordoba.org\/index.php?rest_route=%2Fwp%2Fv2%2Ftags&post=4315"}],"curies":[{"name":"wp","href":"https:\/\/api.w.org\/{rel}","templated":true}]}}