{"id":43134,"date":"2024-04-29T12:49:48","date_gmt":"2024-04-29T15:49:48","guid":{"rendered":"https:\/\/atecordoba.org\/?p=43134"},"modified":"2024-04-29T13:17:58","modified_gmt":"2024-04-29T16:17:58","slug":"ate-repudia-la-pauta-provincial-y-exige-su-integracion-a-la-paritaria","status":"publish","type":"post","link":"https:\/\/atecordoba.org\/?p=43134","title":{"rendered":"ATE repudia la pauta provincial y exige su integraci\u00f3n a la paritaria"},"content":{"rendered":"<div class=\"wp-block-image\">\n<figure class=\"aligncenter size-full is-resized\"><img loading=\"lazy\" decoding=\"async\" width=\"776\" height=\"748\" src=\"https:\/\/atecordoba.org\/wp-content\/uploads\/2024\/04\/bolsillos-provinciales-1.jpg\" alt=\"\" class=\"wp-image-43144\" style=\"width:558px;height:auto\" srcset=\"https:\/\/atecordoba.org\/wp-content\/uploads\/2024\/04\/bolsillos-provinciales-1.jpg 776w, https:\/\/atecordoba.org\/wp-content\/uploads\/2024\/04\/bolsillos-provinciales-1-300x289.jpg 300w, https:\/\/atecordoba.org\/wp-content\/uploads\/2024\/04\/bolsillos-provinciales-1-768x740.jpg 768w, https:\/\/atecordoba.org\/wp-content\/uploads\/2024\/04\/bolsillos-provinciales-1-750x723.jpg 750w\" sizes=\"auto, (max-width: 776px) 100vw, 776px\" \/><\/figure>\n<\/div>\n\n\n<p>El Consejo Directivo Provincial (CDP) rechaz\u00f3 la oferta realizada por el Gobierno provincial de otorgar un m\u00edsero aumento salarial del 8,5 por ciento hasta el 30 de junio.<\/p>\n\n\n\n<p>La propuesta se burla del bolsillo de los trabajadores estatales, que teniendo en cuenta los niveles licuaci\u00f3n y la p\u00e9rdida de poder adquisitivo se encuentra lejos de poder comenzar siquiera a recomponer la situaci\u00f3n econ\u00f3mica del sector.<\/p>\n\n\n\n<p>La pobre pauta salarial formulada por el Gobierno del gobernador Martin Llaryora, choca de frente contra los datos sobre el \u00cdndice de Precios al Consumidor (IPC) de INDEC de 11,01% en marzo de este a\u00f1o.<\/p>\n\n\n\n<p>Adem\u00e1s, desde ATE exigimos la eliminaci\u00f3n definitiva del descuento por Fondo de Enfermedades Cr\u00f3nicas (Fosaet) para la obra social provincial (Apross).<\/p>\n\n\n\n<p>Las y los estatales repudiamos esta d\u00e1diva oficial, reclamamos un aumento de emergencia que emparde los ingresos de los y las estatales provinciales con el costo de vida y exigimos que el Gobierno cese con su pol\u00edtica de discriminaci\u00f3n convocando a la Mesa Paritaria a nuestra organizaci\u00f3n sindical que ostenta la Personer\u00eda Gremial N\u00ba 2.<\/p>\n","protected":false},"excerpt":{"rendered":"<p>El Consejo Directivo Provincial (CDP) rechaz\u00f3 la oferta realizada por el Gobierno provincial de otorgar un m\u00edsero aumento salarial del 8,5 por ciento hasta el 30 de junio. La propuesta se burla del bolsillo de los trabajadores estatales, que teniendo en cuenta los niveles licuaci\u00f3n y la p\u00e9rdida de poder adquisitivo se encuentra lejos de [&hellip;]<\/p>\n","protected":false},"author":7,"featured_media":43146,"comment_status":"open","ping_status":"open","sticky":false,"template":"","format":"standard","meta":{"_exactmetrics_skip_tracking":false,"_exactmetrics_sitenote_active":false,"_exactmetrics_sitenote_note":"","_exactmetrics_sitenote_category":0,"jnews-multi-image_gallery":[],"jnews_single_post":{"subtitle":"El m\u00edsero aumento salarial del 8,5 por ciento hasta el 30 de junio choca de frente contra los datos de INDEC, que alcanzaron solo en marzo el 11,01%. ","format":"standard","video":"","gallery":"","source_name":"","source_url":"","via_name":"","via_url":"","override_template":"0","override":[{"template":"1","single_blog_custom":"","parallax":"1","fullscreen":"1","layout":"no-sidebar-narrow","sidebar":"default-sidebar","second_sidebar":"default-sidebar","sticky_sidebar":"1","share_position":"bottom","share_float_style":"share-monocrhome","show_share_counter":"1","show_view_counter":"1","show_featured":"0","show_post_meta":"1","show_post_author":"0","show_post_author_image":"1","show_post_date":"1","post_date_format":"default","post_date_format_custom":"Y\/m\/d","show_post_category":"1","show_post_reading_time":"0","post_reading_time_wpm":"300","show_zoom_button":"0","zoom_button_out_step":"2","zoom_button_in_step":"3","show_post_tag":"1","show_prev_next_post":"0","show_popup_post":"0","number_popup_post":"1","show_author_box":"0","show_post_related":"1","show_inline_post_related":"0"}],"override_image_size":"0","image_override":[{"single_post_thumbnail_size":"crop-500","single_post_gallery_size":"crop-500"}],"trending_post":"0","trending_post_position":"meta","trending_post_label":"Trending","sponsored_post":"0","sponsored_post_label":"Sponsored by","sponsored_post_name":"","sponsored_post_url":"","sponsored_post_logo_enable":"0","sponsored_post_logo":"","sponsored_post_desc":"","disable_ad":"0"},"jnews_primary_category":{"id":"","hide":""},"jnews_social_meta":{"fb_title":"","fb_description":"","fb_image":"","twitter_title":"","twitter_description":"","twitter_image":""},"jnews_review":[],"enable_review":"0","type":"percentage","name":"","summary":"","brand":"","sku":"","good":[{"good_text":""}],"bad":[{"bad_text":""}],"score_override":"","override_value":"","rating":[{"rating_text":"","rating_number":"10"}],"price":[{"shop":"","price":"","link":"","icon":""}],"jnews_override_counter":{"override_view_counter":"0","view_counter_number":"0","override_share_counter":"0","share_counter_number":"0","override_like_counter":"0","like_counter_number":"0","override_dislike_counter":"0","dislike_counter_number":"0"},"jnews_post_split":{"enable_post_split":"0","post_split":[{"template":"1","tag":"h2","numbering":"asc","mode":"normal","first":"0","enable_toc":"0","toc_type":"normal"}]},"footnotes":""},"categories":[8],"tags":[],"class_list":["post-43134","post","type-post","status-publish","format-standard","has-post-thumbnail","hentry","category-provinciales"],"jetpack_featured_media_url":"https:\/\/atecordoba.org\/wp-content\/uploads\/2024\/04\/bolsillosprovinciales2.jpg","_links":{"self":[{"href":"https:\/\/atecordoba.org\/index.php?rest_route=\/wp\/v2\/posts\/43134","targetHints":{"allow":["GET"]}}],"collection":[{"href":"https:\/\/atecordoba.org\/index.php?rest_route=\/wp\/v2\/posts"}],"about":[{"href":"https:\/\/atecordoba.org\/index.php?rest_route=\/wp\/v2\/types\/post"}],"author":[{"embeddable":true,"href":"https:\/\/atecordoba.org\/index.php?rest_route=\/wp\/v2\/users\/7"}],"replies":[{"embeddable":true,"href":"https:\/\/atecordoba.org\/index.php?rest_route=%2Fwp%2Fv2%2Fcomments&post=43134"}],"version-history":[{"count":3,"href":"https:\/\/atecordoba.org\/index.php?rest_route=\/wp\/v2\/posts\/43134\/revisions"}],"predecessor-version":[{"id":43145,"href":"https:\/\/atecordoba.org\/index.php?rest_route=\/wp\/v2\/posts\/43134\/revisions\/43145"}],"wp:featuredmedia":[{"embeddable":true,"href":"https:\/\/atecordoba.org\/index.php?rest_route=\/wp\/v2\/media\/43146"}],"wp:attachment":[{"href":"https:\/\/atecordoba.org\/index.php?rest_route=%2Fwp%2Fv2%2Fmedia&parent=43134"}],"wp:term":[{"taxonomy":"category","embeddable":true,"href":"https:\/\/atecordoba.org\/index.php?rest_route=%2Fwp%2Fv2%2Fcategories&post=43134"},{"taxonomy":"post_tag","embeddable":true,"href":"https:\/\/atecordoba.org\/index.php?rest_route=%2Fwp%2Fv2%2Ftags&post=43134"}],"curies":[{"name":"wp","href":"https:\/\/api.w.org\/{rel}","templated":true}]}}