{"id":43128,"date":"2024-04-29T11:01:11","date_gmt":"2024-04-29T14:01:11","guid":{"rendered":"https:\/\/atecordoba.org\/?p=43128"},"modified":"2024-04-29T11:01:12","modified_gmt":"2024-04-29T14:01:12","slug":"la-justicia-federal-de-cordoba-admite-un-tramite-de-inconstitucionalidad-del-dnu-de-milei","status":"publish","type":"post","link":"https:\/\/atecordoba.org\/?p=43128","title":{"rendered":"La Justicia Federal de C\u00f3rdoba admite un tr\u00e1mite de inconstitucionalidad del DNU de Milei"},"content":{"rendered":"<div class=\"wp-block-image\">\n<figure class=\"aligncenter size-full\"><img loading=\"lazy\" decoding=\"async\" width=\"696\" height=\"455\" src=\"https:\/\/atecordoba.org\/wp-content\/uploads\/2024\/04\/tribunalesfederales.jpg\" alt=\"\" class=\"wp-image-43129\" srcset=\"https:\/\/atecordoba.org\/wp-content\/uploads\/2024\/04\/tribunalesfederales.jpg 696w, https:\/\/atecordoba.org\/wp-content\/uploads\/2024\/04\/tribunalesfederales-300x196.jpg 300w\" sizes=\"auto, (max-width: 696px) 100vw, 696px\" \/><\/figure>\n<\/div>\n\n\n<p><sup>(fuente <a href=\"https:\/\/lmdiario.com.ar\/\">https:\/\/lmdiario.com.ar\/<\/a>)<\/sup><\/p>\n\n\n\n<p>Una medida judicial conocida ayer admiti\u00f3 un planteo de inconstitucionalidad del Decreto de Necesidad y Urgencia (DNU) 70\/23, que es la herramienta legal, o ilegal, que es donde el Presidente Javier Milei se escuda para realizar el brutal ajuste del Estado nacional desde que comenz\u00f3 su gesti\u00f3n en diciembre pasado. <\/p>\n\n\n<div class=\"wp-block-image\">\n<figure class=\"alignright size-full is-resized\"><img loading=\"lazy\" decoding=\"async\" width=\"730\" height=\"400\" src=\"https:\/\/atecordoba.org\/wp-content\/uploads\/2024\/04\/VacaNarvaja.jpg\" alt=\"\" class=\"wp-image-43130\" style=\"width:487px;height:auto\" srcset=\"https:\/\/atecordoba.org\/wp-content\/uploads\/2024\/04\/VacaNarvaja.jpg 730w, https:\/\/atecordoba.org\/wp-content\/uploads\/2024\/04\/VacaNarvaja-300x164.jpg 300w\" sizes=\"auto, (max-width: 730px) 100vw, 730px\" \/><\/figure>\n<\/div>\n\n\n<p>El abogado y profesor de la Facultad de Derecho de la Universidad Nacional de C\u00f3rdoba (UNC), Luis Alberto D\u00edaz, junto a un conjunto de ciudadanos, abogados&nbsp; y otros acad\u00e9micos, presentaron en la Justicia Federal una Acci\u00f3n Declarativa de Inconstitucionalidad (ADI), para impedir su aplicaci\u00f3n total o parcial por atentar contra derechos y garant\u00edas constitucionales.<\/p>\n\n\n\n<p>El 19 de abril el Juzgado Federal N\u00famero 3 de C\u00f3rdoba, a cargo de Miguel Hugo Vaca Narvaja, inform\u00f3 a D\u00edaz que la presentaci\u00f3n fue admitida. De esta manera, la demanda de estos letrados&nbsp; se convierte en la primera del pa\u00eds, seg\u00fan explic\u00f3 D\u00edaz, en no ser rechazada por la Justicia.<\/p>\n\n\n\n<p>La estrategia legal del amparo, seg\u00fan el letrado, se da en el marco de m\u00faltiples recursos de amparos y acciones declarativas a la constitucionalidad que se han presentado (que\u00a0 han sido rechazadas sin darle tramite) a lo largo de todo el pa\u00eds desde la entrada en vigencia en el mes de diciembre, cuando Javier Milei emiti\u00f3 el mega DNU 70\/2023, pero se diferencia de otras en que (tras estudiar con detenimiento los argumentos de la Justicia a la hora de desestimar dichas acciones) incluye puntos claves como la figura de colectivos ciudadanos y abogados que se ven afectados por su aplicaci\u00f3n.<\/p>\n\n\n\n<p>Para esta semana se aguarda una nueva presentaci\u00f3n del equipo de abogados ampliando el planteo para que la acci\u00f3n presentada se considere en car\u00e1cter colectivo, conforme lo estableci\u00f3 en un fallo la Corte Suprema de justicia de la Naci\u00f3n.<\/p>\n\n\n\n<p>Por el momento el Juzgado N\u00ba3, a cargo de Hugo Vaca Narvaja, notific\u00f3 al gobierno nacional, que deber\u00e1 presentarse y responder el planteo.<\/p>\n","protected":false},"excerpt":{"rendered":"<p>(fuente https:\/\/lmdiario.com.ar\/) Una medida judicial conocida ayer admiti\u00f3 un planteo de inconstitucionalidad del Decreto de Necesidad y Urgencia (DNU) 70\/23, que es la herramienta legal, o ilegal, que es donde el Presidente Javier Milei se escuda para realizar el brutal ajuste del Estado nacional desde que comenz\u00f3 su gesti\u00f3n en diciembre pasado. El abogado y [&hellip;]<\/p>\n","protected":false},"author":7,"featured_media":43131,"comment_status":"open","ping_status":"open","sticky":false,"template":"","format":"standard","meta":{"_exactmetrics_skip_tracking":false,"_exactmetrics_sitenote_active":false,"_exactmetrics_sitenote_note":"","_exactmetrics_sitenote_category":0,"jnews-multi-image_gallery":[],"jnews_single_post":{"subtitle":"Para esta semana se aguarda una nueva presentaci\u00f3n del equipo de abogados ampliando el planteo para que la acci\u00f3n presentada se considere en car\u00e1cter colectivo, conforme lo estableci\u00f3 en un fallo la Corte Suprema de justicia de la Naci\u00f3n.","format":"standard","video":"","gallery":"","source_name":"","source_url":"","via_name":"","via_url":"","override_template":"0","override":[{"template":"1","single_blog_custom":"","parallax":"1","fullscreen":"1","layout":"no-sidebar-narrow","sidebar":"default-sidebar","second_sidebar":"default-sidebar","sticky_sidebar":"1","share_position":"bottom","share_float_style":"share-monocrhome","show_share_counter":"1","show_view_counter":"1","show_featured":"0","show_post_meta":"1","show_post_author":"0","show_post_author_image":"1","show_post_date":"1","post_date_format":"default","post_date_format_custom":"Y\/m\/d","show_post_category":"1","show_post_reading_time":"0","post_reading_time_wpm":"300","show_zoom_button":"0","zoom_button_out_step":"2","zoom_button_in_step":"3","show_post_tag":"1","show_prev_next_post":"0","show_popup_post":"0","number_popup_post":"1","show_author_box":"0","show_post_related":"1","show_inline_post_related":"0"}],"override_image_size":"0","image_override":[{"single_post_thumbnail_size":"crop-500","single_post_gallery_size":"crop-500"}],"trending_post":"0","trending_post_position":"meta","trending_post_label":"Trending","sponsored_post":"0","sponsored_post_label":"Sponsored by","sponsored_post_name":"","sponsored_post_url":"","sponsored_post_logo_enable":"0","sponsored_post_logo":"","sponsored_post_desc":"","disable_ad":"0"},"jnews_primary_category":{"id":"","hide":""},"jnews_social_meta":{"fb_title":"","fb_description":"","fb_image":"","twitter_title":"","twitter_description":"","twitter_image":""},"jnews_review":[],"enable_review":"0","type":"percentage","name":"","summary":"","brand":"","sku":"","good":[{"good_text":""}],"bad":[{"bad_text":""}],"score_override":"","override_value":"","rating":[{"rating_text":"","rating_number":"10"}],"price":[{"shop":"","price":"","link":"","icon":""}],"jnews_override_counter":{"override_view_counter":"0","view_counter_number":"0","override_share_counter":"0","share_counter_number":"0","override_like_counter":"0","like_counter_number":"0","override_dislike_counter":"0","dislike_counter_number":"0"},"jnews_post_split":{"enable_post_split":"0","post_split":[{"template":"1","tag":"h2","numbering":"asc","mode":"normal","first":"0","enable_toc":"0","toc_type":"normal"}]},"footnotes":""},"categories":[10],"tags":[],"class_list":["post-43128","post","type-post","status-publish","format-standard","has-post-thumbnail","hentry","category-accion-politica"],"jetpack_featured_media_url":"https:\/\/atecordoba.org\/wp-content\/uploads\/2024\/04\/mileimotosierra.jpg","_links":{"self":[{"href":"https:\/\/atecordoba.org\/index.php?rest_route=\/wp\/v2\/posts\/43128","targetHints":{"allow":["GET"]}}],"collection":[{"href":"https:\/\/atecordoba.org\/index.php?rest_route=\/wp\/v2\/posts"}],"about":[{"href":"https:\/\/atecordoba.org\/index.php?rest_route=\/wp\/v2\/types\/post"}],"author":[{"embeddable":true,"href":"https:\/\/atecordoba.org\/index.php?rest_route=\/wp\/v2\/users\/7"}],"replies":[{"embeddable":true,"href":"https:\/\/atecordoba.org\/index.php?rest_route=%2Fwp%2Fv2%2Fcomments&post=43128"}],"version-history":[{"count":1,"href":"https:\/\/atecordoba.org\/index.php?rest_route=\/wp\/v2\/posts\/43128\/revisions"}],"predecessor-version":[{"id":43132,"href":"https:\/\/atecordoba.org\/index.php?rest_route=\/wp\/v2\/posts\/43128\/revisions\/43132"}],"wp:featuredmedia":[{"embeddable":true,"href":"https:\/\/atecordoba.org\/index.php?rest_route=\/wp\/v2\/media\/43131"}],"wp:attachment":[{"href":"https:\/\/atecordoba.org\/index.php?rest_route=%2Fwp%2Fv2%2Fmedia&parent=43128"}],"wp:term":[{"taxonomy":"category","embeddable":true,"href":"https:\/\/atecordoba.org\/index.php?rest_route=%2Fwp%2Fv2%2Fcategories&post=43128"},{"taxonomy":"post_tag","embeddable":true,"href":"https:\/\/atecordoba.org\/index.php?rest_route=%2Fwp%2Fv2%2Ftags&post=43128"}],"curies":[{"name":"wp","href":"https:\/\/api.w.org\/{rel}","templated":true}]}}