{"id":43123,"date":"2024-04-26T14:58:58","date_gmt":"2024-04-26T17:58:58","guid":{"rendered":"https:\/\/atecordoba.org\/?p=43123"},"modified":"2024-04-26T14:58:58","modified_gmt":"2024-04-26T17:58:58","slug":"ate-cordoba-repudia-la-ley-de-bases-promotora-del-desguace-del-estado-y-la-destruccion-del-empleo-publico","status":"publish","type":"post","link":"https:\/\/atecordoba.org\/?p=43123","title":{"rendered":"ATE C\u00f3rdoba repudia la Ley de Bases, promotora del desguace del Estado y la destrucci\u00f3n del empleo p\u00fablico"},"content":{"rendered":"<div class=\"wp-block-image\">\n<figure class=\"aligncenter size-full\"><img loading=\"lazy\" decoding=\"async\" width=\"599\" height=\"440\" src=\"https:\/\/atecordoba.org\/wp-content\/uploads\/2024\/04\/motosierra.jpg\" alt=\"\" class=\"wp-image-43124\" srcset=\"https:\/\/atecordoba.org\/wp-content\/uploads\/2024\/04\/motosierra.jpg 599w, https:\/\/atecordoba.org\/wp-content\/uploads\/2024\/04\/motosierra-300x220.jpg 300w\" sizes=\"auto, (max-width: 599px) 100vw, 599px\" \/><\/figure>\n<\/div>\n\n\n<p>El Consejo Directivo Provincial (CDP) repudia el proyecto de Ley de Bases, y particularmente los cap\u00edtulos de desguace del Estado y destrucci\u00f3n del empleo p\u00fablico.<\/p>\n\n\n\n<p>Con esta norma, Milei busca profundizar el ajuste sobre el Estado y sus trabajadores\/as, adem\u00e1s de descargar su furia y resentimiento sobre el colectivo laboral que garantiza derechos al servicio del pueblo.<br><br>Esta versi\u00f3n del proyecto de ley desborda crueldad. Milei no quiere que se salve nadie del despido y pretende pasar por arriba leyes, reg\u00edmenes especiales y convenios colectivos de trabajo con tal de quebrantar a los\/as estatales.<br><br>Es de m\u00e1xima gravedad la modificaci\u00f3n del art\u00edculo 11\u00b0 de la Ley 25164 de empleo p\u00fablico, donde incluye el exceso de la \u201cdotaci\u00f3n \u00f3ptima\u201d -variable completamente manipulable, arbitraria y discrecional-, adem\u00e1s del cierre o eliminaci\u00f3n de organismos, como motivo para pasar a disponibilidad -desvincular- a la planta permanente.<\/p>\n\n\n\n<p>Entre otros puntos, el proyecto legaliza y facilita despidos masivos e indiscriminados, al exterminar la planta permanente del Estado, violando el derecho constitucional a la estabilidad laboral.<\/p>\n\n\n\n<p>Tambi\u00e9n arremete con profunda violencia de g\u00e9nero contra los derechos que protegen a embarazadas, as\u00ed como contra personas enfermas o accidentadas, que pueden ser puestas a disponibilidad. Y promueve despidos indirectos por medio de traslados compulsivos, al eliminar el consentimiento de las y los trabajadores.<\/p>\n\n\n\n<p>Los derechos de los estatales est\u00e1n siendo atacados de manera cruenta al impulsar descuentos salariales por protestar, criminalizando y limitando el derecho a huelga; asimismo ataca la transparencia en el ingreso a la carrera al eliminar veedur\u00edas gremiales.<\/p>\n\n\n\n<p>El proyecto promueve las jubilaciones en masa lesionando la capacidad del personal del Estado para cumplir con lo que la propia normativa le exige.<\/p>\n\n\n\n<p>De esta forma, el vaciamiento es el paso previo a la posterior privatizaci\u00f3n.<\/p>\n\n\n\n<p>No es una reestructuraci\u00f3n ni otra reforma: se trata de la devastaci\u00f3n del Estado para su total colonizaci\u00f3n por el empresariado m\u00e1s rancio.<\/p>\n\n\n\n<p>ATE ya traslad\u00f3 a numerosos diputados y diputadas nacionales por C\u00f3rdoba su rechazo al programa de ajuste, se\u00f1alando los derechos que ser\u00e1n cercenados al conjunto de la poblaci\u00f3n de la provincia.<\/p>\n\n\n\n<p>La Legislatura Unicameral ya se manifest\u00f3 en una declaraci\u00f3n contra los despidos y reclamando la vigencia de las pol\u00edticas p\u00fablicas nacionales en C\u00f3rdoba.<\/p>\n\n\n\n<p>En esa l\u00ednea, reclamamos a las y los diputados nacionales que fijen posici\u00f3n en contra de la ley y repudiamos a aquellos que trabajan abiertamente por su aprobaci\u00f3n. Su intenci\u00f3n de centralizar toda la atenci\u00f3n estatal en la Capital Federal implica un profundo centralismo unitario que agravia el federalismo instaurado por nuestra Constituci\u00f3n Nacional.<\/p>\n\n\n\n<p>Seguiremos luchando en defensa de las y los estatales, por el sostenimiento de las pol\u00edticas p\u00fablicas y la presencia del Estado en C\u00f3rdoba.<\/p>\n\n\n\n<p class=\"has-text-align-center\">Federico Giuliani<\/p>\n\n\n\n<p class=\"has-text-align-center\">Secretario General<\/p>\n\n\n\n<p class=\"has-text-align-center\">ATE C\u00f3rdoba<\/p>\n","protected":false},"excerpt":{"rendered":"<p>El Consejo Directivo Provincial (CDP) repudia el proyecto de Ley de Bases, y particularmente los cap\u00edtulos de desguace del Estado y destrucci\u00f3n del empleo p\u00fablico. Con esta norma, Milei busca profundizar el ajuste sobre el Estado y sus trabajadores\/as, adem\u00e1s de descargar su furia y resentimiento sobre el colectivo laboral que garantiza derechos al servicio [&hellip;]<\/p>\n","protected":false},"author":7,"featured_media":43125,"comment_status":"open","ping_status":"open","sticky":false,"template":"","format":"standard","meta":{"_exactmetrics_skip_tracking":false,"_exactmetrics_sitenote_active":false,"_exactmetrics_sitenote_note":"","_exactmetrics_sitenote_category":0,"jnews-multi-image_gallery":[],"jnews_single_post":{"subtitle":"Esta versi\u00f3n del proyecto de ley desborda crueldad. Milei no quiere que se salve nadie del despido y pretende pasar por arriba leyes, reg\u00edmenes especiales y convenios colectivos de trabajo con tal de quebrantar a los\/as estatales.","format":"standard","video":"","gallery":"","source_name":"","source_url":"","via_name":"","via_url":"","override_template":"0","override":[{"template":"1","single_blog_custom":"","parallax":"1","fullscreen":"1","layout":"no-sidebar-narrow","sidebar":"default-sidebar","second_sidebar":"default-sidebar","sticky_sidebar":"1","share_position":"bottom","share_float_style":"share-monocrhome","show_share_counter":"1","show_view_counter":"1","show_featured":"0","show_post_meta":"1","show_post_author":"0","show_post_author_image":"1","show_post_date":"1","post_date_format":"default","post_date_format_custom":"Y\/m\/d","show_post_category":"1","show_post_reading_time":"0","post_reading_time_wpm":"300","show_zoom_button":"0","zoom_button_out_step":"2","zoom_button_in_step":"3","show_post_tag":"1","show_prev_next_post":"0","show_popup_post":"0","number_popup_post":"1","show_author_box":"0","show_post_related":"1","show_inline_post_related":"0"}],"override_image_size":"0","image_override":[{"single_post_thumbnail_size":"crop-500","single_post_gallery_size":"crop-500"}],"trending_post":"0","trending_post_position":"meta","trending_post_label":"Trending","sponsored_post":"0","sponsored_post_label":"Sponsored by","sponsored_post_name":"","sponsored_post_url":"","sponsored_post_logo_enable":"0","sponsored_post_logo":"","sponsored_post_desc":"","disable_ad":"0"},"jnews_primary_category":{"id":"","hide":""},"jnews_social_meta":{"fb_title":"","fb_description":"","fb_image":"","twitter_title":"","twitter_description":"","twitter_image":""},"jnews_review":[],"enable_review":"0","type":"percentage","name":"","summary":"","brand":"","sku":"","good":[{"good_text":""}],"bad":[{"bad_text":""}],"score_override":"","override_value":"","rating":[{"rating_text":"","rating_number":"10"}],"price":[{"shop":"","price":"","link":"","icon":""}],"jnews_override_counter":{"override_view_counter":"0","view_counter_number":"0","override_share_counter":"0","share_counter_number":"0","override_like_counter":"0","like_counter_number":"0","override_dislike_counter":"0","dislike_counter_number":"0"},"jnews_post_split":{"enable_post_split":"0","post_split":[{"template":"1","tag":"h2","numbering":"asc","mode":"normal","first":"0","enable_toc":"0","toc_type":"normal"}]},"footnotes":""},"categories":[53],"tags":[],"class_list":["post-43123","post","type-post","status-publish","format-standard","has-post-thumbnail","hentry","category-comunicados-de-prensa"],"jetpack_featured_media_url":"https:\/\/atecordoba.org\/wp-content\/uploads\/2024\/04\/minimotosierra.jpg","_links":{"self":[{"href":"https:\/\/atecordoba.org\/index.php?rest_route=\/wp\/v2\/posts\/43123","targetHints":{"allow":["GET"]}}],"collection":[{"href":"https:\/\/atecordoba.org\/index.php?rest_route=\/wp\/v2\/posts"}],"about":[{"href":"https:\/\/atecordoba.org\/index.php?rest_route=\/wp\/v2\/types\/post"}],"author":[{"embeddable":true,"href":"https:\/\/atecordoba.org\/index.php?rest_route=\/wp\/v2\/users\/7"}],"replies":[{"embeddable":true,"href":"https:\/\/atecordoba.org\/index.php?rest_route=%2Fwp%2Fv2%2Fcomments&post=43123"}],"version-history":[{"count":1,"href":"https:\/\/atecordoba.org\/index.php?rest_route=\/wp\/v2\/posts\/43123\/revisions"}],"predecessor-version":[{"id":43126,"href":"https:\/\/atecordoba.org\/index.php?rest_route=\/wp\/v2\/posts\/43123\/revisions\/43126"}],"wp:featuredmedia":[{"embeddable":true,"href":"https:\/\/atecordoba.org\/index.php?rest_route=\/wp\/v2\/media\/43125"}],"wp:attachment":[{"href":"https:\/\/atecordoba.org\/index.php?rest_route=%2Fwp%2Fv2%2Fmedia&parent=43123"}],"wp:term":[{"taxonomy":"category","embeddable":true,"href":"https:\/\/atecordoba.org\/index.php?rest_route=%2Fwp%2Fv2%2Fcategories&post=43123"},{"taxonomy":"post_tag","embeddable":true,"href":"https:\/\/atecordoba.org\/index.php?rest_route=%2Fwp%2Fv2%2Ftags&post=43123"}],"curies":[{"name":"wp","href":"https:\/\/api.w.org\/{rel}","templated":true}]}}