{"id":43115,"date":"2024-04-26T10:39:44","date_gmt":"2024-04-26T13:39:44","guid":{"rendered":"https:\/\/atecordoba.org\/?p=43115"},"modified":"2024-04-26T11:03:49","modified_gmt":"2024-04-26T14:03:49","slug":"jornada-de-lucha-del-30-de-abril-protesta-por-despidos-en-andis","status":"publish","type":"post","link":"https:\/\/atecordoba.org\/?p=43115","title":{"rendered":"Jornada de Lucha del 30 de abril: protesta por despidos en ANDIS"},"content":{"rendered":"<div class=\"wp-block-image\">\n<figure class=\"aligncenter size-full is-resized\"><img loading=\"lazy\" decoding=\"async\" width=\"768\" height=\"432\" src=\"https:\/\/atecordoba.org\/wp-content\/uploads\/2024\/04\/andispuerta.jpg\" alt=\"\" class=\"wp-image-43116\" style=\"width:678px;height:auto\" srcset=\"https:\/\/atecordoba.org\/wp-content\/uploads\/2024\/04\/andispuerta.jpg 768w, https:\/\/atecordoba.org\/wp-content\/uploads\/2024\/04\/andispuerta-300x169.jpg 300w, https:\/\/atecordoba.org\/wp-content\/uploads\/2024\/04\/andispuerta-750x422.jpg 750w\" sizes=\"auto, (max-width: 768px) 100vw, 768px\" \/><\/figure>\n<\/div>\n\n\n<p>El pr\u00f3ximo martes 30 de abril ATE C\u00f3rdoba realizar\u00e1 una protesta frente a la sede de la Agencia Nacional de Discapacidad (ANDIS) en repudio a los despidos en el organismo, que ponen en riesgo la aplicaci\u00f3n de pol\u00edticas p\u00fablicas para ese sector vulnerable de la comunidad.<\/p>\n\n\n\n<p>Se trata de un organismo fundamental para garantizar el ejercicio de las pol\u00edticas p\u00fablicas de las personas con discapacidades, que no tienen otro sector del Estado nacional donde dirigirse para realizar sus tr\u00e1mites y gestiones. <\/p>\n\n\n\n<p>En C\u00f3rdoba 11 compa\u00f1eras y compa\u00f1eros perdieron sus puestos de trabajo en marzo pasado, fruto de la pol\u00edtica de ajuste del Gobierno de Javier Milei,<a href=\"https:\/\/atecordoba.org\/?p=42888\"> personal con m\u00e1s de 20 a\u00f1os de antig\u00fcedad que cumple funciones clave<\/a> para que las y los beneficiarios puedan acceder a sus derechos. <\/p>\n\n\n\n<p>La Legislatura Unicameral<a href=\"https:\/\/atecordoba.org\/?p=42952\"> ya se expres\u00f3 en contra de los despidos<\/a> y el desguace del organismo, como otros que son fundamentales para la comunidad. <\/p>\n\n\n\n<p>La protesta se llevar\u00e1 a cabo desde las 10 horas en 9 de Julio 359 de C\u00f3rdoba Capital, en el marco de una jornada de lucha que ATE resolvi\u00f3 en su XXVI Congreso Provincial.<\/p>\n\n\n\n<p><strong>Desmantelamiento de las pensiones por invalidez<\/strong><\/p>\n\n\n\n<p>Las y los trabajadores de la ex Comisi\u00f3n Nacional de Pensiones, actual Agencia Nacional de Discapacidad (ANDis), repudiaron en\u00e9rgicamente el brutal ajuste que lleva adelante el gobierno de Milei en todas las \u00e1reas sensibles del Estado y denunciaron el desmantelamiento de la pol\u00edtica p\u00fablica de pensiones a nivel nacional, circunstancia que perjudica principalmente a la poblaci\u00f3n m\u00e1s vulnerable de nuestra sociedad: Personas con Discapacidad y sus familias.<\/p>\n\n\n\n<p>En un comunicado emitido por la Junta Interna de Delegadas y Delegados de ATE\u00a0Pensiones, explicaron que &#8220;la ANDis, el \u00f3rgano matriz en materia de Discapacidad en Argentina, presenta un panorama alarmante y desalentador: los tr\u00e1mites de Pensi\u00f3n no Contributiva por Invalidez (PNC) se encuentran completamente paralizados, se otorgan unos pocos beneficios por mes (alrededor de 200) y los que est\u00e1n listos para el alta por sistema quedan estancados en diferentes \u00e1reas del organismo; tampoco hay un tratamiento de los casos urgentes, una demora planificada y ejecutada por los funcionarios de la gesti\u00f3n actual que impide a nuevos solicitantes acceder al beneficio econ\u00f3mico necesario para una subsistencia b\u00e1sica y a la cobertura que ofrece el Programa Federal INCLUIR SALUD&#8221;.<\/p>\n\n\n\n<p>&#8220;En uno de los peores momentos de nuestra historia econ\u00f3mica, las autoridades de la ANDis avanzan en un plan de destrucci\u00f3n total del \u00e1rea de Pensiones, que incluye un vaciamiento del organismo, despido de trabajadores\/as, cierre de delegaciones en todo el pa\u00eds y miles de tr\u00e1mites urgentes sin tratamiento; adem\u00e1s de operaciones de prensa en medios masivos de comunicaci\u00f3n para poner en agenda e instalar en la opini\u00f3n p\u00fablica una estigmatizaci\u00f3n sobre la pol\u00edtica p\u00fablica de pensiones&#8221;.<\/p>\n\n\n\n<p>&#8220;La estrategia es que quede todo bajo un manto de sospecha a partir de titulares, im\u00e1genes y ep\u00edgrafes que refieran a gastos exorbitantes y otorgamientos masivos e irregulares de beneficios, tal es el caso del informe televisivo: &#8216;Fraude en la Pensiones por Invalidez&#8217;, presentado por el periodista Luis Majul en LN+ 15 d\u00edas atr\u00e1s, y el reciente art\u00edculo gr\u00e1fico publicado por el Diario Clar\u00edn, el pasado domingo 21 de abril, bajo el t\u00edtulo: &#8216;El descontrol de las pensiones por invalidez'&#8221;, denunciaron.<\/p>\n\n\n<div class=\"wp-block-image\">\n<figure class=\"aligncenter size-full is-resized\"><img loading=\"lazy\" decoding=\"async\" width=\"768\" height=\"432\" src=\"https:\/\/atecordoba.org\/wp-content\/uploads\/2024\/04\/andispuerta2.jpg\" alt=\"\" class=\"wp-image-43120\" style=\"width:674px;height:auto\" srcset=\"https:\/\/atecordoba.org\/wp-content\/uploads\/2024\/04\/andispuerta2.jpg 768w, https:\/\/atecordoba.org\/wp-content\/uploads\/2024\/04\/andispuerta2-300x169.jpg 300w, https:\/\/atecordoba.org\/wp-content\/uploads\/2024\/04\/andispuerta2-750x422.jpg 750w\" sizes=\"auto, (max-width: 768px) 100vw, 768px\" \/><\/figure>\n<\/div>\n\n\n<p>Y a\u00f1adieron que organismos internacionales como la Organizaci\u00f3n Mundial de la Salud (OMS) y el Banco Mundial consideran, seg\u00fan sus mediciones, que en &#8220;<strong>un 15% de la poblaci\u00f3n argentina presenta alg\u00fan tipo de discapacidad<\/strong>, dentro de una poblaci\u00f3n de 46 millones de habitantes que arroj\u00f3 el \u00faltimo censo, lo que sit\u00faa el promedio de personas con discapacidad en <em>6,9 millones<\/em>. De acuerdo a datos oficiales aportados por la ANDis, <strong>ALREDEDOR DE 1.200.000 COBRA PENSI\u00d3N NO CONTRIBUTIVA POR INVALIDEZ<\/strong>, apenas el 2,6 % de la poblaci\u00f3n, en un pa\u00eds que registr\u00f3 un 51 % de pobreza en el primer trimestre de 2024&#8243;, estim\u00f3 la Universidad Torcuato Di Tella. \u00a0<\/p>\n\n\n\n<p>&#8220;En poco m\u00e1s de 4 meses de gesti\u00f3n, las autoridades que conducen el organismo despidieron ya a 320 trabajadores\/as de diferentes \u00e1reas y oficinas estrat\u00e9gicas del pa\u00eds, que atienden las demandas y resuelven las problem\u00e1ticas de la poblaci\u00f3n m\u00e1s vulnerable garantizando derechos&#8221;.<\/p>\n\n\n\n<p>&#8220;La lista de cesanteados incluye trabajadores con Certificado \u00danico de Discapacidad (CUD), amparados por la Convenci\u00f3n Sobre las Personas con Discapacidad de la ONU y por la Ley 26.378 de nuestro pa\u00eds; despedidos con cupo laboral travesti-trans protegidos por la Ley 27.636; y delegados gremiales amparados por la tutela sindical que establecen los art\u00edculos 47 y subsiguientes de la Ley 23.551 de Asociaciones Sindicales&#8221;, insistieron desde la Junta Interna.<\/p>\n\n\n\n<p><strong>Transparencia: El paso a paso de la PENSI\u00d3N NO CONTRIBUTIVA POR INVALIDEZ<\/strong><\/p>\n\n\n\n<ul class=\"wp-block-list\">\n<li>El inicio de la PNC se realiza a trav\u00e9s de la plataforma MI ANSES, que efect\u00faa el primer cruce de datos por sistema; econ\u00f3mico, de filiaci\u00f3n y fecha de radicaci\u00f3n en caso de extranjeros. Si no se cumplen alguno de los requisitos iniciales, la plataforma no permite iniciar el tr\u00e1mite. No es requisito contar con CUD.<\/li>\n<\/ul>\n\n\n\n<ul class=\"wp-block-list\">\n<li>En un segundo paso el solicitante debe realizar el tr\u00e1mite para completar el Certificado M\u00e9dico Oficial (CMO) de manera digital o con un QR papel, que se solicita en una Unidad de Atenci\u00f3n Integral (UDAI) de ANSES o Centro de Atenci\u00f3n de ANDis en la Ciudad de Buenos Aires (CAL CABA), un proceso que dura de 3 a 6 meses por lentitud en el acceso a turnos en los hospitales. Este CMO contiene diagn\u00f3stico m\u00e9dico, acompa\u00f1ado de estudios e informes, y est\u00e1 firmado por m\u00e9dico tratante, director o subdirector del hospital (p\u00fablico), que puede ser nacional, provincial o municipal, y sellos de la instituci\u00f3n. El digital, una vez confeccionado, llega a la ANDis para su posterior evaluaci\u00f3n a trav\u00e9s de una plataforma, mientras que en el caso del CMO QR papel, lo entrega en la UDAI o en el CAL CABA.<\/li>\n<\/ul>\n\n\n\n<ul class=\"wp-block-list\">\n<li>En una siguiente instancia, se digitaliza el tr\u00e1mite y se le asigna un n\u00famero de expediente electr\u00f3nico en el sistema Gesti\u00f3n Documental Electr\u00f3nica (GDE) de la Administraci\u00f3n P\u00fablica Nacional.<\/li>\n<\/ul>\n\n\n\n<ul class=\"wp-block-list\">\n<li>Posteriormente, se presentan dos instancias de evaluaci\u00f3n. Una econ\u00f3mica, que eval\u00faa la situaci\u00f3n de vulnerabilidad del solicitante a trav\u00e9s de cruce de datos por sistema provenientes de la base de datos SINTYS (Sistema de Identificaci\u00f3n Nacional Tributario y Social, que arroja informaci\u00f3n sobre empleo formal, programas sociales, beneficios previsionales, bienes inmuebles y bienes automotores, fallecidos, y datos de madre, padre o tutor en caso ni\u00f1os\/as y adolescentes. Cabe destacar que actualmente solo se utiliza el informe SINTYS que cruza datos econ\u00f3micos de los solicitantes de PNC, la situaci\u00f3n de cada familia, que hist\u00f3ricamente fue evaluada a trav\u00e9s del informe socio-ambiental; hoy se encuentra invisibilizado debido a que ya no se realiza tal informe. La otra instancia incluye la Evaluaci\u00f3n de Fiscalizaci\u00f3n M\u00e9dica, que controla la documentaci\u00f3n m\u00e9dica presentada por el solicitante de acuerdo a criterios m\u00e9dicos vigentes. En ambas pueden surgir pedidos de documentaci\u00f3n ampliatoria o complementaria.<\/li>\n<\/ul>\n\n\n\n<ul class=\"wp-block-list\">\n<li>En caso que todas las evaluaciones sean favorables, el tr\u00e1mite pasa al \u00e1rea jur\u00eddica donde se dictamina el otorgamiento. Posteriormente, ingresa al \u00e1rea de liquidaci\u00f3n de beneficios que da el alta por sistema del tr\u00e1mite y asigna la entidad bancaria que paga el haber mensual de aproximadamente de 131.700 pesos actualmente, equivalente a un 70 por ciento de una jubilaci\u00f3n m\u00ednima. Es importante aclarar que el beneficiario cobra cada mes en el banco, de manera directa y sin intermediarios.<\/li>\n<\/ul>\n\n\n\n<ul class=\"wp-block-list\">\n<li>En caso de ser desfavorable, por no cumplir con los requisitos establecidos, el tr\u00e1mite pasa por el \u00e1rea jur\u00eddica donde se realiza su denegatoria.<\/li>\n<\/ul>\n\n\n\n<ul class=\"wp-block-list\">\n<li>Desde que el solicitante presenta el Certificado M\u00e9dico Oficial y hasta que finaliza el circuito de evaluaciones, existe una demora de entre 8 y 12 meses para la resoluci\u00f3n del tr\u00e1mite. \u00a0<\/li>\n<\/ul>\n","protected":false},"excerpt":{"rendered":"<p>El pr\u00f3ximo martes 30 de abril ATE C\u00f3rdoba realizar\u00e1 una protesta frente a la sede de la Agencia Nacional de Discapacidad (ANDIS) en repudio a los despidos en el organismo, que ponen en riesgo la aplicaci\u00f3n de pol\u00edticas p\u00fablicas para ese sector vulnerable de la comunidad. Se trata de un organismo fundamental para garantizar el [&hellip;]<\/p>\n","protected":false},"author":7,"featured_media":43116,"comment_status":"open","ping_status":"open","sticky":false,"template":"","format":"standard","meta":{"_exactmetrics_skip_tracking":false,"_exactmetrics_sitenote_active":false,"_exactmetrics_sitenote_note":"","_exactmetrics_sitenote_category":0,"jnews-multi-image_gallery":[],"jnews_single_post":{"subtitle":"Se trata de un organismo fundamental para garantizar el ejercicio de las pol\u00edticas p\u00fablicas de las personas con discapacidades, que no tienen otro sector del Estado nacional donde dirigirse para realizar sus tr\u00e1mites y gestiones. ","format":"standard","video":"","gallery":"","source_name":"","source_url":"","via_name":"","via_url":"","override_template":"0","override":[{"template":"1","single_blog_custom":"","parallax":"1","fullscreen":"1","layout":"no-sidebar-narrow","sidebar":"default-sidebar","second_sidebar":"default-sidebar","sticky_sidebar":"1","share_position":"bottom","share_float_style":"share-monocrhome","show_share_counter":"1","show_view_counter":"1","show_featured":"0","show_post_meta":"1","show_post_author":"0","show_post_author_image":"1","show_post_date":"1","post_date_format":"default","post_date_format_custom":"Y\/m\/d","show_post_category":"1","show_post_reading_time":"0","post_reading_time_wpm":"300","show_zoom_button":"0","zoom_button_out_step":"2","zoom_button_in_step":"3","show_post_tag":"1","show_prev_next_post":"0","show_popup_post":"0","number_popup_post":"1","show_author_box":"0","show_post_related":"1","show_inline_post_related":"0"}],"override_image_size":"0","image_override":[{"single_post_thumbnail_size":"crop-500","single_post_gallery_size":"crop-500"}],"trending_post":"0","trending_post_position":"meta","trending_post_label":"Trending","sponsored_post":"0","sponsored_post_label":"Sponsored by","sponsored_post_name":"","sponsored_post_url":"","sponsored_post_logo_enable":"0","sponsored_post_logo":"","sponsored_post_desc":"","disable_ad":"0"},"jnews_primary_category":{"id":"","hide":""},"jnews_social_meta":{"fb_title":"","fb_description":"","fb_image":"","twitter_title":"","twitter_description":"","twitter_image":""},"jnews_review":[],"enable_review":"0","type":"percentage","name":"","summary":"","brand":"","sku":"","good":[{"good_text":""}],"bad":[{"bad_text":""}],"score_override":"","override_value":"","rating":[{"rating_text":"","rating_number":"10"}],"price":[{"shop":"","price":"","link":"","icon":""}],"jnews_override_counter":{"override_view_counter":"0","view_counter_number":"0","override_share_counter":"0","share_counter_number":"0","override_like_counter":"0","like_counter_number":"0","override_dislike_counter":"0","dislike_counter_number":"0"},"jnews_post_split":{"enable_post_split":"0","post_split":[{"template":"1","tag":"h2","numbering":"asc","mode":"normal","first":"0","enable_toc":"0","toc_type":"normal"}]},"footnotes":""},"categories":[18],"tags":[],"class_list":["post-43115","post","type-post","status-publish","format-standard","has-post-thumbnail","hentry","category-nacionales"],"jetpack_featured_media_url":"https:\/\/atecordoba.org\/wp-content\/uploads\/2024\/04\/andispuerta.jpg","_links":{"self":[{"href":"https:\/\/atecordoba.org\/index.php?rest_route=\/wp\/v2\/posts\/43115","targetHints":{"allow":["GET"]}}],"collection":[{"href":"https:\/\/atecordoba.org\/index.php?rest_route=\/wp\/v2\/posts"}],"about":[{"href":"https:\/\/atecordoba.org\/index.php?rest_route=\/wp\/v2\/types\/post"}],"author":[{"embeddable":true,"href":"https:\/\/atecordoba.org\/index.php?rest_route=\/wp\/v2\/users\/7"}],"replies":[{"embeddable":true,"href":"https:\/\/atecordoba.org\/index.php?rest_route=%2Fwp%2Fv2%2Fcomments&post=43115"}],"version-history":[{"count":2,"href":"https:\/\/atecordoba.org\/index.php?rest_route=\/wp\/v2\/posts\/43115\/revisions"}],"predecessor-version":[{"id":43121,"href":"https:\/\/atecordoba.org\/index.php?rest_route=\/wp\/v2\/posts\/43115\/revisions\/43121"}],"wp:featuredmedia":[{"embeddable":true,"href":"https:\/\/atecordoba.org\/index.php?rest_route=\/wp\/v2\/media\/43116"}],"wp:attachment":[{"href":"https:\/\/atecordoba.org\/index.php?rest_route=%2Fwp%2Fv2%2Fmedia&parent=43115"}],"wp:term":[{"taxonomy":"category","embeddable":true,"href":"https:\/\/atecordoba.org\/index.php?rest_route=%2Fwp%2Fv2%2Fcategories&post=43115"},{"taxonomy":"post_tag","embeddable":true,"href":"https:\/\/atecordoba.org\/index.php?rest_route=%2Fwp%2Fv2%2Ftags&post=43115"}],"curies":[{"name":"wp","href":"https:\/\/api.w.org\/{rel}","templated":true}]}}