{"id":43105,"date":"2024-04-25T12:16:11","date_gmt":"2024-04-25T15:16:11","guid":{"rendered":"https:\/\/atecordoba.org\/?p=43105"},"modified":"2024-04-25T12:16:12","modified_gmt":"2024-04-25T15:16:12","slug":"la-cta-autonoma-cordoba-repudio-los-tarifazos-de-milei","status":"publish","type":"post","link":"https:\/\/atecordoba.org\/?p=43105","title":{"rendered":"La CTA Aut\u00f3noma C\u00f3rdoba repudi\u00f3 los tarifazos de Milei"},"content":{"rendered":"<div class=\"wp-block-image\">\n<figure class=\"aligncenter size-large is-resized\"><img loading=\"lazy\" decoding=\"async\" width=\"1024\" height=\"768\" src=\"https:\/\/atecordoba.org\/wp-content\/uploads\/2024\/04\/facturaluztarifa-1024x768.jpg\" alt=\"\" class=\"wp-image-43106\" style=\"width:656px;height:auto\" srcset=\"https:\/\/atecordoba.org\/wp-content\/uploads\/2024\/04\/facturaluztarifa-1024x768.jpg 1024w, https:\/\/atecordoba.org\/wp-content\/uploads\/2024\/04\/facturaluztarifa-300x225.jpg 300w, https:\/\/atecordoba.org\/wp-content\/uploads\/2024\/04\/facturaluztarifa-768x576.jpg 768w, https:\/\/atecordoba.org\/wp-content\/uploads\/2024\/04\/facturaluztarifa-750x563.jpg 750w, https:\/\/atecordoba.org\/wp-content\/uploads\/2024\/04\/facturaluztarifa.jpg 1100w\" sizes=\"auto, (max-width: 1024px) 100vw, 1024px\" \/><\/figure>\n<\/div>\n\n\n<p>Los nuevos aumentos de luz, gas, peajes y transporte provocaron la reacci\u00f3n de la Central de Trabajadores de la Argentina (CTA Aut\u00f3noma) de la Provincia de C\u00f3rdoba que repudi\u00f3 \u201clos tarifazos del Gobierno que meten la mano en el bolsillo de los sectores populares, en el marco de una monumental transferencia de ingresos a los grupos econ\u00f3micos, maniobra que no registra parang\u00f3n en lo que va de la recuperaci\u00f3n democr\u00e1tica\u201d, se\u00f1ala en un comunicado de prensa.<\/p>\n\n\n\n<p>Y agreg\u00f3: \u201cMilei parece desconocer la realidad del pa\u00eds y la capacidad de pago de la gente. Sigue tensando la cuerda para asfixiar a los argentinos que ya no saben qu\u00e9 inventar para llegar a fin de mes y sobrevivir a este modelo concebido para una minor\u00eda privilegiada y que expulsa a la mayor\u00eda de la poblaci\u00f3n fuera del sistema\u201d.<\/p>\n\n\n\n<p>Para la CTA-A \u201cestas pol\u00edticas de saqueo s\u00f3lo son sostenibles con represi\u00f3n; por eso el Gobierno empodera a las Fuerzas de Seguridad y sanciona el Protocolo Antipiquetes mientras profundiza la criminalizaci\u00f3n de la protesta social que se seguir\u00e1 haciendo o\u00edr, cada vez con mayor fuerza, en tanto y en cuanto no se reviertan estos incrementos indiscriminados de tarifas en servicios y trasporte, la inflaci\u00f3n siga pulverizando los salarios y no cesen las suspensiones y despidos en el \u00e1mbito p\u00fablico y en la actividad privada\u201d.<\/p>\n\n\n\n<p>\u201cContrariamente a lo que pregonan la mayor\u00eda de los gobernadores, la partidocracia demoliberal y la burocracia sindical a favor de blindar la gobernabilidad de Milei y su pandilla neofascista, la Central lucha para desestabilizar la gobernabilidad del revanchismo olig\u00e1rquico. No vamos a permitir que el supuesto d\u00e9ficit cero con el que se vanagloria el Gobierno de las patronales sea a costa del hambre y miseria de nuestro pueblo\u201d, subray\u00f3 la declaraci\u00f3n.<\/p>\n\n\n\n<p>\u201cA las pol\u00edticas de pobreza y entrega de Soberan\u00eda de este Gobierno gorila y antinacional las derrotaremos unidos y organizados en la calle, para volver a darle al pueblo lo que es del pueblo\u201d, concluy\u00f3 la nota firmada por Federico Giuliani; Silvia Alcoba y Walter Camino; Secretario General y secretarios adjuntos de la CTA Aut\u00f3noma C\u00f3rdoba, respectivamente.<\/p>\n","protected":false},"excerpt":{"rendered":"<p>Los nuevos aumentos de luz, gas, peajes y transporte provocaron la reacci\u00f3n de la Central de Trabajadores de la Argentina (CTA Aut\u00f3noma) de la Provincia de C\u00f3rdoba que repudi\u00f3 \u201clos tarifazos del Gobierno que meten la mano en el bolsillo de los sectores populares, en el marco de una monumental transferencia de ingresos a los [&hellip;]<\/p>\n","protected":false},"author":7,"featured_media":43106,"comment_status":"open","ping_status":"open","sticky":false,"template":"","format":"standard","meta":{"_exactmetrics_skip_tracking":false,"_exactmetrics_sitenote_active":false,"_exactmetrics_sitenote_note":"","_exactmetrics_sitenote_category":0,"jnews-multi-image_gallery":[],"jnews_single_post":{"subtitle":"\u201cMilei parece desconocer la realidad del pa\u00eds y la capacidad de pago de la gente. Sigue tensando la cuerda para asfixiar a los argentinos que ya no saben qu\u00e9 inventar para llegar a fin de mes y sobrevivir a este modelo concebido para una minor\u00eda privilegiada y que expulsa a la mayor\u00eda de la poblaci\u00f3n fuera del sistema\u201d, sostuvo el comunicado de la Central, con la firma de su conducci\u00f3n provincial.","format":"standard","video":"","gallery":"","source_name":"","source_url":"","via_name":"","via_url":"","override_template":"0","override":[{"template":"1","single_blog_custom":"","parallax":"1","fullscreen":"1","layout":"no-sidebar-narrow","sidebar":"default-sidebar","second_sidebar":"default-sidebar","sticky_sidebar":"1","share_position":"bottom","share_float_style":"share-monocrhome","show_share_counter":"1","show_view_counter":"1","show_featured":"0","show_post_meta":"1","show_post_author":"0","show_post_author_image":"1","show_post_date":"1","post_date_format":"default","post_date_format_custom":"Y\/m\/d","show_post_category":"1","show_post_reading_time":"0","post_reading_time_wpm":"300","show_zoom_button":"0","zoom_button_out_step":"2","zoom_button_in_step":"3","show_post_tag":"1","show_prev_next_post":"0","show_popup_post":"0","number_popup_post":"1","show_author_box":"0","show_post_related":"1","show_inline_post_related":"0"}],"override_image_size":"0","image_override":[{"single_post_thumbnail_size":"crop-500","single_post_gallery_size":"crop-500"}],"trending_post":"0","trending_post_position":"meta","trending_post_label":"Trending","sponsored_post":"0","sponsored_post_label":"Sponsored by","sponsored_post_name":"","sponsored_post_url":"","sponsored_post_logo_enable":"0","sponsored_post_logo":"","sponsored_post_desc":"","disable_ad":"0"},"jnews_primary_category":{"id":"","hide":""},"jnews_social_meta":{"fb_title":"","fb_description":"","fb_image":"","twitter_title":"","twitter_description":"","twitter_image":""},"jnews_review":[],"enable_review":"0","type":"percentage","name":"","summary":"","brand":"","sku":"","good":[{"good_text":""}],"bad":[{"bad_text":""}],"score_override":"","override_value":"","rating":[{"rating_text":"","rating_number":"10"}],"price":[{"shop":"","price":"","link":"","icon":""}],"jnews_override_counter":{"override_view_counter":"0","view_counter_number":"0","override_share_counter":"0","share_counter_number":"0","override_like_counter":"0","like_counter_number":"0","override_dislike_counter":"0","dislike_counter_number":"0"},"jnews_post_split":{"enable_post_split":"0","post_split":[{"template":"1","tag":"h2","numbering":"asc","mode":"normal","first":"0","enable_toc":"0","toc_type":"normal"}]},"footnotes":""},"categories":[92],"tags":[],"class_list":["post-43105","post","type-post","status-publish","format-standard","has-post-thumbnail","hentry","category-cta"],"jetpack_featured_media_url":"https:\/\/atecordoba.org\/wp-content\/uploads\/2024\/04\/facturaluztarifa.jpg","_links":{"self":[{"href":"https:\/\/atecordoba.org\/index.php?rest_route=\/wp\/v2\/posts\/43105","targetHints":{"allow":["GET"]}}],"collection":[{"href":"https:\/\/atecordoba.org\/index.php?rest_route=\/wp\/v2\/posts"}],"about":[{"href":"https:\/\/atecordoba.org\/index.php?rest_route=\/wp\/v2\/types\/post"}],"author":[{"embeddable":true,"href":"https:\/\/atecordoba.org\/index.php?rest_route=\/wp\/v2\/users\/7"}],"replies":[{"embeddable":true,"href":"https:\/\/atecordoba.org\/index.php?rest_route=%2Fwp%2Fv2%2Fcomments&post=43105"}],"version-history":[{"count":1,"href":"https:\/\/atecordoba.org\/index.php?rest_route=\/wp\/v2\/posts\/43105\/revisions"}],"predecessor-version":[{"id":43107,"href":"https:\/\/atecordoba.org\/index.php?rest_route=\/wp\/v2\/posts\/43105\/revisions\/43107"}],"wp:featuredmedia":[{"embeddable":true,"href":"https:\/\/atecordoba.org\/index.php?rest_route=\/wp\/v2\/media\/43106"}],"wp:attachment":[{"href":"https:\/\/atecordoba.org\/index.php?rest_route=%2Fwp%2Fv2%2Fmedia&parent=43105"}],"wp:term":[{"taxonomy":"category","embeddable":true,"href":"https:\/\/atecordoba.org\/index.php?rest_route=%2Fwp%2Fv2%2Fcategories&post=43105"},{"taxonomy":"post_tag","embeddable":true,"href":"https:\/\/atecordoba.org\/index.php?rest_route=%2Fwp%2Fv2%2Ftags&post=43105"}],"curies":[{"name":"wp","href":"https:\/\/api.w.org\/{rel}","templated":true}]}}