{"id":4309,"date":"2014-07-16T21:42:12","date_gmt":"2014-07-17T00:42:12","guid":{"rendered":"http:\/\/www.atecordoba.org\/?p=4309"},"modified":"2014-07-16T21:42:12","modified_gmt":"2014-07-17T00:42:12","slug":"asamblea-en-la-comision-nacional-de-comunicaciones","status":"publish","type":"post","link":"https:\/\/atecordoba.org\/?p=4309","title":{"rendered":"Asamblea en la Comisi\u00f3n Nacional de Comunicaciones"},"content":{"rendered":"<p><em>El martes 8 del corriente se llev\u00f3 a cabo una asamblea informativa en la Delegaci\u00f3n C\u00f3rdoba de la CNC con motivo de poner al tanto a las compa\u00f1eras y compa\u00f1eros la situaci\u00f3n de perjuicio por la que est\u00e1n atravesando tres compa\u00f1eras de ese sector, ante la negativa y evasi\u00f3n de las autoridades de abocarse a resolver una serie de irregularidades en cuanto a las condiciones laborales de las mencionadas compa\u00f1eras y que fueran promovidas desde la misma patronal de CNC.<\/em><\/p>\n<figure id=\"attachment_4312\" aria-describedby=\"caption-attachment-4312\" style=\"width: 600px\" class=\"wp-caption aligncenter\"><a href=\"http:\/\/www.atecordoba.org\/wp-content\/uploads\/2014\/07\/foto-archivo-CNC.png\"><img loading=\"lazy\" decoding=\"async\" class=\"size-full wp-image-4312\" alt=\"foto archivo CNC\" src=\"http:\/\/www.atecordoba.org\/wp-content\/uploads\/2014\/07\/foto-archivo-CNC.png\" width=\"600\" height=\"800\" \/><\/a><figcaption id=\"caption-attachment-4312\" class=\"wp-caption-text\">Foto de archivo, reuni\u00f3n en la CNC<\/figcaption><\/figure>\n<p>En el a\u00f1o 2.010 la Delegaci\u00f3n C\u00f3rdoba de la CNC pas\u00f3 por un largo conflicto a causa de las condiciones infrahumanas del local de la delegaci\u00f3n y de las desigualdades en cuanto a las categor\u00edas. Luego de una serie de medidas de acci\u00f3n directa a las que se plegaron la mayor\u00eda de los trabajadores del sector, el conflicto tuvo su desenlace que reuni\u00f3n entre el Sr. Interventor, Ing. Ceferino Namuncur\u00e1, y la Secretaria General del CDP ATE C\u00f3rdoba, Maria Teresa Romero, donde Namuncur\u00e1 se comprometi\u00f3 a refaccionar el local de la Delegaci\u00f3n y subsanar las desigualdades salariales.<\/p>\n<p>Los que han tenido la oportunidad de visitar la Delegaci\u00f3n han comprobado que el local ahora s\u00ed cumple con las condiciones adecuadas a una oficina tal y como se dan en las unidades de dicho organismo el la sede central situada en la ciudad de Buenos Aires. En cuanto a las desigualdades salariales poco a poco se fueron subsanando logr\u00e1ndose adem\u00e1s el acceso a las comisiones de servicio para todos los compa\u00f1eros.<\/p>\n<p>Sin embargo, la CNC no cumpli\u00f3 es en regularizar la situaci\u00f3n de las compa\u00f1eras mencionadas y justifica esta posici\u00f3n diciendo que las compa\u00f1eras han usufructuado del r\u00e9gimen de teletrabajo lo que las dejar\u00eda fuera de la asignaci\u00f3n de categor\u00edas y debido a que el teletrabajo fue una prueba piloto la compa\u00f1eras deb\u00edan ponerse en igualdad de condici\u00f3n al resto de los trabajadores de la CNC.<\/p>\n<p>Mas all\u00e1 esta pobre argumentaci\u00f3n por la que se pone trabas a un derecho consagrado por la ley que garantiza el progreso en el transcurso de la actividad laboral del trabajador, y que no deber\u00eda soslayarse por consideraciones de menor rango, el teletrabajo asignado a las compa\u00f1eras no surgi\u00f3 de la prueba piloto sino de un acuerdo devenido de un conflicto sindical.<\/p>\n<p>En efecto, el teletrabajo fue una propuesta realizada por quienes en aquella oportunidad vinieron a hacer efectivo el compromiso del Sr. Interventor, la Cra. Victoria Castro y la Dra. Yanina Volont\u00e9, y se implement\u00f3 como paliativo hasta tanto se otorguen las categor\u00edas correspondientes. El acuerdo consisti\u00f3 en que las compa\u00f1eras vengan dos veces por semana para rendir cuenta de los expedientes analizados, tratados y resueltos en sus hogares sin que esto afecte el cumplimiento de las metas establecidas y que las compa\u00f1eras bien supieron cumplir.<\/p>\n<h2>Pasa el tiempo, sin soluciones<\/h2>\n<p>Los a\u00f1os pasaron y la CNC no ha cumplido con estas compa\u00f1eras, sino todo lo contrario, pues el actual Jefe del Area de Recursos Humanos, Lic. Federico Maques, las hizo venir m\u00e1s d\u00edas con la promesa de otorgarle las categor\u00edas pero que nunca se dieron. La situaci\u00f3n se consum\u00f3 con las cartas documento emitidas por el Lic. Maques que ordenaba la inmediata restituci\u00f3n de las compa\u00f1eras a desempe\u00f1ar sus tareas en horarios habituales sin mencionar nada de las categor\u00edas que les corresponden y que como claramente se puede apreciar la CNC se las debe desde hace cuatro a\u00f1os.<\/p>\n<p>Entendemos que este proceder del Lic. Maques no solo vulnera lo acordado de buena fe con el Sr. Interventor sino que adem\u00e1s reviste un tono amenazador y hasta violento ya que ni siquiera tom\u00f3 la previsi\u00f3n de darles m\u00e1s tiempo para que las compa\u00f1eras se organicen en sus vidas pues las intim\u00f3 a dar cumplimiento de lo ordenado en el t\u00e9rmino de 48 horas (las compa\u00f1eras perjudicadas son madres con hijos en edad escolar y una de ellas tiene siete hijos).<\/p>\n<p>Ante esta situaci\u00f3n el Consejo Directivo Provincial de ATE C\u00f3rdoba y los compa\u00f1eros de la Junta Interna de ATE en la CNC han realizado diversas gestiones a fin de solucionar el problema en t\u00e9rminos de buena voluntad solicitando la presencia del Lic. Maques en la Delegaci\u00f3n a los fines de resolver este problema en forma conjunta con una propuesta que las compa\u00f1eras puedan aceptar. Sin embargo, se mand\u00f3 a responder por intermedio del Jefe del Area Delegaciones, Sr. Sebast\u00edan Maques, y este a su vez por Sr. Juan Jos\u00e9 Diaz, que est\u00e1 a cargo de la Delegaci\u00f3n C\u00f3rdoba, que las compa\u00f1eras deb\u00edan acogerse a lo dispuesto sin m\u00e1s discusi\u00f3n y que a lo sumo se le reconocer\u00edan solo dos meses de retroactivo.<\/p>\n<p>En consecuencia se ha planteado una situaci\u00f3n de conflicto donde se est\u00e1n evaluando las acciones a seguir con la debida asesor\u00eda jur\u00eddica. Cabe recordar que, a diferencia del reclamo por las bonificaciones impagas que se reaclaman en ese organismo como consecuencia de la promulgaci\u00f3n de un decreto en instancia superior, esta es una situaci\u00f3n provocada directamente por funcionarios de CNC.<\/p>\n<p>Por su parte, las compa\u00f1eras afectadas est\u00e1n viniendo todos los d\u00edas y advertimos que en caso de que las compa\u00f1eras decidan acudir a las instancias administrativas y\/o judiciales pertinentes todo acto de reprimenda, persecuci\u00f3n y hostigamiento no ser\u00e1 tolerado.<\/p>\n<p>Ante varios atropellos y torpezas manifiestas que dan cuenta del poco tacto de algunos funcionarios los trabajadores no han reaccionado y, como quien dice, la dejaron pasar a fin de no gastar tiempo ni energ\u00edas en cosas que no lo merec\u00edan para hacer lo que les corresponde, o sea,\u00a0 trabajar. Pero, como lamentablemente ya es muy f\u00e1cil de prever, esta sana actitud de los trabajadores siempre se presta a confusi\u00f3n.<\/p>\n<p>Tanto en la Delegaci\u00f3n C\u00f3rdoba como en otras unidades la de CNC como ser el Centro de Atenci\u00f3n al Usuario de la Sede Central y el Centro de Control de Esteban Echeverr\u00eda, donde se han producido situaciones similares, los compa\u00f1eros afiliados a esta organizaci\u00f3n sindical han sabido librarse de estas arbitrariedades y contar con el apoyo del resto de los compa\u00f1eros que entienden que sus solicitudes son leg\u00edtimas. Los trabajadores cumplen con el compromiso de realizar sus tareas y una cabal muestra de ello que la Delegaci\u00f3n C\u00f3rdoba tiene sus expedientes al d\u00eda, da tratamiento a absolutamente todas las inspecciones comisionadas e imputaciones colectivas y est\u00e1 realizando mediciones de telefon\u00eda celular de acuerdo a los nuevos par\u00e1metros de control fijados.<\/p>\n<p>Este es un colorario m\u00e1s de la falta de reglas claras propias de un Convenio Colectivo, del cual el sector carece pese a estar incluido en el Decreto 214\/06, y del error en el que incurren algunos funcionarios que parten de una premisa propia de la doctrina del management empresarial que concibe al trabajador como unidad de recurso y no como un sujeto pleno de derechos.<\/p>\n<p>Por mandato y en nombre de la Asamblea de Trabajadores de la Delegaci\u00f3n C\u00f3rdoba y del Consejo Directivo Provincial ATE C\u00f3rdoba.<\/p>\n<p align=\"center\">Carlos Martin Stibel\u00a0\u00a0\u00a0\u00a0\u00a0\u00a0\u00a0\u00a0\u00a0\u00a0\u00a0\u00a0\u00a0\u00a0\u00a0\u00a0\u00a0\u00a0\u00a0\u00a0\u00a0\u00a0\u00a0\u00a0\u00a0\u00a0\u00a0\u00a0\u00a0\u00a0\u00a0\u00a0\u00a0\u00a0\u00a0\u00a0\u00a0\u00a0\u00a0\u00a0\u00a0\u00a0\u00a0\u00a0\u00a0\u00a0\u00a0\u00a0\u00a0\u00a0\u00a0\u00a0\u00a0\u00a0\u00a0\u00a0\u00a0\u00a0\u00a0\u00a0\u00a0\u00a0\u00a0\u00a0\u00a0\u00a0\u00a0\u00a0\u00a0\u00a0\u00a0\u00a0\u00a0 Mar\u00eda Teresa Romero<\/p>\n<p align=\"center\">Vocal Titular\u00a0\u00a0\u00a0\u00a0\u00a0\u00a0\u00a0\u00a0\u00a0\u00a0\u00a0\u00a0\u00a0\u00a0\u00a0\u00a0\u00a0\u00a0\u00a0\u00a0\u00a0\u00a0\u00a0\u00a0\u00a0\u00a0\u00a0\u00a0\u00a0\u00a0\u00a0\u00a0\u00a0\u00a0\u00a0\u00a0\u00a0\u00a0\u00a0\u00a0\u00a0\u00a0\u00a0\u00a0\u00a0\u00a0\u00a0\u00a0\u00a0\u00a0\u00a0\u00a0\u00a0\u00a0\u00a0\u00a0\u00a0\u00a0\u00a0\u00a0\u00a0\u00a0\u00a0\u00a0\u00a0\u00a0\u00a0\u00a0\u00a0\u00a0\u00a0\u00a0\u00a0\u00a0\u00a0\u00a0\u00a0\u00a0\u00a0\u00a0\u00a0\u00a0\u00a0\u00a0\u00a0 Secretaria General<\/p>\n<p align=\"center\">\n","protected":false},"excerpt":{"rendered":"<p>El martes 8 del corriente se llev\u00f3 a cabo una asamblea informativa en la Delegaci\u00f3n C\u00f3rdoba de la CNC con motivo de poner al tanto a las compa\u00f1eras y compa\u00f1eros la situaci\u00f3n de perjuicio por la que est\u00e1n atravesando tres compa\u00f1eras de ese sector, ante la negativa y evasi\u00f3n de las autoridades de abocarse a [&hellip;]<\/p>\n","protected":false},"author":1,"featured_media":19220,"comment_status":"open","ping_status":"open","sticky":false,"template":"","format":"standard","meta":{"_exactmetrics_skip_tracking":false,"_exactmetrics_sitenote_active":false,"_exactmetrics_sitenote_note":"","_exactmetrics_sitenote_category":0,"jnews-multi-image_gallery":[],"jnews_single_post":[],"jnews_primary_category":[],"jnews_social_meta":[],"jnews_review":[],"enable_review":"","type":"","name":"","summary":"","brand":"","sku":"","good":[],"bad":[],"score_override":"","override_value":"","rating":[],"price":[],"jnews_override_counter":[],"jnews_post_split":[],"footnotes":""},"categories":[103,18],"tags":[],"class_list":["post-4309","post","type-post","status-publish","format-standard","has-post-thumbnail","hentry","category-cnc","category-nacionales"],"jetpack_featured_media_url":"https:\/\/atecordoba.org\/wp-content\/uploads\/2020\/05\/logo-nuevochico-e1561581322808.png","_links":{"self":[{"href":"https:\/\/atecordoba.org\/index.php?rest_route=\/wp\/v2\/posts\/4309","targetHints":{"allow":["GET"]}}],"collection":[{"href":"https:\/\/atecordoba.org\/index.php?rest_route=\/wp\/v2\/posts"}],"about":[{"href":"https:\/\/atecordoba.org\/index.php?rest_route=\/wp\/v2\/types\/post"}],"author":[{"embeddable":true,"href":"https:\/\/atecordoba.org\/index.php?rest_route=\/wp\/v2\/users\/1"}],"replies":[{"embeddable":true,"href":"https:\/\/atecordoba.org\/index.php?rest_route=%2Fwp%2Fv2%2Fcomments&post=4309"}],"version-history":[{"count":0,"href":"https:\/\/atecordoba.org\/index.php?rest_route=\/wp\/v2\/posts\/4309\/revisions"}],"wp:featuredmedia":[{"embeddable":true,"href":"https:\/\/atecordoba.org\/index.php?rest_route=\/wp\/v2\/media\/19220"}],"wp:attachment":[{"href":"https:\/\/atecordoba.org\/index.php?rest_route=%2Fwp%2Fv2%2Fmedia&parent=4309"}],"wp:term":[{"taxonomy":"category","embeddable":true,"href":"https:\/\/atecordoba.org\/index.php?rest_route=%2Fwp%2Fv2%2Fcategories&post=4309"},{"taxonomy":"post_tag","embeddable":true,"href":"https:\/\/atecordoba.org\/index.php?rest_route=%2Fwp%2Fv2%2Ftags&post=4309"}],"curies":[{"name":"wp","href":"https:\/\/api.w.org\/{rel}","templated":true}]}}