{"id":43047,"date":"2024-04-23T15:46:52","date_gmt":"2024-04-23T18:46:52","guid":{"rendered":"https:\/\/atecordoba.org\/?p=43047"},"modified":"2024-04-23T15:48:13","modified_gmt":"2024-04-23T18:48:13","slug":"multitudinaria-marcha-universitaria-exigio-a-milei-revertir-el-ajuste-a-la-educacion-publica","status":"publish","type":"post","link":"https:\/\/atecordoba.org\/?p=43047","title":{"rendered":"Multitudinaria marcha universitaria exigi\u00f3 a Milei revertir el ajuste a la educaci\u00f3n p\u00fablica"},"content":{"rendered":"<div class=\"wp-block-image\">\n<figure class=\"aligncenter size-large is-resized\"><img loading=\"lazy\" decoding=\"async\" src=\"https:\/\/atecordoba.org\/wp-content\/uploads\/2024\/04\/columna-576x1024.jpg\" alt=\"\" class=\"wp-image-43049\" width=\"432\" height=\"768\" \/><\/figure>\n<\/div>\n\n\n<p>ATE C\u00f3rdoba estuvo presentes hoy en la multitudinaria marcha de la comunidad universitaria, que exigi\u00f3 al Gobierno de Javier Milei que frene y revierta el fenomenal ajuste presupuestario que amenaza con paralizar la educaci\u00f3n superior en todo el pa\u00eds por fala de fondos. <\/p>\n\n\n\n<p>Junto a estudiantes, docentes, no docentes y autoridades universitarias, nuestra organizaci\u00f3n form\u00f3 parte de un conjunto de sindicatos que respaldaron la protesta, en una muestra m\u00e1s que las luchas comienzan a integrarse en el repudio al gobierno libertario. <\/p>\n\n\n<div class=\"wp-block-image\">\n<figure class=\"aligncenter size-large is-resized\"><img loading=\"lazy\" decoding=\"async\" src=\"https:\/\/atecordoba.org\/wp-content\/uploads\/2024\/04\/IMG-20240423-WA0099-578x1024.jpg\" alt=\"\" class=\"wp-image-43048\" width=\"434\" height=\"768\" srcset=\"https:\/\/atecordoba.org\/wp-content\/uploads\/2024\/04\/IMG-20240423-WA0099-578x1024.jpg 578w, https:\/\/atecordoba.org\/wp-content\/uploads\/2024\/04\/IMG-20240423-WA0099-169x300.jpg 169w, https:\/\/atecordoba.org\/wp-content\/uploads\/2024\/04\/IMG-20240423-WA0099-768x1360.jpg 768w, https:\/\/atecordoba.org\/wp-content\/uploads\/2024\/04\/IMG-20240423-WA0099-867x1536.jpg 867w, https:\/\/atecordoba.org\/wp-content\/uploads\/2024\/04\/IMG-20240423-WA0099-1156x2048.jpg 1156w, https:\/\/atecordoba.org\/wp-content\/uploads\/2024\/04\/IMG-20240423-WA0099-750x1329.jpg 750w, https:\/\/atecordoba.org\/wp-content\/uploads\/2024\/04\/IMG-20240423-WA0099-1140x2019.jpg 1140w, https:\/\/atecordoba.org\/wp-content\/uploads\/2024\/04\/IMG-20240423-WA0099-scaled.jpg 1445w\" sizes=\"auto, (max-width: 434px) 100vw, 434px\" \/><\/figure>\n<\/div>\n\n\n<p>En tal sentido, el secretario General de ATE C\u00f3rdoba, Federico Giuliani, dijo que &#8220;en esta impresionante marcha se conjuga la solidaridad de la clase trabajadora con la comunidad organizad de la universidad, porque el ataque de Milei a la Universidad P\u00fablica es una embestida contra todo el pueblo. Quienes van hoy a las universidades estatales son los hijos de la clase trabajadora. Creemos que hay que integrar todas las luchas: estatales, universitarios, trabajadores privados, desocupados e ir calentando motores para el paro general de 9 de mayo&#8221;.<\/p>\n\n\n<div class=\"wp-block-image\">\n<figure class=\"aligncenter size-large is-resized\"><img loading=\"lazy\" decoding=\"async\" src=\"https:\/\/atecordoba.org\/wp-content\/uploads\/2024\/04\/IMG-20240423-WA0093-1024x578.jpg\" alt=\"\" class=\"wp-image-43050\" width=\"768\" height=\"434\" srcset=\"https:\/\/atecordoba.org\/wp-content\/uploads\/2024\/04\/IMG-20240423-WA0093-1024x578.jpg 1024w, https:\/\/atecordoba.org\/wp-content\/uploads\/2024\/04\/IMG-20240423-WA0093-300x169.jpg 300w, https:\/\/atecordoba.org\/wp-content\/uploads\/2024\/04\/IMG-20240423-WA0093-768x434.jpg 768w, https:\/\/atecordoba.org\/wp-content\/uploads\/2024\/04\/IMG-20240423-WA0093-1536x867.jpg 1536w, https:\/\/atecordoba.org\/wp-content\/uploads\/2024\/04\/IMG-20240423-WA0093-2048x1156.jpg 2048w, https:\/\/atecordoba.org\/wp-content\/uploads\/2024\/04\/IMG-20240423-WA0093-750x423.jpg 750w, https:\/\/atecordoba.org\/wp-content\/uploads\/2024\/04\/IMG-20240423-WA0093-1140x644.jpg 1140w\" sizes=\"auto, (max-width: 768px) 100vw, 768px\" \/><\/figure>\n<\/div>\n\n\n<p>la columna de estatales cont\u00f3 con representaci\u00f3n de trabajadores y trabajadoras nacionales, provinciales y municipales, fogueados en largos meses de conflicto habida cuenta que el ajuste, que Milei comenz\u00f3 apenas asumi\u00f3 su mandato, tambi\u00e9n derram\u00f3 miseria y despidos en provincias y municipios. <\/p>\n\n\n\n<p><strong>Paro General y Contrapacto<\/strong><\/p>\n\n\n\n<p>En el marco general de la conflictividad creciente, donde la marea universitaria es otra expresi\u00f3n de un pueblo que no se resigna, Giuliani adelant\u00f3 que el llamado a un paro general el pr\u00f3ximo 9 de mayo &#8220;debe ser un paro activo, no dominguero. A este gobierno no hay que dejarle un minuto de respiro. Estaremos  en la calle todo el tiempo porque ese va a ser el combustible de la lucha social&#8221;.<\/p>\n\n\n\n<p>Y defini\u00f3 al mes pr\u00f3ximo como &#8220;un mayo de luchas&#8221;. &#8220;El 30 de abril hacemos una Jornada Nacional de Lucha que es la previa del 1\u00ba de mayo, estamos en conversaciones con las centrales obreras y el movimiento piquetero para que el festejo del d\u00eda del trabajador y la trabajadora sea una jornada de lucha&#8221;.<\/p>\n\n\n<div class=\"wp-block-image\">\n<figure class=\"aligncenter size-large is-resized\"><img loading=\"lazy\" decoding=\"async\" src=\"https:\/\/atecordoba.org\/wp-content\/uploads\/2024\/04\/IMG-20240423-WA0098-578x1024.jpg\" alt=\"\" class=\"wp-image-43051\" width=\"434\" height=\"768\" srcset=\"https:\/\/atecordoba.org\/wp-content\/uploads\/2024\/04\/IMG-20240423-WA0098-578x1024.jpg 578w, https:\/\/atecordoba.org\/wp-content\/uploads\/2024\/04\/IMG-20240423-WA0098-169x300.jpg 169w, https:\/\/atecordoba.org\/wp-content\/uploads\/2024\/04\/IMG-20240423-WA0098-768x1360.jpg 768w, https:\/\/atecordoba.org\/wp-content\/uploads\/2024\/04\/IMG-20240423-WA0098-867x1536.jpg 867w, https:\/\/atecordoba.org\/wp-content\/uploads\/2024\/04\/IMG-20240423-WA0098-1156x2048.jpg 1156w, https:\/\/atecordoba.org\/wp-content\/uploads\/2024\/04\/IMG-20240423-WA0098-750x1329.jpg 750w, https:\/\/atecordoba.org\/wp-content\/uploads\/2024\/04\/IMG-20240423-WA0098-1140x2019.jpg 1140w, https:\/\/atecordoba.org\/wp-content\/uploads\/2024\/04\/IMG-20240423-WA0098-scaled.jpg 1445w\" sizes=\"auto, (max-width: 434px) 100vw, 434px\" \/><\/figure>\n<\/div>\n\n\n<p>El dirigente advirti\u00f3 que &#8220;junto al Paro General tenemos que construir ese Contrapacto de Mayo para frenar este plan de ajuste y de entrega, no solo de los derechos de la clase trabajadora sino tambi\u00e9n de la soberan\u00eda nacional. Si Milei viene a la provincia ser\u00e1 declarado persona no grata. Esta C\u00f3rdoba rebelde, a d\u00edas del Cordobazo tiene que ser la punta de lanza para generar un crisis de gobernabilidad que lo eyecte a Milei r\u00e1pidamente del Gobierno. Es inviable el modelo econ\u00f3mico que pretende imponer a costa del hambre de la gente pero tambi\u00e9n es inviable el modelo de v\u00ednculo humano que construye a partir de la agresi\u00f3n, la violencia y la represi\u00f3n&#8221;.<\/p>\n\n\n<div class=\"wp-block-image\">\n<figure class=\"aligncenter size-large is-resized\"><img loading=\"lazy\" decoding=\"async\" src=\"https:\/\/atecordoba.org\/wp-content\/uploads\/2024\/04\/IMG-20240423-WA0101-1024x578.jpg\" alt=\"\" class=\"wp-image-43052\" width=\"768\" height=\"434\" srcset=\"https:\/\/atecordoba.org\/wp-content\/uploads\/2024\/04\/IMG-20240423-WA0101-1024x578.jpg 1024w, https:\/\/atecordoba.org\/wp-content\/uploads\/2024\/04\/IMG-20240423-WA0101-300x169.jpg 300w, https:\/\/atecordoba.org\/wp-content\/uploads\/2024\/04\/IMG-20240423-WA0101-768x434.jpg 768w, https:\/\/atecordoba.org\/wp-content\/uploads\/2024\/04\/IMG-20240423-WA0101-1536x867.jpg 1536w, https:\/\/atecordoba.org\/wp-content\/uploads\/2024\/04\/IMG-20240423-WA0101-2048x1156.jpg 2048w, https:\/\/atecordoba.org\/wp-content\/uploads\/2024\/04\/IMG-20240423-WA0101-750x423.jpg 750w, https:\/\/atecordoba.org\/wp-content\/uploads\/2024\/04\/IMG-20240423-WA0101-1140x644.jpg 1140w\" sizes=\"auto, (max-width: 768px) 100vw, 768px\" \/><\/figure>\n<\/div>\n\n\n<p><strong>Apoyo nacional<\/strong><\/p>\n\n\n\n<p>Giuliani explic\u00f3 que a conducci\u00f3n Nacional est\u00e1 apoyando claramente el plan de lucha que lleva adelante el Consejo Directivo Provincial C\u00f3rdoba. &#8220;Por eso el 25 de mayo ATE Nacional convoca a una jornada de lucha en C\u00f3rdoba y para nosotros y nosotras va a ser un desaf\u00edo enorme recibirles y generar las condiciones para construir ese <strong>Contrapacto<\/strong> al Pacto de mayo que propone Milei. Vamos a poner en agenda los puntos reivindicatorios de una etapa de resistencia, reincorporaci\u00f3n de los despedidos y aumento salarial, para pasar a la ofensiva, recuperando los programas obreros de Huerta Grande y La Falda&#8221;, afirm\u00f3.<\/p>\n\n\n\n<p>Por \u00faltimo, Giuliani aclar\u00f3 que frente a una dirigencia que especula, que es tibia y espera que a este gobierno de vaya mal &#8220;como dirigentes sindicales, sociales, pol\u00edticos, ambientales y culturales tenemos que enfocar donde hay conflicto, potenciarlo. Porque mientras algunos esperan, en el \u00ednterin, hay hambre y gente que se queda sin laburo. Ese Contrapacto no va a ser con los mismos de siempre, no vamos a generar las condiciones para que vengan los de traje y corbata a querer ocupar los lugares de la clase trabajadora en la construcci\u00f3n de un movimiento liberaci\u00f3n&#8221;.<\/p>\n\n\n\n<figure class=\"wp-block-gallery has-nested-images columns-default is-cropped wp-block-gallery-1 is-layout-flex wp-block-gallery-is-layout-flex\">\n<figure class=\"wp-block-image size-large\"><img loading=\"lazy\" decoding=\"async\" width=\"578\" height=\"1024\" data-id=\"43053\" src=\"https:\/\/atecordoba.org\/wp-content\/uploads\/2024\/04\/IMG-20240423-WA0096-578x1024.jpg\" alt=\"\" class=\"wp-image-43053\" srcset=\"https:\/\/atecordoba.org\/wp-content\/uploads\/2024\/04\/IMG-20240423-WA0096-578x1024.jpg 578w, https:\/\/atecordoba.org\/wp-content\/uploads\/2024\/04\/IMG-20240423-WA0096-169x300.jpg 169w, https:\/\/atecordoba.org\/wp-content\/uploads\/2024\/04\/IMG-20240423-WA0096-768x1360.jpg 768w, https:\/\/atecordoba.org\/wp-content\/uploads\/2024\/04\/IMG-20240423-WA0096-867x1536.jpg 867w, https:\/\/atecordoba.org\/wp-content\/uploads\/2024\/04\/IMG-20240423-WA0096-1156x2048.jpg 1156w, https:\/\/atecordoba.org\/wp-content\/uploads\/2024\/04\/IMG-20240423-WA0096-750x1329.jpg 750w, https:\/\/atecordoba.org\/wp-content\/uploads\/2024\/04\/IMG-20240423-WA0096-1140x2019.jpg 1140w, https:\/\/atecordoba.org\/wp-content\/uploads\/2024\/04\/IMG-20240423-WA0096-scaled.jpg 1445w\" sizes=\"auto, (max-width: 578px) 100vw, 578px\" \/><\/figure>\n\n\n\n<figure class=\"wp-block-image size-large\"><img loading=\"lazy\" decoding=\"async\" width=\"578\" height=\"1024\" data-id=\"43054\" src=\"https:\/\/atecordoba.org\/wp-content\/uploads\/2024\/04\/IMG-20240423-WA0092-578x1024.jpg\" alt=\"\" class=\"wp-image-43054\" srcset=\"https:\/\/atecordoba.org\/wp-content\/uploads\/2024\/04\/IMG-20240423-WA0092-578x1024.jpg 578w, https:\/\/atecordoba.org\/wp-content\/uploads\/2024\/04\/IMG-20240423-WA0092-169x300.jpg 169w, https:\/\/atecordoba.org\/wp-content\/uploads\/2024\/04\/IMG-20240423-WA0092-768x1360.jpg 768w, https:\/\/atecordoba.org\/wp-content\/uploads\/2024\/04\/IMG-20240423-WA0092-867x1536.jpg 867w, https:\/\/atecordoba.org\/wp-content\/uploads\/2024\/04\/IMG-20240423-WA0092-1156x2048.jpg 1156w, https:\/\/atecordoba.org\/wp-content\/uploads\/2024\/04\/IMG-20240423-WA0092-750x1329.jpg 750w, https:\/\/atecordoba.org\/wp-content\/uploads\/2024\/04\/IMG-20240423-WA0092-1140x2019.jpg 1140w, https:\/\/atecordoba.org\/wp-content\/uploads\/2024\/04\/IMG-20240423-WA0092-scaled.jpg 1445w\" sizes=\"auto, (max-width: 578px) 100vw, 578px\" \/><\/figure>\n\n\n\n<figure class=\"wp-block-image size-large\"><img loading=\"lazy\" decoding=\"async\" width=\"578\" height=\"1024\" data-id=\"43055\" src=\"https:\/\/atecordoba.org\/wp-content\/uploads\/2024\/04\/IMG-20240423-WA0095-578x1024.jpg\" alt=\"\" class=\"wp-image-43055\" srcset=\"https:\/\/atecordoba.org\/wp-content\/uploads\/2024\/04\/IMG-20240423-WA0095-578x1024.jpg 578w, https:\/\/atecordoba.org\/wp-content\/uploads\/2024\/04\/IMG-20240423-WA0095-169x300.jpg 169w, https:\/\/atecordoba.org\/wp-content\/uploads\/2024\/04\/IMG-20240423-WA0095-768x1360.jpg 768w, https:\/\/atecordoba.org\/wp-content\/uploads\/2024\/04\/IMG-20240423-WA0095-867x1536.jpg 867w, https:\/\/atecordoba.org\/wp-content\/uploads\/2024\/04\/IMG-20240423-WA0095-1156x2048.jpg 1156w, https:\/\/atecordoba.org\/wp-content\/uploads\/2024\/04\/IMG-20240423-WA0095-750x1329.jpg 750w, https:\/\/atecordoba.org\/wp-content\/uploads\/2024\/04\/IMG-20240423-WA0095-1140x2019.jpg 1140w, https:\/\/atecordoba.org\/wp-content\/uploads\/2024\/04\/IMG-20240423-WA0095-scaled.jpg 1445w\" sizes=\"auto, (max-width: 578px) 100vw, 578px\" \/><\/figure>\n<\/figure>\n","protected":false},"excerpt":{"rendered":"<p>ATE C\u00f3rdoba estuvo presentes hoy en la multitudinaria marcha de la comunidad universitaria, que exigi\u00f3 al Gobierno de Javier Milei que frene y revierta el fenomenal ajuste presupuestario que amenaza con paralizar la educaci\u00f3n superior en todo el pa\u00eds por fala de fondos. Junto a estudiantes, docentes, no docentes y autoridades universitarias, nuestra organizaci\u00f3n form\u00f3 [&hellip;]<\/p>\n","protected":false},"author":7,"featured_media":43049,"comment_status":"open","ping_status":"open","sticky":false,"template":"","format":"standard","meta":{"_exactmetrics_skip_tracking":false,"_exactmetrics_sitenote_active":false,"_exactmetrics_sitenote_note":"","_exactmetrics_sitenote_category":0,"jnews-multi-image_gallery":[],"jnews_single_post":{"subtitle":"\"En esta impresionante marcha se conjuga la solidaridad de la clase trabajadora con la comunidad organizad de la universidad, porque el ataque de Milei a la Universidad P\u00fablica es una embestida contra todo el pueblo\", dijo el secretario General de ATE C\u00f3rdoba, Federico Giuliani, al encabezar la columna de ATE durante la jornada de lucha.","format":"standard","video":"","gallery":"","source_name":"","source_url":"","via_name":"","via_url":"","override_template":"0","override":[{"template":"1","single_blog_custom":"","parallax":"1","fullscreen":"1","layout":"no-sidebar-narrow","sidebar":"default-sidebar","second_sidebar":"default-sidebar","sticky_sidebar":"1","share_position":"bottom","share_float_style":"share-monocrhome","show_share_counter":"1","show_view_counter":"1","show_featured":"0","show_post_meta":"1","show_post_author":"0","show_post_author_image":"1","show_post_date":"1","post_date_format":"default","post_date_format_custom":"Y\/m\/d","show_post_category":"1","show_post_reading_time":"0","post_reading_time_wpm":"300","show_zoom_button":"0","zoom_button_out_step":"2","zoom_button_in_step":"3","show_post_tag":"1","show_prev_next_post":"0","show_popup_post":"0","number_popup_post":"1","show_author_box":"0","show_post_related":"1","show_inline_post_related":"0"}],"override_image_size":"0","image_override":[{"single_post_thumbnail_size":"crop-500","single_post_gallery_size":"crop-500"}],"trending_post":"0","trending_post_position":"meta","trending_post_label":"Trending","sponsored_post":"0","sponsored_post_label":"Sponsored by","sponsored_post_name":"","sponsored_post_url":"","sponsored_post_logo_enable":"0","sponsored_post_logo":"","sponsored_post_desc":"","disable_ad":"0"},"jnews_primary_category":{"id":"","hide":""},"jnews_social_meta":{"fb_title":"","fb_description":"","fb_image":"","twitter_title":"","twitter_description":"","twitter_image":""},"jnews_review":[],"enable_review":"0","type":"percentage","name":"","summary":"","brand":"","sku":"","good":[{"good_text":""}],"bad":[{"bad_text":""}],"score_override":"","override_value":"","rating":[{"rating_text":"","rating_number":"10"}],"price":[{"shop":"","price":"","link":"","icon":""}],"jnews_override_counter":{"override_view_counter":"0","view_counter_number":"0","override_share_counter":"0","share_counter_number":"0","override_like_counter":"0","like_counter_number":"0","override_dislike_counter":"0","dislike_counter_number":"0"},"jnews_post_split":{"enable_post_split":"0","post_split":[{"template":"1","tag":"h2","numbering":"asc","mode":"normal","first":"0","enable_toc":"0","toc_type":"normal"}]},"footnotes":""},"categories":[10],"tags":[],"class_list":["post-43047","post","type-post","status-publish","format-standard","has-post-thumbnail","hentry","category-accion-politica"],"jetpack_featured_media_url":"https:\/\/atecordoba.org\/wp-content\/uploads\/2024\/04\/columna-e1713898004146.jpg","_links":{"self":[{"href":"https:\/\/atecordoba.org\/index.php?rest_route=\/wp\/v2\/posts\/43047","targetHints":{"allow":["GET"]}}],"collection":[{"href":"https:\/\/atecordoba.org\/index.php?rest_route=\/wp\/v2\/posts"}],"about":[{"href":"https:\/\/atecordoba.org\/index.php?rest_route=\/wp\/v2\/types\/post"}],"author":[{"embeddable":true,"href":"https:\/\/atecordoba.org\/index.php?rest_route=\/wp\/v2\/users\/7"}],"replies":[{"embeddable":true,"href":"https:\/\/atecordoba.org\/index.php?rest_route=%2Fwp%2Fv2%2Fcomments&post=43047"}],"version-history":[{"count":1,"href":"https:\/\/atecordoba.org\/index.php?rest_route=\/wp\/v2\/posts\/43047\/revisions"}],"predecessor-version":[{"id":43056,"href":"https:\/\/atecordoba.org\/index.php?rest_route=\/wp\/v2\/posts\/43047\/revisions\/43056"}],"wp:featuredmedia":[{"embeddable":true,"href":"https:\/\/atecordoba.org\/index.php?rest_route=\/wp\/v2\/media\/43049"}],"wp:attachment":[{"href":"https:\/\/atecordoba.org\/index.php?rest_route=%2Fwp%2Fv2%2Fmedia&parent=43047"}],"wp:term":[{"taxonomy":"category","embeddable":true,"href":"https:\/\/atecordoba.org\/index.php?rest_route=%2Fwp%2Fv2%2Fcategories&post=43047"},{"taxonomy":"post_tag","embeddable":true,"href":"https:\/\/atecordoba.org\/index.php?rest_route=%2Fwp%2Fv2%2Ftags&post=43047"}],"curies":[{"name":"wp","href":"https:\/\/api.w.org\/{rel}","templated":true}]}}