{"id":43032,"date":"2024-04-22T14:18:26","date_gmt":"2024-04-22T17:18:26","guid":{"rendered":"https:\/\/atecordoba.org\/?p=43032"},"modified":"2024-04-22T14:18:27","modified_gmt":"2024-04-22T17:18:27","slug":"jornada-de-formacion-en-salud-laboral-y-riesgos-en-el-trabajo-en-la-administracion-publica","status":"publish","type":"post","link":"https:\/\/atecordoba.org\/?p=43032","title":{"rendered":"Jornada de formaci\u00f3n en salud laboral y riesgos en el trabajo en la Administraci\u00f3n P\u00fablica"},"content":{"rendered":"<div class=\"wp-block-image\">\n<figure class=\"aligncenter size-full is-resized\"><img loading=\"lazy\" decoding=\"async\" src=\"https:\/\/atecordoba.org\/wp-content\/uploads\/2024\/04\/Imagen-de-WhatsApp-2024-04-22-a-las-07.06.23_4c614152.jpg\" alt=\"\" class=\"wp-image-43033\" width=\"705\" height=\"591\" srcset=\"https:\/\/atecordoba.org\/wp-content\/uploads\/2024\/04\/Imagen-de-WhatsApp-2024-04-22-a-las-07.06.23_4c614152.jpg 940w, https:\/\/atecordoba.org\/wp-content\/uploads\/2024\/04\/Imagen-de-WhatsApp-2024-04-22-a-las-07.06.23_4c614152-300x251.jpg 300w, https:\/\/atecordoba.org\/wp-content\/uploads\/2024\/04\/Imagen-de-WhatsApp-2024-04-22-a-las-07.06.23_4c614152-768x644.jpg 768w, https:\/\/atecordoba.org\/wp-content\/uploads\/2024\/04\/Imagen-de-WhatsApp-2024-04-22-a-las-07.06.23_4c614152-750x629.jpg 750w\" sizes=\"auto, (max-width: 705px) 100vw, 705px\" \/><\/figure>\n<\/div>\n\n\n<p>En el marco de celebrarse 52 a\u00f1os de la sanci\u00f3n de la Ley 19587 de Higiene y Seguridad en el Trabajo, a cumplirse el pr\u00f3ximo 25 de abril, el Consejo Directivo Provincial invita a las y los estatales a participar de la Jornada de Capacitaci\u00f3n que se realizar\u00e1 el jueves pr\u00f3ximo. <\/p>\n\n\n\n<p>La actividad est\u00e1 organizada por la Coordinaci\u00f3n Provincial de Salud Laboral de ATE C\u00f3rdoba y ser\u00e1 dictada por las licenciadas Mar\u00eda Eugenia Fiore y Silvina Gerbaldo, en lo referido a &#8220;Derecho y obligaciones de las partes&#8221;, y el licenciado en Higiene y Seguridad V\u00edctor Yanssen, respecto a &#8220;Riesgos del trabajo, herramientas de prevenci\u00f3n enfocadas a la Administraci\u00f3n P\u00fablica&#8221;, profesionales de la Superintendencia de Riesgos del Trabajo (SRT).<\/p>\n\n\n\n<p>El curso comienza a las 14 horas y organizado en tres m\u00f3dulos y se extender\u00e1 hasta las 17.<\/p>\n\n\n<div class=\"wp-block-image\">\n<figure class=\"aligncenter size-large is-resized\"><img loading=\"lazy\" decoding=\"async\" src=\"https:\/\/atecordoba.org\/wp-content\/uploads\/2024\/04\/Imagen-de-WhatsApp-2024-04-22-a-las-07.06.23_cee20309-819x1024.jpg\" alt=\"\" class=\"wp-image-43034\" width=\"410\" height=\"512\" srcset=\"https:\/\/atecordoba.org\/wp-content\/uploads\/2024\/04\/Imagen-de-WhatsApp-2024-04-22-a-las-07.06.23_cee20309-819x1024.jpg 819w, https:\/\/atecordoba.org\/wp-content\/uploads\/2024\/04\/Imagen-de-WhatsApp-2024-04-22-a-las-07.06.23_cee20309-240x300.jpg 240w, https:\/\/atecordoba.org\/wp-content\/uploads\/2024\/04\/Imagen-de-WhatsApp-2024-04-22-a-las-07.06.23_cee20309-768x960.jpg 768w, https:\/\/atecordoba.org\/wp-content\/uploads\/2024\/04\/Imagen-de-WhatsApp-2024-04-22-a-las-07.06.23_cee20309-750x938.jpg 750w, https:\/\/atecordoba.org\/wp-content\/uploads\/2024\/04\/Imagen-de-WhatsApp-2024-04-22-a-las-07.06.23_cee20309.jpg 1080w\" sizes=\"auto, (max-width: 410px) 100vw, 410px\" \/><\/figure>\n<\/div>\n\n\n<p>El primer m\u00f3dulo incluye el desarrollo del sistema de riesgos del trabajo, los derechos y obligaciones, la denuncia y cobertura de las contingencias laborales, prestaciones dinerarias y en especia y el monitoreo de la salud de las personas trabajadoras.<\/p>\n\n\n\n<p>El segundo tramo consta del abordaje de la prevenci\u00f3n de riesgos laborales, peligro y riesgo en \u00e1mbito laboral, identificaci\u00f3n y evaluaci\u00f3n de los riesgos del trabajo y los m\u00e9todos de prevenci\u00f3n.<\/p>\n\n\n\n<p>En tanto, la tercera parte contiene temas como herramientas participativas para la prevenci\u00f3n, derechos fundamentales del trabajo, condiciones b\u00e1sicas para la participaci\u00f3n directa e indirecta, modelos de participaci\u00f3n bipartita, tripartita y cuatripartita, y el tratamiento de experiencias en Mesas CyMAT, Comit\u00e9s mixtos en Salud y Seguridad  en el trabajo y Programas Naciones de Prevenci\u00f3n Pro-Na-Pre.<\/p>\n\n\n<div class=\"wp-block-image\">\n<figure class=\"aligncenter size-large is-resized\"><img loading=\"lazy\" decoding=\"async\" src=\"https:\/\/atecordoba.org\/wp-content\/uploads\/2024\/04\/IMG-20240422-WA0019-1024x1024.jpg\" alt=\"\" class=\"wp-image-43040\" width=\"512\" height=\"512\" srcset=\"https:\/\/atecordoba.org\/wp-content\/uploads\/2024\/04\/IMG-20240422-WA0019-1024x1024.jpg 1024w, https:\/\/atecordoba.org\/wp-content\/uploads\/2024\/04\/IMG-20240422-WA0019-300x300.jpg 300w, https:\/\/atecordoba.org\/wp-content\/uploads\/2024\/04\/IMG-20240422-WA0019-150x150.jpg 150w, https:\/\/atecordoba.org\/wp-content\/uploads\/2024\/04\/IMG-20240422-WA0019-768x768.jpg 768w, https:\/\/atecordoba.org\/wp-content\/uploads\/2024\/04\/IMG-20240422-WA0019-560x560.jpg 560w, https:\/\/atecordoba.org\/wp-content\/uploads\/2024\/04\/IMG-20240422-WA0019-75x75.jpg 75w, https:\/\/atecordoba.org\/wp-content\/uploads\/2024\/04\/IMG-20240422-WA0019-350x350.jpg 350w, https:\/\/atecordoba.org\/wp-content\/uploads\/2024\/04\/IMG-20240422-WA0019-750x750.jpg 750w, https:\/\/atecordoba.org\/wp-content\/uploads\/2024\/04\/IMG-20240422-WA0019.jpg 1080w\" sizes=\"auto, (max-width: 512px) 100vw, 512px\" \/><\/figure>\n<\/div>\n\n\n<p><strong>Historia y presente<\/strong><\/p>\n\n\n\n<p>Este 21 de abril se cumplieron 52 a\u00f1os de la sanci\u00f3n de la Ley 19587 de Higiene y Seguridad en el Trabajo que sigue a\u00fan vigente al igual que su Decreto Reglamentario 351\/79, promulgado por la \u00faltima dictadura eclesi\u00e1stico-c\u00edvico-militar. Es decir, el r\u00e9gimen jur\u00eddico normativo de la protecci\u00f3n de la vida y salud de las y los trabajadores contin\u00faa regida por una legislaci\u00f3n de un gobierno dictatorial.<\/p>\n\n\n\n<p>Esta Ley representa un esquema bastante confuso e injusto que poco tiene que ver con los derechos de los trabajadores y trabajadoras ya que se cumplen en partes m\u00ednimas y algunas presentan aspectos que afectan directamente el derecho de lxs trabajadorxs a su vida, su salud y su dignidad. Gran cantidad de sus normativas son poco implementadas, sus regulaciones fundamentales no se cumplen \u00edntegramente y muchas de sus disposiciones han quedado obsoletas.<\/p>\n\n\n<div class=\"wp-block-image\">\n<figure class=\"aligncenter size-large is-resized\"><img loading=\"lazy\" decoding=\"async\" src=\"https:\/\/atecordoba.org\/wp-content\/uploads\/2024\/04\/IMG-20240422-WA0015-1024x1024.jpg\" alt=\"\" class=\"wp-image-43041\" width=\"512\" height=\"512\" srcset=\"https:\/\/atecordoba.org\/wp-content\/uploads\/2024\/04\/IMG-20240422-WA0015-1024x1024.jpg 1024w, https:\/\/atecordoba.org\/wp-content\/uploads\/2024\/04\/IMG-20240422-WA0015-300x300.jpg 300w, https:\/\/atecordoba.org\/wp-content\/uploads\/2024\/04\/IMG-20240422-WA0015-150x150.jpg 150w, https:\/\/atecordoba.org\/wp-content\/uploads\/2024\/04\/IMG-20240422-WA0015-768x768.jpg 768w, https:\/\/atecordoba.org\/wp-content\/uploads\/2024\/04\/IMG-20240422-WA0015-560x560.jpg 560w, https:\/\/atecordoba.org\/wp-content\/uploads\/2024\/04\/IMG-20240422-WA0015-75x75.jpg 75w, https:\/\/atecordoba.org\/wp-content\/uploads\/2024\/04\/IMG-20240422-WA0015-350x350.jpg 350w, https:\/\/atecordoba.org\/wp-content\/uploads\/2024\/04\/IMG-20240422-WA0015-750x750.jpg 750w, https:\/\/atecordoba.org\/wp-content\/uploads\/2024\/04\/IMG-20240422-WA0015.jpg 1080w\" sizes=\"auto, (max-width: 512px) 100vw, 512px\" \/><\/figure>\n<\/div>\n\n\n<p>Desde su aprobaci\u00f3n, ning\u00fan Gobierno se atrevi\u00f3 a modificarla en beneficio de quienes producimos la riqueza del pa\u00eds.<\/p>\n\n\n\n<p>Resulta fundamental debatir un nuevo marco normativo que garantice el derecho a la salud y la vida, que ponga el foco en la prevenci\u00f3n con activa participaci\u00f3n de las y los trabajadores, para transformar sustancialmente las condiciones y medio ambiente de trabajo.<\/p>\n\n\n\n<p>Entramos as\u00ed en lo que se denomina la \u201cSemana de la Salud y Seguridad en el Trabajo\u201d, que va desde el 21 al 28 de abril, donde se conmemora el D\u00eda Internacional en Memoria de los Trabajadores Fallecidos y Heridos en Ocasi\u00f3n de Trabajo &#8211; maquillado en 2003 por la Organizaci\u00f3n Internacional del Trabajo (OIT) como \u201cD\u00eda Mundial de la Seguridad y la Salud en el Trabajo\u201d con el gui\u00f1o del lobby empresarial-.<\/p>\n\n\n\n<figure class=\"wp-block-gallery has-nested-images columns-default is-cropped wp-block-gallery-1 is-layout-flex wp-block-gallery-is-layout-flex\">\n<figure class=\"wp-block-image size-large\"><img loading=\"lazy\" decoding=\"async\" width=\"1024\" height=\"1024\" data-id=\"43035\" src=\"https:\/\/atecordoba.org\/wp-content\/uploads\/2024\/04\/IMG-20240422-WA0017-1024x1024.jpg\" alt=\"\" class=\"wp-image-43035\" srcset=\"https:\/\/atecordoba.org\/wp-content\/uploads\/2024\/04\/IMG-20240422-WA0017-1024x1024.jpg 1024w, https:\/\/atecordoba.org\/wp-content\/uploads\/2024\/04\/IMG-20240422-WA0017-300x300.jpg 300w, https:\/\/atecordoba.org\/wp-content\/uploads\/2024\/04\/IMG-20240422-WA0017-150x150.jpg 150w, https:\/\/atecordoba.org\/wp-content\/uploads\/2024\/04\/IMG-20240422-WA0017-768x768.jpg 768w, https:\/\/atecordoba.org\/wp-content\/uploads\/2024\/04\/IMG-20240422-WA0017-560x560.jpg 560w, https:\/\/atecordoba.org\/wp-content\/uploads\/2024\/04\/IMG-20240422-WA0017-75x75.jpg 75w, https:\/\/atecordoba.org\/wp-content\/uploads\/2024\/04\/IMG-20240422-WA0017-350x350.jpg 350w, https:\/\/atecordoba.org\/wp-content\/uploads\/2024\/04\/IMG-20240422-WA0017-750x750.jpg 750w, https:\/\/atecordoba.org\/wp-content\/uploads\/2024\/04\/IMG-20240422-WA0017.jpg 1080w\" sizes=\"auto, (max-width: 1024px) 100vw, 1024px\" \/><\/figure>\n\n\n\n<figure class=\"wp-block-image size-large\"><img loading=\"lazy\" decoding=\"async\" width=\"1024\" height=\"1024\" data-id=\"43037\" src=\"https:\/\/atecordoba.org\/wp-content\/uploads\/2024\/04\/IMG-20240422-WA0018-1024x1024.jpg\" alt=\"\" class=\"wp-image-43037\" srcset=\"https:\/\/atecordoba.org\/wp-content\/uploads\/2024\/04\/IMG-20240422-WA0018-1024x1024.jpg 1024w, https:\/\/atecordoba.org\/wp-content\/uploads\/2024\/04\/IMG-20240422-WA0018-300x300.jpg 300w, https:\/\/atecordoba.org\/wp-content\/uploads\/2024\/04\/IMG-20240422-WA0018-150x150.jpg 150w, https:\/\/atecordoba.org\/wp-content\/uploads\/2024\/04\/IMG-20240422-WA0018-768x768.jpg 768w, https:\/\/atecordoba.org\/wp-content\/uploads\/2024\/04\/IMG-20240422-WA0018-560x560.jpg 560w, https:\/\/atecordoba.org\/wp-content\/uploads\/2024\/04\/IMG-20240422-WA0018-75x75.jpg 75w, https:\/\/atecordoba.org\/wp-content\/uploads\/2024\/04\/IMG-20240422-WA0018-350x350.jpg 350w, https:\/\/atecordoba.org\/wp-content\/uploads\/2024\/04\/IMG-20240422-WA0018-750x750.jpg 750w, https:\/\/atecordoba.org\/wp-content\/uploads\/2024\/04\/IMG-20240422-WA0018.jpg 1080w\" sizes=\"auto, (max-width: 1024px) 100vw, 1024px\" \/><\/figure>\n\n\n\n<figure class=\"wp-block-image size-large\"><img loading=\"lazy\" decoding=\"async\" width=\"1024\" height=\"1024\" data-id=\"43036\" src=\"https:\/\/atecordoba.org\/wp-content\/uploads\/2024\/04\/IMG-20240422-WA0016-1024x1024.jpg\" alt=\"\" class=\"wp-image-43036\" srcset=\"https:\/\/atecordoba.org\/wp-content\/uploads\/2024\/04\/IMG-20240422-WA0016-1024x1024.jpg 1024w, https:\/\/atecordoba.org\/wp-content\/uploads\/2024\/04\/IMG-20240422-WA0016-300x300.jpg 300w, https:\/\/atecordoba.org\/wp-content\/uploads\/2024\/04\/IMG-20240422-WA0016-150x150.jpg 150w, https:\/\/atecordoba.org\/wp-content\/uploads\/2024\/04\/IMG-20240422-WA0016-768x768.jpg 768w, https:\/\/atecordoba.org\/wp-content\/uploads\/2024\/04\/IMG-20240422-WA0016-560x560.jpg 560w, https:\/\/atecordoba.org\/wp-content\/uploads\/2024\/04\/IMG-20240422-WA0016-75x75.jpg 75w, https:\/\/atecordoba.org\/wp-content\/uploads\/2024\/04\/IMG-20240422-WA0016-350x350.jpg 350w, https:\/\/atecordoba.org\/wp-content\/uploads\/2024\/04\/IMG-20240422-WA0016-750x750.jpg 750w, https:\/\/atecordoba.org\/wp-content\/uploads\/2024\/04\/IMG-20240422-WA0016.jpg 1080w\" sizes=\"auto, (max-width: 1024px) 100vw, 1024px\" \/><\/figure>\n<\/figure>\n\n\n\n<p>Por estas fechas no tenemos nada que festejar. Es primordial que continuemos poniendo en nuestras agendas sindicales la necesidad de pelear en defensa propia por nuestros derechos y nuestra salud, mediante la participaci\u00f3n, el debate y la formaci\u00f3n, porque hasta que no exista una legislaci\u00f3n dispuesta a priorizar y defender la salud y la vida de las y los trabajadores, y se sigan incumpliendo las normativas vigentes, ser\u00e1 la organizaci\u00f3n lo que nos permita poner un freno a este flagelo y dar la discusi\u00f3n.<\/p>\n\n\n\n<p>Las muertes por el trabajo son un crimen.<\/p>\n\n\n\n<p>Desde la Coordinaci\u00f3n Provincial de Salud Laboral del Consejo Directivo de ATE C\u00f3rdoba, elaboramos la siguiente Campa\u00f1a de Concientizaci\u00f3n con una serie de materiales gr\u00e1ficos y consignas, que buscan que compa\u00f1eros y compa\u00f1eras de sectores nacionales, provinciales y municipales se nutran de herramientas para exigir el cumplimiento de ambientes de trabajo sanos, saludables y sin violencias.<\/p>\n\n\n<div class=\"wp-block-image\">\n<figure class=\"alignleft size-large is-resized\"><img loading=\"lazy\" decoding=\"async\" src=\"https:\/\/atecordoba.org\/wp-content\/uploads\/2024\/04\/IMG-20240422-WA0021-1024x1024.jpg\" alt=\"\" class=\"wp-image-43038\" width=\"512\" height=\"512\" srcset=\"https:\/\/atecordoba.org\/wp-content\/uploads\/2024\/04\/IMG-20240422-WA0021-1024x1024.jpg 1024w, https:\/\/atecordoba.org\/wp-content\/uploads\/2024\/04\/IMG-20240422-WA0021-300x300.jpg 300w, https:\/\/atecordoba.org\/wp-content\/uploads\/2024\/04\/IMG-20240422-WA0021-150x150.jpg 150w, https:\/\/atecordoba.org\/wp-content\/uploads\/2024\/04\/IMG-20240422-WA0021-768x768.jpg 768w, https:\/\/atecordoba.org\/wp-content\/uploads\/2024\/04\/IMG-20240422-WA0021-560x560.jpg 560w, https:\/\/atecordoba.org\/wp-content\/uploads\/2024\/04\/IMG-20240422-WA0021-75x75.jpg 75w, https:\/\/atecordoba.org\/wp-content\/uploads\/2024\/04\/IMG-20240422-WA0021-350x350.jpg 350w, https:\/\/atecordoba.org\/wp-content\/uploads\/2024\/04\/IMG-20240422-WA0021-750x750.jpg 750w, https:\/\/atecordoba.org\/wp-content\/uploads\/2024\/04\/IMG-20240422-WA0021.jpg 1080w\" sizes=\"auto, (max-width: 512px) 100vw, 512px\" \/><\/figure>\n<\/div>\n\n\n<ul class=\"wp-block-list\">\n<li>La OMS y la OIT recomiendan implementar intervenciones directamente dirigidas a las condiciones y medio ambiente de trabajo para adoptar medidas concretas para prevenir los problemas de salud mental en el entorno laboral.<\/li>\n\n\n\n<li>Los Elementos de Protecci\u00f3n Personal (EPP) y la Ropa de Trabajo, deben ser suministrados y mantenidos por la patronal (Ley 19587). Su uso adecuado es importante para prevenir riesgos laborales. Organizate para defender tus derechos.<\/li>\n\n\n\n<li>El maltrato, la persecuci\u00f3n sindical y la inestabilidad laboral, son violencia. Est\u00e1 vigente el Convenio 190 OIT que fija un marco para prevenirlas y abordarlas de manera integral. En ATE nos organizamos y luchamos contra todo tipo de violencia y acoso.<\/li>\n\n\n\n<li>Tenemos derecho a trabajar en ambientes sanos y seguros, a recibir capacitaciones sobre prevenci\u00f3n y suspender tareas en caso de riesgo grave e inminente. Para pelear y defender nuestra vida y salud, la participaci\u00f3n es clave. AFILIATE.<\/li>\n\n\n\n<li>El Estado est\u00e1 obligado a implementar pol\u00edticas de Salud y Seguridad en el Trabajo con la participaci\u00f3n de las y los trabajadores a partir de los Convenios 155 y 187 de la OIT. Su cumplimiento no es posible sin Comit\u00e9s Mixtos Delegadxs de Prevenci\u00f3n. ATE Siempre est\u00e1.<\/li>\n<\/ul>\n\n\n<div class=\"wp-block-image\">\n<figure class=\"alignright size-large is-resized\"><img loading=\"lazy\" decoding=\"async\" src=\"https:\/\/atecordoba.org\/wp-content\/uploads\/2024\/04\/IMG-20240422-WA0020-1024x1024.jpg\" alt=\"\" class=\"wp-image-43039\" width=\"512\" height=\"512\" srcset=\"https:\/\/atecordoba.org\/wp-content\/uploads\/2024\/04\/IMG-20240422-WA0020-1024x1024.jpg 1024w, https:\/\/atecordoba.org\/wp-content\/uploads\/2024\/04\/IMG-20240422-WA0020-300x300.jpg 300w, https:\/\/atecordoba.org\/wp-content\/uploads\/2024\/04\/IMG-20240422-WA0020-150x150.jpg 150w, https:\/\/atecordoba.org\/wp-content\/uploads\/2024\/04\/IMG-20240422-WA0020-768x768.jpg 768w, https:\/\/atecordoba.org\/wp-content\/uploads\/2024\/04\/IMG-20240422-WA0020-560x560.jpg 560w, https:\/\/atecordoba.org\/wp-content\/uploads\/2024\/04\/IMG-20240422-WA0020-75x75.jpg 75w, https:\/\/atecordoba.org\/wp-content\/uploads\/2024\/04\/IMG-20240422-WA0020-350x350.jpg 350w, https:\/\/atecordoba.org\/wp-content\/uploads\/2024\/04\/IMG-20240422-WA0020-750x750.jpg 750w, https:\/\/atecordoba.org\/wp-content\/uploads\/2024\/04\/IMG-20240422-WA0020.jpg 1080w\" sizes=\"auto, (max-width: 512px) 100vw, 512px\" \/><\/figure>\n<\/div>\n\n\n<ul class=\"wp-block-list\">\n<li>Ten\u00e9s derecho a saber cu\u00e1l es tu ART. La patronal debe notificarte y entregarte una credencial con los datos de la misma. Es con ATE, es con Vos.<\/li>\n\n\n\n<li>Libertad Sindical y Derecho a Huelga. La Constituci\u00f3n y la legislaci\u00f3n laboral prev\u00e9n la libertad de asociaci\u00f3n y afiliaci\u00f3n sindical. El derecho a la huelga est\u00e1 previsto en la Constituci\u00f3n y regulado por la Ley de Asociaciones Sindicales N\u00b0 23.551. La patronal no te puede sancionar por organizarte y parar. Para ampliar el poder de negociaci\u00f3n y defender las condiciones y medio ambiente de trabajo, af\u00edliATE.<\/li>\n\n\n\n<li>Frente al negocio de las ART lxs trabajadorxs seguimos siendo las v\u00edctimas. Las muertes por trabajo son un crimen. ATE es organizaci\u00f3n colectiva que defiende tus derechos.<\/li>\n\n\n\n<li>La ART tiene la obligaci\u00f3n de brindarte las prestaciones correspondientes ante un accidente laboral o una enfermedad profesional. Si sufriste uno, da aviso a tu empleador, ART o concurr\u00ed a un Centro M\u00e9dico Prestador. Es con ATE, es con Vos.<\/li>\n\n\n\n<li>Por una norma que regule la Salud y Seguridad en el Trabajo para el Sector Sanitario. ATE es organizaci\u00f3n colectiva.<\/li>\n\n\n\n<li>La intervenci\u00f3n de lxs Trabajadorxs resulta fundamental para generar pol\u00edticas de promoci\u00f3n y prevenci\u00f3n de la Salud, porque no hay salud colectiva sin participaci\u00f3n de lxs propixs Trabajadorxs.<\/li>\n\n\n\n<li>Si sos monotributista, NO TENES COEBRTURA DE ART. Necesitas contratar un Seguro de Accidentes Personales por periodo de tiempo necesario. Si no cont\u00e1s con cobertura y tu relaci\u00f3n laboral no es temporaria y sufriste un accidente de trabajo o una enfermedad profesional ejecutando tareas en establecimientos o con herramientas de trabajo del empleador, \u00e9ste debe responder solidariamente.<\/li>\n<\/ul>\n\n\n\n<p><\/p>\n","protected":false},"excerpt":{"rendered":"<p>En el marco de celebrarse 52 a\u00f1os de la sanci\u00f3n de la Ley 19587 de Higiene y Seguridad en el Trabajo, a cumplirse el pr\u00f3ximo 25 de abril, el Consejo Directivo Provincial invita a las y los estatales a participar de la Jornada de Capacitaci\u00f3n que se realizar\u00e1 el jueves pr\u00f3ximo. La actividad est\u00e1 organizada [&hellip;]<\/p>\n","protected":false},"author":7,"featured_media":43042,"comment_status":"open","ping_status":"open","sticky":false,"template":"","format":"standard","meta":{"_exactmetrics_skip_tracking":false,"_exactmetrics_sitenote_active":false,"_exactmetrics_sitenote_note":"","_exactmetrics_sitenote_category":0,"jnews-multi-image_gallery":[],"jnews_single_post":{"subtitle":"El curso se dictar\u00e1 en sede de ATE, Entre R\u00edos 450, el jueves 25 de abril a las 14 horas.","format":"standard","video":"","gallery":"","source_name":"","source_url":"","via_name":"","via_url":"","override_template":"0","override":[{"template":"1","single_blog_custom":"","parallax":"1","fullscreen":"1","layout":"no-sidebar-narrow","sidebar":"default-sidebar","second_sidebar":"default-sidebar","sticky_sidebar":"1","share_position":"bottom","share_float_style":"share-monocrhome","show_share_counter":"1","show_view_counter":"1","show_featured":"0","show_post_meta":"1","show_post_author":"0","show_post_author_image":"1","show_post_date":"1","post_date_format":"default","post_date_format_custom":"Y\/m\/d","show_post_category":"1","show_post_reading_time":"0","post_reading_time_wpm":"300","show_zoom_button":"0","zoom_button_out_step":"2","zoom_button_in_step":"3","show_post_tag":"1","show_prev_next_post":"0","show_popup_post":"0","number_popup_post":"1","show_author_box":"0","show_post_related":"1","show_inline_post_related":"0"}],"override_image_size":"0","image_override":[{"single_post_thumbnail_size":"crop-500","single_post_gallery_size":"crop-500"}],"trending_post":"0","trending_post_position":"meta","trending_post_label":"Trending","sponsored_post":"0","sponsored_post_label":"Sponsored by","sponsored_post_name":"","sponsored_post_url":"","sponsored_post_logo_enable":"0","sponsored_post_logo":"","sponsored_post_desc":"","disable_ad":"0"},"jnews_primary_category":{"id":"","hide":""},"jnews_social_meta":{"fb_title":"","fb_description":"","fb_image":"","twitter_title":"","twitter_description":"","twitter_image":""},"jnews_review":[],"enable_review":"0","type":"percentage","name":"","summary":"","brand":"","sku":"","good":[{"good_text":""}],"bad":[{"bad_text":""}],"score_override":"","override_value":"","rating":[{"rating_text":"","rating_number":"10"}],"price":[{"shop":"","price":"","link":"","icon":""}],"jnews_override_counter":{"override_view_counter":"0","view_counter_number":"0","override_share_counter":"0","share_counter_number":"0","override_like_counter":"0","like_counter_number":"0","override_dislike_counter":"0","dislike_counter_number":"0"},"jnews_post_split":{"enable_post_split":"0","post_split":[{"template":"1","tag":"h2","numbering":"asc","mode":"normal","first":"0","enable_toc":"0","toc_type":"normal"}]},"footnotes":""},"categories":[88],"tags":[],"class_list":["post-43032","post","type-post","status-publish","format-standard","has-post-thumbnail","hentry","category-formacion"],"jetpack_featured_media_url":"https:\/\/atecordoba.org\/wp-content\/uploads\/2024\/04\/portada-e1713806300740.jpg","_links":{"self":[{"href":"https:\/\/atecordoba.org\/index.php?rest_route=\/wp\/v2\/posts\/43032","targetHints":{"allow":["GET"]}}],"collection":[{"href":"https:\/\/atecordoba.org\/index.php?rest_route=\/wp\/v2\/posts"}],"about":[{"href":"https:\/\/atecordoba.org\/index.php?rest_route=\/wp\/v2\/types\/post"}],"author":[{"embeddable":true,"href":"https:\/\/atecordoba.org\/index.php?rest_route=\/wp\/v2\/users\/7"}],"replies":[{"embeddable":true,"href":"https:\/\/atecordoba.org\/index.php?rest_route=%2Fwp%2Fv2%2Fcomments&post=43032"}],"version-history":[{"count":1,"href":"https:\/\/atecordoba.org\/index.php?rest_route=\/wp\/v2\/posts\/43032\/revisions"}],"predecessor-version":[{"id":43043,"href":"https:\/\/atecordoba.org\/index.php?rest_route=\/wp\/v2\/posts\/43032\/revisions\/43043"}],"wp:featuredmedia":[{"embeddable":true,"href":"https:\/\/atecordoba.org\/index.php?rest_route=\/wp\/v2\/media\/43042"}],"wp:attachment":[{"href":"https:\/\/atecordoba.org\/index.php?rest_route=%2Fwp%2Fv2%2Fmedia&parent=43032"}],"wp:term":[{"taxonomy":"category","embeddable":true,"href":"https:\/\/atecordoba.org\/index.php?rest_route=%2Fwp%2Fv2%2Fcategories&post=43032"},{"taxonomy":"post_tag","embeddable":true,"href":"https:\/\/atecordoba.org\/index.php?rest_route=%2Fwp%2Fv2%2Ftags&post=43032"}],"curies":[{"name":"wp","href":"https:\/\/api.w.org\/{rel}","templated":true}]}}