{"id":43028,"date":"2024-04-22T12:41:40","date_gmt":"2024-04-22T15:41:40","guid":{"rendered":"https:\/\/atecordoba.org\/?p=43028"},"modified":"2024-04-22T12:41:40","modified_gmt":"2024-04-22T15:41:40","slug":"ate-marchara-manana-con-las-universidades-en-defensa-de-la-educacion-publica","status":"publish","type":"post","link":"https:\/\/atecordoba.org\/?p=43028","title":{"rendered":"ATE marchar\u00e1 ma\u00f1ana con las Universidades en defensa de la educaci\u00f3n p\u00fablica"},"content":{"rendered":"<div class=\"wp-block-image\">\n<figure class=\"aligncenter size-large is-resized\"><img loading=\"lazy\" decoding=\"async\" src=\"https:\/\/atecordoba.org\/wp-content\/uploads\/2024\/04\/flyer-marcha-unc-1020x1024.jpg\" alt=\"\" class=\"wp-image-43029\" width=\"765\" height=\"768\" srcset=\"https:\/\/atecordoba.org\/wp-content\/uploads\/2024\/04\/flyer-marcha-unc-1020x1024.jpg 1020w, https:\/\/atecordoba.org\/wp-content\/uploads\/2024\/04\/flyer-marcha-unc-300x300.jpg 300w, https:\/\/atecordoba.org\/wp-content\/uploads\/2024\/04\/flyer-marcha-unc-150x150.jpg 150w, https:\/\/atecordoba.org\/wp-content\/uploads\/2024\/04\/flyer-marcha-unc-768x771.jpg 768w, https:\/\/atecordoba.org\/wp-content\/uploads\/2024\/04\/flyer-marcha-unc-75x75.jpg 75w, https:\/\/atecordoba.org\/wp-content\/uploads\/2024\/04\/flyer-marcha-unc-350x350.jpg 350w, https:\/\/atecordoba.org\/wp-content\/uploads\/2024\/04\/flyer-marcha-unc-750x753.jpg 750w, https:\/\/atecordoba.org\/wp-content\/uploads\/2024\/04\/flyer-marcha-unc.jpg 1080w\" sizes=\"auto, (max-width: 765px) 100vw, 765px\" \/><\/figure>\n<\/div>\n\n\n<p>Para frenar el brutal ajuste presupuestario del Gobierno de Javier Milei contra la educaci\u00f3n p\u00fablica superior, al punto de que las universidades corren el riesgo de cerrar su actividad por falta de fondos, ATE C\u00f3rdoba marchar\u00e1 con el conjunto de la comunidad universitaria por las calles de C\u00f3rdoba.<\/p>\n\n\n\n<p>Junto docentes y no docentes, estudiantes y autoridades de la casa de estudios, en consonancia a lo que suceder\u00e1 en todo el pa\u00eds, ATE levanta una vez m\u00e1s la bandera en defensa de la educaci\u00f3n laica, p\u00fablica, gratuita y de calidad. Por m\u00e1s presupuesto, por el mantenimiento de todos los puestos de trabajo, por el acceso libre a la educaci\u00f3n universitaria, sean estudiantes argentinos o extranjeros y repudiando el relato oficial que ataca en la universidad los valores m\u00e1s importantes del conjunto del pueblo argentino, ATE C\u00f3rdoba se concentra ma\u00f1ana a las 11.30 en Plaza Espa\u00f1a, para movilizar hacia el Patio Olmos.<\/p>\n\n\n\n<p>El cronograma completo de actividades: <\/p>\n\n\n\n<p>\ud83d\udccc14:30 hs, &#8220;Semaforeada en defensa de la Universidad&#8221; en las esquinas del Patio Olmos.<br>\ud83d\udccc15 hs. Clase P\u00fablica en Defensa de las Universidades, en la Plazoleta V\u00e9lez Sarsfield.<br>\ud83d\udccc16hs. Radio abierta.<br>\ud83d\udccc17 hs. Panel cient\u00edfico universitario: UPC, UTN, UNC, UNVM, ATE CONICET y Centros de estudiantes.<br>\ud83d\udcccDe 18 a 20 hs. Festival Solidario en Defensa de la Universidad en el Museo de Antropolog\u00edas<\/p>\n","protected":false},"excerpt":{"rendered":"<p>Para frenar el brutal ajuste presupuestario del Gobierno de Javier Milei contra la educaci\u00f3n p\u00fablica superior, al punto de que las universidades corren el riesgo de cerrar su actividad por falta de fondos, ATE C\u00f3rdoba marchar\u00e1 con el conjunto de la comunidad universitaria por las calles de C\u00f3rdoba. Junto docentes y no docentes, estudiantes y [&hellip;]<\/p>\n","protected":false},"author":7,"featured_media":43030,"comment_status":"open","ping_status":"open","sticky":false,"template":"","format":"standard","meta":{"_exactmetrics_skip_tracking":false,"_exactmetrics_sitenote_active":false,"_exactmetrics_sitenote_note":"","_exactmetrics_sitenote_category":0,"jnews-multi-image_gallery":[],"jnews_single_post":{"subtitle":"Junto docentes y no docentes, estudiantes y autoridades de la casa de estudios, en consonancia a lo que suceder\u00e1 en todo el pa\u00eds, ATE levanta una vez m\u00e1s la bandera en defensa de la educaci\u00f3n laica, p\u00fablica, gratuita y de calidad. ","format":"standard","video":"","gallery":"","source_name":"","source_url":"","via_name":"","via_url":"","override_template":"0","override":[{"template":"1","single_blog_custom":"","parallax":"1","fullscreen":"1","layout":"no-sidebar-narrow","sidebar":"default-sidebar","second_sidebar":"default-sidebar","sticky_sidebar":"1","share_position":"bottom","share_float_style":"share-monocrhome","show_share_counter":"1","show_view_counter":"1","show_featured":"0","show_post_meta":"1","show_post_author":"0","show_post_author_image":"1","show_post_date":"1","post_date_format":"default","post_date_format_custom":"Y\/m\/d","show_post_category":"1","show_post_reading_time":"0","post_reading_time_wpm":"300","show_zoom_button":"0","zoom_button_out_step":"2","zoom_button_in_step":"3","show_post_tag":"1","show_prev_next_post":"0","show_popup_post":"0","number_popup_post":"1","show_author_box":"0","show_post_related":"1","show_inline_post_related":"0"}],"override_image_size":"0","image_override":[{"single_post_thumbnail_size":"crop-500","single_post_gallery_size":"crop-500"}],"trending_post":"0","trending_post_position":"meta","trending_post_label":"Trending","sponsored_post":"0","sponsored_post_label":"Sponsored by","sponsored_post_name":"","sponsored_post_url":"","sponsored_post_logo_enable":"0","sponsored_post_logo":"","sponsored_post_desc":"","disable_ad":"0"},"jnews_primary_category":{"id":"","hide":""},"jnews_social_meta":{"fb_title":"","fb_description":"","fb_image":"","twitter_title":"","twitter_description":"","twitter_image":""},"jnews_review":[],"enable_review":"0","type":"percentage","name":"","summary":"","brand":"","sku":"","good":[{"good_text":""}],"bad":[{"bad_text":""}],"score_override":"","override_value":"","rating":[{"rating_text":"","rating_number":"10"}],"price":[{"shop":"","price":"","link":"","icon":""}],"jnews_override_counter":{"override_view_counter":"0","view_counter_number":"0","override_share_counter":"0","share_counter_number":"0","override_like_counter":"0","like_counter_number":"0","override_dislike_counter":"0","dislike_counter_number":"0"},"jnews_post_split":{"enable_post_split":"0","post_split":[{"template":"1","tag":"h2","numbering":"asc","mode":"normal","first":"0","enable_toc":"0","toc_type":"normal"}]},"footnotes":""},"categories":[10],"tags":[],"class_list":["post-43028","post","type-post","status-publish","format-standard","has-post-thumbnail","hentry","category-accion-politica"],"jetpack_featured_media_url":"https:\/\/atecordoba.org\/wp-content\/uploads\/2024\/04\/flyer-unc.jpg","_links":{"self":[{"href":"https:\/\/atecordoba.org\/index.php?rest_route=\/wp\/v2\/posts\/43028","targetHints":{"allow":["GET"]}}],"collection":[{"href":"https:\/\/atecordoba.org\/index.php?rest_route=\/wp\/v2\/posts"}],"about":[{"href":"https:\/\/atecordoba.org\/index.php?rest_route=\/wp\/v2\/types\/post"}],"author":[{"embeddable":true,"href":"https:\/\/atecordoba.org\/index.php?rest_route=\/wp\/v2\/users\/7"}],"replies":[{"embeddable":true,"href":"https:\/\/atecordoba.org\/index.php?rest_route=%2Fwp%2Fv2%2Fcomments&post=43028"}],"version-history":[{"count":1,"href":"https:\/\/atecordoba.org\/index.php?rest_route=\/wp\/v2\/posts\/43028\/revisions"}],"predecessor-version":[{"id":43031,"href":"https:\/\/atecordoba.org\/index.php?rest_route=\/wp\/v2\/posts\/43028\/revisions\/43031"}],"wp:featuredmedia":[{"embeddable":true,"href":"https:\/\/atecordoba.org\/index.php?rest_route=\/wp\/v2\/media\/43030"}],"wp:attachment":[{"href":"https:\/\/atecordoba.org\/index.php?rest_route=%2Fwp%2Fv2%2Fmedia&parent=43028"}],"wp:term":[{"taxonomy":"category","embeddable":true,"href":"https:\/\/atecordoba.org\/index.php?rest_route=%2Fwp%2Fv2%2Fcategories&post=43028"},{"taxonomy":"post_tag","embeddable":true,"href":"https:\/\/atecordoba.org\/index.php?rest_route=%2Fwp%2Fv2%2Ftags&post=43028"}],"curies":[{"name":"wp","href":"https:\/\/api.w.org\/{rel}","templated":true}]}}