{"id":42972,"date":"2024-04-19T14:05:45","date_gmt":"2024-04-19T17:05:45","guid":{"rendered":"https:\/\/atecordoba.org\/?p=42972"},"modified":"2024-04-19T14:05:45","modified_gmt":"2024-04-19T17:05:45","slug":"plenario-multisectorial-de-plaza-san-martin-resolvio-promover-un-plan-de-lucha-nacional-para-derrotar-el-plan-global-de-milei-y-llaryora","status":"publish","type":"post","link":"https:\/\/atecordoba.org\/?p=42972","title":{"rendered":"Plenario Multisectorial de Plaza San Mart\u00edn resolvi\u00f3 promover un plan de lucha nacional para derrotar el plan global de Milei y Llaryora"},"content":{"rendered":"<div class=\"wp-block-image\">\n<figure class=\"aligncenter size-large is-resized\"><img loading=\"lazy\" decoding=\"async\" src=\"https:\/\/atecordoba.org\/wp-content\/uploads\/2024\/04\/IMG-20240419-WA0040-1024x636.jpg\" alt=\"\" class=\"wp-image-42973\" width=\"768\" height=\"477\" \/><\/figure>\n<\/div>\n\n\n<p>Ayer se realiz\u00f3 un importante Plenario provincial de trabajadores ocupados y desocupados realizado ayer por la tarde en la Plaza San Mart\u00edn, sindicatos, comisiones internas y delegados combativos, movimientos piqueteros independientes, asambleas populares, sectores en lucha, de la cultura, ambiente, de las mujeres, estudiantiles, de derechos humanos, de jubilados y las organizaciones pol\u00edticas de izquierda resolvieron impulsar un &#8220;Plan de lucha nacional para derrotar el plan global de Milei y Llaryora&#8221;. <\/p>\n\n\n\n<p>ATE C\u00f3rdoba estuvo representada por nuestro secretario General, Federico Giuliani, junto a miembros de la conducci\u00f3n provincial y numerosa militancia que se acerc\u00f3 a dar su apoyo a la iniciativa. <\/p>\n\n\n<div class=\"wp-block-image\">\n<figure class=\"aligncenter size-large is-resized\"><img loading=\"lazy\" decoding=\"async\" src=\"https:\/\/atecordoba.org\/wp-content\/uploads\/2024\/04\/IMG-20240419-WA0027-1024x576.jpg\" alt=\"\" class=\"wp-image-42974\" width=\"768\" height=\"432\" srcset=\"https:\/\/atecordoba.org\/wp-content\/uploads\/2024\/04\/IMG-20240419-WA0027-1024x576.jpg 1024w, https:\/\/atecordoba.org\/wp-content\/uploads\/2024\/04\/IMG-20240419-WA0027-300x169.jpg 300w, https:\/\/atecordoba.org\/wp-content\/uploads\/2024\/04\/IMG-20240419-WA0027-768x432.jpg 768w, https:\/\/atecordoba.org\/wp-content\/uploads\/2024\/04\/IMG-20240419-WA0027-1536x864.jpg 1536w, https:\/\/atecordoba.org\/wp-content\/uploads\/2024\/04\/IMG-20240419-WA0027-750x422.jpg 750w, https:\/\/atecordoba.org\/wp-content\/uploads\/2024\/04\/IMG-20240419-WA0027-1140x641.jpg 1140w, https:\/\/atecordoba.org\/wp-content\/uploads\/2024\/04\/IMG-20240419-WA0027.jpg 1600w\" sizes=\"auto, (max-width: 768px) 100vw, 768px\" \/><\/figure>\n<\/div>\n\n\n<p>El plenario dio su apoyo al paro general dispuesto por la CGT y la CTAA junto a la CTAT del pr\u00f3ximo 9 de mayo, as\u00ed como se comprometi\u00f3 a movilizar el 1\u00ba de Mayo. <\/p>\n\n\n\n<p>&#8220;El gobierno de Milei avanza en una ofensiva brutal y global. Est\u00e1 llevando adelante miles de despidos mientras env\u00eda al Congreso nuevamente su nefasta \u201cLey Omnibus II\u201d, incluyendo una reforma para liquidar los derechos laborales, avanzar con las privatizaciones y donde quiere volver al impuesto al salario. La modificaci\u00f3n de la f\u00f3rmula jubilatoria vuelve a golpear los haberes, mostrando que el ajuste no lo paga \u201cla casta\u201d sino los jubilados y todos los trabajadores. Los tarifazos que ya se implementan en el transporte, ahora se extienden a las boletas de luz, agua y gas, y van a golpear los salarios y profundizar la crisis industrial, que ya genera miles de despidos y suspensiones. El gobierno ni siquiera homologa las paritarias que superan los \u00edndices de inflaci\u00f3n, que aunque el gobierno diga que la est\u00e1 controlando, tenemos la inflaci\u00f3n m\u00e1s alta del mundo&#8221;, diagnostic\u00f3 un documento elaborado como resumen de los discutido en Plaza San Mart\u00edn.<\/p>\n\n\n<div class=\"wp-block-image\">\n<figure class=\"aligncenter size-large is-resized\"><img loading=\"lazy\" decoding=\"async\" src=\"https:\/\/atecordoba.org\/wp-content\/uploads\/2024\/04\/IMG-20240419-WA0016-1024x576.jpg\" alt=\"\" class=\"wp-image-42975\" width=\"768\" height=\"432\" srcset=\"https:\/\/atecordoba.org\/wp-content\/uploads\/2024\/04\/IMG-20240419-WA0016-1024x576.jpg 1024w, https:\/\/atecordoba.org\/wp-content\/uploads\/2024\/04\/IMG-20240419-WA0016-300x169.jpg 300w, https:\/\/atecordoba.org\/wp-content\/uploads\/2024\/04\/IMG-20240419-WA0016-768x432.jpg 768w, https:\/\/atecordoba.org\/wp-content\/uploads\/2024\/04\/IMG-20240419-WA0016-1536x864.jpg 1536w, https:\/\/atecordoba.org\/wp-content\/uploads\/2024\/04\/IMG-20240419-WA0016-750x422.jpg 750w, https:\/\/atecordoba.org\/wp-content\/uploads\/2024\/04\/IMG-20240419-WA0016-1140x641.jpg 1140w, https:\/\/atecordoba.org\/wp-content\/uploads\/2024\/04\/IMG-20240419-WA0016.jpg 1600w\" sizes=\"auto, (max-width: 768px) 100vw, 768px\" \/><\/figure>\n<\/div>\n\n\n<p>Y advirti\u00f3 que &#8220;se trata de una sideral transferencia de recursos esquilmados al pueblo trabajador en beneficio del FMI, los banqueros y los grandes capitalistas. Los acreedores de la deuda p\u00fablica, los monopolios petroleros, las concesionarias de los servicios p\u00fablicos, los pools sojeros, son los grandes beneficiados del gobierno de Milei para llevar adelante este verdadero plan de guerra contra el pueblo&#8221;.<\/p>\n\n\n\n<p>En esa l\u00ednea, el plenario provincial declar\u00f3 estar al servicio &#8221; de impulsar una coordinaci\u00f3n provincial y nacional de los sectores combativos. Convocamos a luchar porque se efectivice el paro del 9 y garantizar desde abajo que sea activo, exigir su continuidad y el programa de lucha, impulsando asambleas en cada lugar de trabajo y de estudio&#8221;.<\/p>\n\n\n<div class=\"wp-block-image\">\n<figure class=\"aligncenter size-large is-resized\"><img loading=\"lazy\" decoding=\"async\" src=\"https:\/\/atecordoba.org\/wp-content\/uploads\/2024\/04\/IMG-20240419-WA0033-1024x576.jpg\" alt=\"\" class=\"wp-image-42976\" width=\"768\" height=\"432\" srcset=\"https:\/\/atecordoba.org\/wp-content\/uploads\/2024\/04\/IMG-20240419-WA0033-1024x576.jpg 1024w, https:\/\/atecordoba.org\/wp-content\/uploads\/2024\/04\/IMG-20240419-WA0033-300x169.jpg 300w, https:\/\/atecordoba.org\/wp-content\/uploads\/2024\/04\/IMG-20240419-WA0033-768x432.jpg 768w, https:\/\/atecordoba.org\/wp-content\/uploads\/2024\/04\/IMG-20240419-WA0033-1536x864.jpg 1536w, https:\/\/atecordoba.org\/wp-content\/uploads\/2024\/04\/IMG-20240419-WA0033-750x422.jpg 750w, https:\/\/atecordoba.org\/wp-content\/uploads\/2024\/04\/IMG-20240419-WA0033-1140x641.jpg 1140w, https:\/\/atecordoba.org\/wp-content\/uploads\/2024\/04\/IMG-20240419-WA0033.jpg 1600w\" sizes=\"auto, (max-width: 768px) 100vw, 768px\" \/><\/figure>\n<\/div>\n\n\n<p>Para luego fustigar al Gobierno de C\u00f3rdoba porque &#8220;Llaryora, mientras tanto, aplica una enorme &#8216;motosierra&#8217; cordobesa, rebajando salarios, aplicando despidos y negocia en el Congreso pactos parlamentarios\u2013al igual que un sector del PJ opositor\u2013 para salvar las finanzas provinciales y sus privilegios a costa de nuevos golpes contra el pueblo, como el impuesto al salario, los tarifazos, un nuevo robo jubilatorio provincial y tambi\u00e9n en el Apross. Quieren darles los votos al &#8216;plan Milei&#8217; en el Congreso, como lo reclaman las grandes patronales. Por eso pone a C\u00f3rdoba como la sede del pacto reaccionario que Milei quiere firmar el pr\u00f3ximo 25 de mayo. El paro tambi\u00e9n es contra las pol\u00edticas de ajuste de los gobiernos provinciales como el de Llaryora&#8221;.<\/p>\n\n\n\n<p><strong>Contrapacto<\/strong><\/p>\n\n\n\n<p>En el marco de las definiciones que fij\u00f3 el plenario realizado ayer, Federico Giuliani hizo declaraciones a <a href=\"https:\/\/www.youtube.com\/watch?v=CxBcYlrlfU4\">Radio Pulxo<\/a>, donde adelant\u00f3 que el pr\u00f3ximo 25 de mayo &#8220;vamos a hacerle sentir a Milei que no es bienvenido&#8221;, <a href=\"https:\/\/ate.org.ar\/milei-bariloche-llao-llao-190424\/\">como sucedi\u00f3 hoy en Bariloche<\/a>, donde ATE bloque\u00f3 la salida del Aeropuerto y los ingresos al Hotel Llao Llao, tras declarar al Presidente &#8220;persona no grata&#8221;.  <\/p>\n\n\n<div class=\"wp-block-image\">\n<figure class=\"aligncenter size-large is-resized\"><img loading=\"lazy\" decoding=\"async\" src=\"https:\/\/atecordoba.org\/wp-content\/uploads\/2024\/04\/IMG-20240419-WA0037-1024x769.jpg\" alt=\"\" class=\"wp-image-42977\" width=\"768\" height=\"577\" srcset=\"https:\/\/atecordoba.org\/wp-content\/uploads\/2024\/04\/IMG-20240419-WA0037-1024x769.jpg 1024w, https:\/\/atecordoba.org\/wp-content\/uploads\/2024\/04\/IMG-20240419-WA0037-300x225.jpg 300w, https:\/\/atecordoba.org\/wp-content\/uploads\/2024\/04\/IMG-20240419-WA0037-768x577.jpg 768w, https:\/\/atecordoba.org\/wp-content\/uploads\/2024\/04\/IMG-20240419-WA0037-750x563.jpg 750w, https:\/\/atecordoba.org\/wp-content\/uploads\/2024\/04\/IMG-20240419-WA0037-1140x856.jpg 1140w, https:\/\/atecordoba.org\/wp-content\/uploads\/2024\/04\/IMG-20240419-WA0037.jpg 1156w\" sizes=\"auto, (max-width: 768px) 100vw, 768px\" \/><\/figure>\n<\/div>\n\n\n<p>Se trata de una iniciativa pol\u00edtica que viene impulsando ATE C\u00f3rdoba junto a otras organizaciones, frente a un escenario donde hay gobernadores que pretenden legitimar con su firma el ajuste que el Gobierno Nacional impone sobre las y los estatales, entre otras medidas.<\/p>\n\n\n\n<p>&#8220;De los 10 puntos del pacto ninguno habla de los trabajadores ni del hambre ni del pueblo. Es la agenda de las corporaciones econ\u00f3micas que le garantizan la gobernabilidad, junto con el Poder pol\u00edtico que se siente c\u00f3modo con esto. Hay dirigentes que tambi\u00e9n est\u00e1n c\u00f3modos y no van a salir (a confrontar con el gobierno nacional). Ahora, si no estamos a la altura de las circunstancias, como dec\u00eda Per\u00f3n y despu\u00e9s adapt\u00f3 la frase Agust\u00edn Tosco, la gente va a salir &#8216;con los dirigentes a la cabeza o con la cabeza de los dirigentes'&#8221;. <\/p>\n\n\n\n<p>Y remarc\u00f3 que &#8220;la realidad es que este modelo econ\u00f3mico es insostenible, que plantea una forma nefasta de vincularse entre las personas, donde prima el individualismo y el que est\u00e1 al lado que tiene que meter una zancadilla o una patada en la cabeza para llegar a fin de mes. A ese cuadro hay que contrarrestarlo con lucha pero tambi\u00e9n con un modelo de sociedad con otros valores, m\u00e1s humanos, con solidaridad&#8221;.<\/p>\n\n\n\n<p><\/p>\n\n\n\n<p>  <\/p>\n","protected":false},"excerpt":{"rendered":"<p>Ayer se realiz\u00f3 un importante Plenario provincial de trabajadores ocupados y desocupados realizado ayer por la tarde en la Plaza San Mart\u00edn, sindicatos, comisiones internas y delegados combativos, movimientos piqueteros independientes, asambleas populares, sectores en lucha, de la cultura, ambiente, de las mujeres, estudiantiles, de derechos humanos, de jubilados y las organizaciones pol\u00edticas de izquierda [&hellip;]<\/p>\n","protected":false},"author":7,"featured_media":42973,"comment_status":"open","ping_status":"open","sticky":false,"template":"","format":"standard","meta":{"_exactmetrics_skip_tracking":false,"_exactmetrics_sitenote_active":false,"_exactmetrics_sitenote_note":"","_exactmetrics_sitenote_category":0,"jnews-multi-image_gallery":[],"jnews_single_post":{"subtitle":"\"Este modelo econ\u00f3mico es insostenible, que plantea una forma nefasta de vincularse entre las personas, donde prima el individualismo y el que est\u00e1 al lado que tiene que meter una zancadilla o una patada en la cabeza para llegar a fin de mes. A ese cuadro hay que contrarrestarlo con lucha pero tambi\u00e9n con un modelo de sociedad con otros valores, m\u00e1s humanos, con solidaridad\", dijo el secretario General de ATE C\u00f3rdoba, Federico Giuliani.","format":"standard","video":"","gallery":"","source_name":"","source_url":"","via_name":"","via_url":"","override_template":"0","override":[{"template":"1","single_blog_custom":"","parallax":"1","fullscreen":"1","layout":"no-sidebar-narrow","sidebar":"default-sidebar","second_sidebar":"default-sidebar","sticky_sidebar":"1","share_position":"bottom","share_float_style":"share-monocrhome","show_share_counter":"1","show_view_counter":"1","show_featured":"0","show_post_meta":"1","show_post_author":"0","show_post_author_image":"1","show_post_date":"1","post_date_format":"default","post_date_format_custom":"Y\/m\/d","show_post_category":"1","show_post_reading_time":"0","post_reading_time_wpm":"300","show_zoom_button":"0","zoom_button_out_step":"2","zoom_button_in_step":"3","show_post_tag":"1","show_prev_next_post":"0","show_popup_post":"0","number_popup_post":"1","show_author_box":"0","show_post_related":"1","show_inline_post_related":"0"}],"override_image_size":"0","image_override":[{"single_post_thumbnail_size":"crop-500","single_post_gallery_size":"crop-500"}],"trending_post":"0","trending_post_position":"meta","trending_post_label":"Trending","sponsored_post":"0","sponsored_post_label":"Sponsored by","sponsored_post_name":"","sponsored_post_url":"","sponsored_post_logo_enable":"0","sponsored_post_logo":"","sponsored_post_desc":"","disable_ad":"0"},"jnews_primary_category":{"id":"","hide":""},"jnews_social_meta":{"fb_title":"","fb_description":"","fb_image":"","twitter_title":"","twitter_description":"","twitter_image":""},"jnews_review":[],"enable_review":"0","type":"percentage","name":"","summary":"","brand":"","sku":"","good":[{"good_text":""}],"bad":[{"bad_text":""}],"score_override":"","override_value":"","rating":[{"rating_text":"","rating_number":"10"}],"price":[{"shop":"","price":"","link":"","icon":""}],"jnews_override_counter":{"override_view_counter":"0","view_counter_number":"0","override_share_counter":"0","share_counter_number":"0","override_like_counter":"0","like_counter_number":"0","override_dislike_counter":"0","dislike_counter_number":"0"},"jnews_post_split":{"enable_post_split":"0","post_split":[{"template":"1","tag":"h2","numbering":"asc","mode":"normal","first":"0","enable_toc":"0","toc_type":"normal"}]},"footnotes":""},"categories":[10],"tags":[],"class_list":["post-42972","post","type-post","status-publish","format-standard","has-post-thumbnail","hentry","category-accion-politica"],"jetpack_featured_media_url":"https:\/\/atecordoba.org\/wp-content\/uploads\/2024\/04\/IMG-20240419-WA0040-e1713546301246.jpg","_links":{"self":[{"href":"https:\/\/atecordoba.org\/index.php?rest_route=\/wp\/v2\/posts\/42972","targetHints":{"allow":["GET"]}}],"collection":[{"href":"https:\/\/atecordoba.org\/index.php?rest_route=\/wp\/v2\/posts"}],"about":[{"href":"https:\/\/atecordoba.org\/index.php?rest_route=\/wp\/v2\/types\/post"}],"author":[{"embeddable":true,"href":"https:\/\/atecordoba.org\/index.php?rest_route=\/wp\/v2\/users\/7"}],"replies":[{"embeddable":true,"href":"https:\/\/atecordoba.org\/index.php?rest_route=%2Fwp%2Fv2%2Fcomments&post=42972"}],"version-history":[{"count":1,"href":"https:\/\/atecordoba.org\/index.php?rest_route=\/wp\/v2\/posts\/42972\/revisions"}],"predecessor-version":[{"id":42978,"href":"https:\/\/atecordoba.org\/index.php?rest_route=\/wp\/v2\/posts\/42972\/revisions\/42978"}],"wp:featuredmedia":[{"embeddable":true,"href":"https:\/\/atecordoba.org\/index.php?rest_route=\/wp\/v2\/media\/42973"}],"wp:attachment":[{"href":"https:\/\/atecordoba.org\/index.php?rest_route=%2Fwp%2Fv2%2Fmedia&parent=42972"}],"wp:term":[{"taxonomy":"category","embeddable":true,"href":"https:\/\/atecordoba.org\/index.php?rest_route=%2Fwp%2Fv2%2Fcategories&post=42972"},{"taxonomy":"post_tag","embeddable":true,"href":"https:\/\/atecordoba.org\/index.php?rest_route=%2Fwp%2Fv2%2Ftags&post=42972"}],"curies":[{"name":"wp","href":"https:\/\/api.w.org\/{rel}","templated":true}]}}