{"id":42963,"date":"2024-04-18T11:06:00","date_gmt":"2024-04-18T14:06:00","guid":{"rendered":"https:\/\/atecordoba.org\/?p=42963"},"modified":"2024-04-18T12:14:50","modified_gmt":"2024-04-18T15:14:50","slug":"unidad-y-lucha-estrategica-para-derrotar-las-politicas-de-gobierno","status":"publish","type":"post","link":"https:\/\/atecordoba.org\/?p=42963","title":{"rendered":"Unidad y lucha estrat\u00e9gica para derrotar las pol\u00edticas de Gobierno"},"content":{"rendered":"<div class=\"wp-block-image\">\n<figure class=\"aligncenter size-full\"><img loading=\"lazy\" decoding=\"async\" width=\"709\" height=\"416\" src=\"https:\/\/atecordoba.org\/wp-content\/uploads\/2024\/04\/caruchas.jpg\" alt=\"\" class=\"wp-image-42964\" srcset=\"https:\/\/atecordoba.org\/wp-content\/uploads\/2024\/04\/caruchas.jpg 709w, https:\/\/atecordoba.org\/wp-content\/uploads\/2024\/04\/caruchas-300x176.jpg 300w\" sizes=\"auto, (max-width: 709px) 100vw, 709px\" \/><\/figure>\n<\/div>\n\n\n<p><strong>Por Carlos Rang*<\/strong><\/p>\n\n\n\n<p>La avanzada neocolonial empujada por las Fuerzas Imperiales busca trasladar la crisis y sus disputas para garantizar un nuevo reparto del mundo.<\/p>\n\n\n\n<p>En ese juego de intereses y disputas aparecen la OTAN, Israel, Black Rock, el Comando Sur con una fuerte presencia en su patio trasero, con la visita de la Generala Laura Richardson en Argentina, junto a la Embajada con Mark Stanley en acci\u00f3n, con las visitas del Secretario de Estado, Anthony Blinken, y del Jefe de la CIA, Williams Burns. Son parte de distintos intereses pero con un mismo plan neocolonial para garantizar un lugar privilegiado en el \u201cnuevo\u201d reparto mundial.<\/p>\n\n\n\n<p>Con la justificaci\u00f3n de contrarrestar la presencia China y contener su expansi\u00f3n en todos los planos como parte de su estrategia principal del unipolarismo ocidental.<\/p>\n\n\n\n<p>La guerra imperialista en Ucrania con el objetivo de poner de rodilla a Europa y de destruir a Rusia.<\/p>\n\n\n\n<p>El armado de distintos frentes como el AUKUS para el Indo Pac\u00edfico, la sangrienta destrucci\u00f3n de Gaza en Palestina, la guerra en Yemen, Siria, y ahora la provocaci\u00f3n para darle la entrada a Ir\u00e1n. Todo pareciera indicar que preparan un matadero general para los pueblos del mundo.<\/p>\n\n\n\n<p>Ante esta situaci\u00f3n vemos que en distintas partes del mundo la clase trabajadora y los pueblos se alzan para enfrentar al r\u00e9gimen de la prepotencia de las mercanc\u00edas que las fuerzas imperiales est\u00e1n tratando de imponer a sangre y fuego.<\/p>\n\n\n\n<p>En ese marco es que se da el desguace de nuestro pa\u00eds, por la necesidad desesperada de rapi\u00f1ar y succionar al m\u00e1ximo las fuentes de energ\u00eda y materias primas para poder seguir alimentando su putrefacta maquinaria de dominaci\u00f3n, para garantizar la extracci\u00f3n de los excedentes y la acumulaci\u00f3n ampliada del capital.<\/p>\n\n\n\n<p>Siguiendo el alineamiento internacional por parte del Gobierno argentino hacia los Estados Unidos, la Autoridad General de Puertos (AGP) firm\u00f3 un memor\u00e1ndum de entendimiento que habilita la llegada del Cuerpo de Ingenieros del Ej\u00e9rcito estadounidense en una de las cuencas de agua dulce m\u00e1s grandes del mundo al habilitar la instalaci\u00f3n de militares norteamericanos en la Hidrov\u00eda Paran\u00e1-Paraguay. Para que el imperio pueda succionar riquezas y contaminar nuestros barrios con drogas sint\u00e9ticas para generar el caos.<\/p>\n\n\n\n<p>La ampliaci\u00f3n de la entrega de nuestros mares en el atl\u00e1ntico sur a la OTAN, la creaci\u00f3n de una base de EE.UU en Tierra del Fuego, m\u00e1s la compra de 24 aviones obsoletos F-16 y tambi\u00e9n la Deuda Externa, forman parte del remate y el m\u00e1ximo sometimiento en nuestra historia. El saqueo del litio, la mega miner\u00eda en toda la cordillera, los granos de la Pampa H\u00fameda, el petr\u00f3leo y gas en Vaca Muerta, van de la mano con el desmantelamiento de nuestro aparato cient\u00edfico tecnol\u00f3gico como el ARSAT, CONICET, CNEA, CONEA y nuestros Centros At\u00f3micos, el intento de cierre de las F\u00e1bricas Militares, para de esta manera concluir su proyecto de primarizaci\u00f3n y destruir nuestras fuentes y expropiar nuestro conocimiento cient\u00edfico estrat\u00e9gico.<\/p>\n\n\n\n<p>En ese mismo plano desfinancian el sistema educativo, donde participan m\u00e1s de 1 mill\u00f3n de asalariados entre los niveles inicial, primario, secundario y superior no universitario. En el nivel universitario han puesto en emergencia presupuestaria a las m\u00e1s de 52 Universidades Nacionales que solo cuentan con el presupuesto del a\u00f1o anterior (2023) y esto no sirve ni para afrontar los abultados gastos de las tarifas para el funcionamientos, mientras tanto los salarios se encuentran por el piso.<\/p>\n\n\n\n<p>Se calcula que la poblaci\u00f3n que concurre a las Universidades entre asalariados y estudiantes es cercana a las 3 millones de personas y que solo hay presupuesto para cubrir gastos hasta junio.<\/p>\n\n\n\n<p>Recortan alimentos a los comedores populares, dejan de entregar medicamentos oncol\u00f3gicos y otras enfermedades graves a la poblaci\u00f3n m\u00e1s vulnerable, generan bajas en el programa POTENCIAR, desmantelan los organismos como el Pro Huerta, la Agricultura Familiar y dejan a miles de trabajadores sin trabajo para dejar la poblaci\u00f3n sin sus programas y pol\u00edticas p\u00fablicas hambreando las barriadas populares y al conjunto de sus familias.<\/p>\n\n\n\n<p>El detenimiento de la producci\u00f3n de nuestra industria pesada de acero, donde solo en Acindar trabajan 3 mil trabajadores directos y se generan 7 mil puestos indirectos m\u00e1s. Ante la ca\u00edda abrupta de las ventas con una reducci\u00f3n del 35 y el 40 por ciento en los \u00faltimos meses, la empresa sider\u00fargica del Grupo Arcelor Mittal, con operaciones en todo el mundo resolvi\u00f3 frenar durante un mes la actividad en las cuatro f\u00e1bricas del pa\u00eds: Villa Constituci\u00f3n (Santa Fe) que es la principal, San Nicol\u00e1s (Buenos Aires), La Tablada (Buenos Aires) y Villa Mercedes (San Luis).<\/p>\n\n\n\n<p>Adem\u00e1s quiere pasar a disponibilidad a m\u00e1s de 1.700 empleados de empresas contratistas que cumplen tareas en la compa\u00f1\u00eda. A esto se le suma que hace poco m\u00e1s de un mes llegaron unos 150 telegramas de despidos a trabajadores tercerizados. La respuesta fue la contundente movilizaci\u00f3n y el paro&nbsp; llevado adelante por los propios trabajadores, que reclamaron el apoyo y el acompa\u00f1amiento no solo de la UOM regional,&nbsp; de la CGT y las CTA, sino tambi\u00e9n de todos los sectores que dan la pelea contra este gobierno. Esto hizo que se ponga en valor la necesidad de las luchas unitarias.<\/p>\n\n\n\n<p>Desde noviembre del 2023 la rama sider\u00fargica tiene congelados los salarios por la extorsi\u00f3n que ejerce Paolo Rocca, due\u00f1o de Techint, a la C\u00e1mara del Acero que presiona a las grandes empresas del sector para que no cierren un acuerdo paritario con el gremio.<\/p>\n\n\n\n<p>Mientras tanto Techint goza del poder pol\u00edtico al colocar al frente de la Secretar\u00eda de Trabajo con el aval del gobierno un funcionario de su empresa.<\/p>\n\n\n\n<p>Si observamos el sector automotriz sobre todo por la ca\u00edda de la demanda en Renault y en Toyota empiezan con suspensiones y retiros voluntarios. General Motors frena la planta, por falta de acceso a repuestos importados los Autopartistas prev\u00e9n ca\u00edda del 15% de la actividad. La industria automotriz genera m\u00e1s de 70.000 puestos de trabajo directos y representa el 6% del empleo industrial. El 70% de la producci\u00f3n del sector se exporta al Mercosur.<\/p>\n\n\n\n<p>Pero adem\u00e1s muchos sectores productivos se ven acorralados por los aumentos del transporte, los combustibles y la apertura de las importaciones que destruye nuestra producci\u00f3n; esta situaci\u00f3n es parte del plan de transferencia de riqueza escandalosa de los sectores del trabajo al capital concentrado.<\/p>\n\n\n\n<p>Por eso es que debemos derrotar las pol\u00edticas de este Gobierno donde el Pacto de Mayo de C\u00f3rdoba es uno de los hechos principales a vencer, y la \u00fanica forma es con la lucha generalizada en todo el pa\u00eds, con movilizaciones como la Universitaria del d\u00eda 23 de abril, sumadas a las continuas de todos los sectores afectados, con concentraciones el 1\u00ba de mayo, piquetes y cortes hasta llegar a la gran Huelga General del 9 de mayo. Pero esta tiene que ser potente y para eso debe ser construida desde la periferia hacia el centro y desde abajo hacia arriba.<\/p>\n\n\n\n<p>Si ellos se unen para ajustarnos y sostener su acumulaci\u00f3n y ganancia, nosotros tenemos la responsabilidad y la obligaci\u00f3n de organizarnos y unirnos para enfrentarlos, logrando sostener nuestras fuentes de trabajo y con salarios por encima de la Canasta B\u00e1sica, porque solo de esta manera es que vamos a encaminarnos a cambiar las correlaciones de fuerzas y vencer.<\/p>\n\n\n\n<p>Este es el \u00fanico camino que puede hacer emerger un nuevo sujeto, que hoy no existe en esta situaci\u00f3n, porque a\u00fan no cabe, porque el mismo es el \u00fanico que puede cambiar radicalmente las correlaciones de fuerzas y poner el poder de nuestro lado y en nuestras manos.<\/p>\n\n\n\n<p><strong>*Docente de la Universidad Nacional de R\u00edo Cuarto (UNRC). Integrante del Grupo de Trabajo China-CLACSO. Delegado&nbsp;<\/strong><strong>Gremial de la Asociaci\u00f3n Trabajadores del Estado (ATE-CTAA) en la Secretar\u00eda de Agricultura Familiar (SAF). Vocal del Consejo Directivo Provincial (CDP) de ATE C\u00f3rdoba<\/strong><\/p>\n","protected":false},"excerpt":{"rendered":"<p>Por Carlos Rang* La avanzada neocolonial empujada por las Fuerzas Imperiales busca trasladar la crisis y sus disputas para garantizar un nuevo reparto del mundo. En ese juego de intereses y disputas aparecen la OTAN, Israel, Black Rock, el Comando Sur con una fuerte presencia en su patio trasero, con la visita de la Generala [&hellip;]<\/p>\n","protected":false},"author":7,"featured_media":42964,"comment_status":"open","ping_status":"open","sticky":false,"template":"","format":"standard","meta":{"_exactmetrics_skip_tracking":false,"_exactmetrics_sitenote_active":false,"_exactmetrics_sitenote_note":"","_exactmetrics_sitenote_category":0,"jnews-multi-image_gallery":[],"jnews_single_post":{"subtitle":"El panorama extremadamente violento a nivel global y local, obliga a las y los trabajadores a extremar la solidaridad de la clase. ","format":"standard","video":"","gallery":"","source_name":"","source_url":"","via_name":"","via_url":"","override_template":"0","override":[{"template":"1","single_blog_custom":"","parallax":"1","fullscreen":"1","layout":"no-sidebar-narrow","sidebar":"default-sidebar","second_sidebar":"default-sidebar","sticky_sidebar":"1","share_position":"bottom","share_float_style":"share-monocrhome","show_share_counter":"1","show_view_counter":"1","show_featured":"0","show_post_meta":"1","show_post_author":"0","show_post_author_image":"1","show_post_date":"1","post_date_format":"default","post_date_format_custom":"Y\/m\/d","show_post_category":"1","show_post_reading_time":"0","post_reading_time_wpm":"300","show_zoom_button":"0","zoom_button_out_step":"2","zoom_button_in_step":"3","show_post_tag":"1","show_prev_next_post":"0","show_popup_post":"0","number_popup_post":"1","show_author_box":"0","show_post_related":"1","show_inline_post_related":"0"}],"override_image_size":"0","image_override":[{"single_post_thumbnail_size":"crop-500","single_post_gallery_size":"crop-500"}],"trending_post":"0","trending_post_position":"meta","trending_post_label":"Trending","sponsored_post":"0","sponsored_post_label":"Sponsored by","sponsored_post_name":"","sponsored_post_url":"","sponsored_post_logo_enable":"0","sponsored_post_logo":"","sponsored_post_desc":"","disable_ad":"0"},"jnews_primary_category":{"id":"","hide":""},"jnews_social_meta":{"fb_title":"","fb_description":"","fb_image":"","twitter_title":"","twitter_description":"","twitter_image":""},"jnews_review":[],"enable_review":"0","type":"percentage","name":"","summary":"","brand":"","sku":"","good":[{"good_text":""}],"bad":[{"bad_text":""}],"score_override":"","override_value":"","rating":[{"rating_text":"","rating_number":"10"}],"price":[{"shop":"","price":"","link":"","icon":""}],"jnews_override_counter":{"override_view_counter":"0","view_counter_number":"0","override_share_counter":"0","share_counter_number":"0","override_like_counter":"0","like_counter_number":"0","override_dislike_counter":"0","dislike_counter_number":"0"},"jnews_post_split":{"enable_post_split":"0","post_split":[{"template":"1","tag":"h2","numbering":"asc","mode":"normal","first":"0","enable_toc":"0","toc_type":"normal"}]},"footnotes":""},"categories":[10],"tags":[],"class_list":["post-42963","post","type-post","status-publish","format-standard","has-post-thumbnail","hentry","category-accion-politica"],"jetpack_featured_media_url":"https:\/\/atecordoba.org\/wp-content\/uploads\/2024\/04\/caruchas.jpg","_links":{"self":[{"href":"https:\/\/atecordoba.org\/index.php?rest_route=\/wp\/v2\/posts\/42963","targetHints":{"allow":["GET"]}}],"collection":[{"href":"https:\/\/atecordoba.org\/index.php?rest_route=\/wp\/v2\/posts"}],"about":[{"href":"https:\/\/atecordoba.org\/index.php?rest_route=\/wp\/v2\/types\/post"}],"author":[{"embeddable":true,"href":"https:\/\/atecordoba.org\/index.php?rest_route=\/wp\/v2\/users\/7"}],"replies":[{"embeddable":true,"href":"https:\/\/atecordoba.org\/index.php?rest_route=%2Fwp%2Fv2%2Fcomments&post=42963"}],"version-history":[{"count":1,"href":"https:\/\/atecordoba.org\/index.php?rest_route=\/wp\/v2\/posts\/42963\/revisions"}],"predecessor-version":[{"id":42965,"href":"https:\/\/atecordoba.org\/index.php?rest_route=\/wp\/v2\/posts\/42963\/revisions\/42965"}],"wp:featuredmedia":[{"embeddable":true,"href":"https:\/\/atecordoba.org\/index.php?rest_route=\/wp\/v2\/media\/42964"}],"wp:attachment":[{"href":"https:\/\/atecordoba.org\/index.php?rest_route=%2Fwp%2Fv2%2Fmedia&parent=42963"}],"wp:term":[{"taxonomy":"category","embeddable":true,"href":"https:\/\/atecordoba.org\/index.php?rest_route=%2Fwp%2Fv2%2Fcategories&post=42963"},{"taxonomy":"post_tag","embeddable":true,"href":"https:\/\/atecordoba.org\/index.php?rest_route=%2Fwp%2Fv2%2Ftags&post=42963"}],"curies":[{"name":"wp","href":"https:\/\/api.w.org\/{rel}","templated":true}]}}