{"id":42952,"date":"2024-04-18T11:34:00","date_gmt":"2024-04-18T14:34:00","guid":{"rendered":"https:\/\/atecordoba.org\/?p=42952"},"modified":"2024-04-18T13:13:24","modified_gmt":"2024-04-18T16:13:24","slug":"ajuste-la-legislatura-se-manifesto-contra-los-despidos-de-milei-en-cordoba","status":"publish","type":"post","link":"https:\/\/atecordoba.org\/?p=42952","title":{"rendered":"Ajuste: La Legislatura se manifest\u00f3 contra los despidos de Milei en C\u00f3rdoba"},"content":{"rendered":"<div class=\"wp-block-image\">\n<figure class=\"aligncenter size-full is-resized\"><img loading=\"lazy\" decoding=\"async\" src=\"https:\/\/atecordoba.org\/wp-content\/uploads\/2024\/04\/flyer-legislatura2.jpg\" alt=\"\" class=\"wp-image-42966\" width=\"670\" height=\"766\" srcset=\"https:\/\/atecordoba.org\/wp-content\/uploads\/2024\/04\/flyer-legislatura2.jpg 893w, https:\/\/atecordoba.org\/wp-content\/uploads\/2024\/04\/flyer-legislatura2-262x300.jpg 262w, https:\/\/atecordoba.org\/wp-content\/uploads\/2024\/04\/flyer-legislatura2-768x878.jpg 768w, https:\/\/atecordoba.org\/wp-content\/uploads\/2024\/04\/flyer-legislatura2-750x858.jpg 750w\" sizes=\"auto, (max-width: 670px) 100vw, 670px\" \/><\/figure>\n<\/div>\n\n\n<p>A trav\u00e9s de una iniciativa del legislador Mat\u00edas Chamorro, integrante del bloque Hacemos Unidos por C\u00f3rdoba, la Unicameral se manifest\u00f3 contra el cierre de organismos p\u00fablicos nacionales en C\u00f3rdoba. Se trata de un logro de ATE, que se reuni\u00f3 con distintos legisladores para explicar que el ajuste libertario, m\u00e1s all\u00e1 de la propagando medi\u00e1tica, tiene consecuencias inmediatas y tremendas en t\u00e9rminos de puestos de trabajo y de rebaja de pol\u00edticas p\u00fablicas que, m\u00e1s all\u00e1 de los d\u00e9ficits que nuestro gremio viene denunciando desde hace a\u00f1os, benefician a las y los cordobeses. <\/p>\n\n\n\n<p>\u201cEst\u00e1n en riesgo servicios esenciales y 20.547 puestos de trabajo a partir de las medidas del Gobierno Nacional\u201d, argument\u00f3 Chamorro en ese sentido, consiguiendo el apoyo mayoritario del cuerpo.<\/p>\n\n\n\n<p>La declaraci\u00f3n legislativa, de alto impacto pol\u00edtico, se fundament\u00f3 rechazando el ajuste que Milei aplica a las provincia. \u201cEn el marco de el achicamiento estatal generalizado, la actual gesti\u00f3n nacional viene desmantelando organismos nacionales estrat\u00e9gicos y despidiendo indiscriminadamente a miles de trabajadoras y trabajadores con a\u00f1os de experiencia generando un golpe social, productivo y econ\u00f3mico en \u00e1reas delicadas como discapacidad, personas mayores, migrantes y las referidas a la producci\u00f3n de alta tecnolog\u00eda satelital, industria qu\u00edmica y armamentista, aeron\u00e1utica, nuclear, energ\u00e9tica, informativa, comunicacional, educativa y social\u201d, fundament\u00f3 el legislador.<\/p>\n\n\n\n<p>Chamorro cit\u00f3 un informe de ATE sobre las consecuencias que tiene el brutal ajuste de Milei, que <a href=\"https:\/\/atecordoba.org\/?p=42682\">la conducci\u00f3n de nuestro gremio traslad\u00f3 al bloque oficialista<\/a>, donde se ve reflejada \u201cla reducci\u00f3n de dependencias estatales que garantizan derechos fundamentales, entre ellas: la Agencia Nacional de Discapacidad (ANDIS), el RENAPER que garantiza el derecho a la identidad; la Direcci\u00f3n Nacional de Migraciones, que se encarga del control del ingreso y egreso de personas de nuestro pa\u00eds; Museos Nacionales, que garantizan el acceso a la cultura y el cuidado del patrimonio cultural; Radio Nacional, que garantiza el derecho a la informaci\u00f3n; CONICET, el principal organismo dedicado a la promoci\u00f3n de la Ciencia y la Tecnolog\u00eda; entre muchos otros\u201d.<\/p>\n\n\n\n<p>En ese marco la Unicameral rechaz\u00f3 estas medidas por \u201cel impacto social y econ\u00f3mico que tendr\u00e1 en nuestra provincia, como por la vulneraci\u00f3n de derechos que implica el achicamiento estatal\u201d.  Votaron en contra los bloques del Frente C\u00edvico, Pro, Coalici\u00f3n C\u00edvica y la Libertad Avanza, mientras que la UCR se abstuvo.<\/p>\n\n\n\n<p>Aprobado el proyecto, Chamorro expres\u00f3: \u201cNuestra funci\u00f3n como defensores de un estado eficaz y eficiente, nos obliga a que visibilicemos lo que est\u00e1 pasando en C\u00f3rdoba tras el ajuste de Milei a las dependencias nacionales. Las consecuencias de la pol\u00edtica del actual gobierno en los organismos nacionales de la Provincia de C\u00f3rdoba son grav\u00edsimas y no podemos mirar para otro lado. Muchos servicios esenciales que brindan estas dependencias no pueden ser suplidos por un 0800 desde Buenos Aires o una p\u00e1gina web. Significa el restablecimiento del Estado Unitario y centralista contra el proyecto Federal del interior. Por todo eso es que consideramos fundamental que defendamos las instituciones que funcionan bien, revisemos c\u00f3mo mejorar el rol del Estado y garanticemos los servicios esenciales a los cordobeses\u201d.<\/p>\n\n\n\n<p>En el mismo sentido, el secretario General de ATE C\u00f3rdoba, Federico Giuliani, celebr\u00f3 la declaraci\u00f3n legislativa porque &#8220;este gobierno nacional tiene la decisi\u00f3n pol\u00edtica de retirar el Estado de los territorios federales, va a centralizar todo en el AMBA con una mirada bien porte\u00f1a y unitaria,&nbsp;va a despersonalizar la atenci\u00f3n de pol\u00edticas p\u00fablicas en los organismos porque resumen todo en llamar a un 0800 o un tr\u00e1mite v\u00eda web y con estos despidos comienza el vaciamiento del Estado, que son pol\u00edticas repetidas que fracasaron durante la dictadura, durante el menemismo y durante el macrismo.&nbsp;Se corre el Estado y se deja lugar al privado y claramente, los grupos econ\u00f3micos de poder real que sostienen este gobierno vienen a llev\u00e1rsela en pala&#8221;. &nbsp;<\/p>\n","protected":false},"excerpt":{"rendered":"<p>A trav\u00e9s de una iniciativa del legislador Mat\u00edas Chamorro, integrante del bloque Hacemos Unidos por C\u00f3rdoba, la Unicameral se manifest\u00f3 contra el cierre de organismos p\u00fablicos nacionales en C\u00f3rdoba. Se trata de un logro de ATE, que se reuni\u00f3 con distintos legisladores para explicar que el ajuste libertario, m\u00e1s all\u00e1 de la propagando medi\u00e1tica, tiene [&hellip;]<\/p>\n","protected":false},"author":7,"featured_media":42955,"comment_status":"open","ping_status":"open","sticky":false,"template":"","format":"standard","meta":{"_exactmetrics_skip_tracking":false,"_exactmetrics_sitenote_active":false,"_exactmetrics_sitenote_note":"","_exactmetrics_sitenote_category":0,"jnews-multi-image_gallery":[],"jnews_single_post":{"subtitle":"","format":"standard","video":"","gallery":"","source_name":"","source_url":"","via_name":"","via_url":"","override_template":"0","override":[{"template":"1","single_blog_custom":"","parallax":"1","fullscreen":"1","layout":"no-sidebar-narrow","sidebar":"default-sidebar","second_sidebar":"default-sidebar","sticky_sidebar":"1","share_position":"bottom","share_float_style":"share-monocrhome","show_share_counter":"1","show_view_counter":"1","show_featured":"0","show_post_meta":"1","show_post_author":"0","show_post_author_image":"1","show_post_date":"1","post_date_format":"default","post_date_format_custom":"Y\/m\/d","show_post_category":"1","show_post_reading_time":"0","post_reading_time_wpm":"300","show_zoom_button":"0","zoom_button_out_step":"2","zoom_button_in_step":"3","show_post_tag":"1","show_prev_next_post":"0","show_popup_post":"0","number_popup_post":"1","show_author_box":"0","show_post_related":"1","show_inline_post_related":"0"}],"override_image_size":"0","image_override":[{"single_post_thumbnail_size":"crop-500","single_post_gallery_size":"crop-500"}],"trending_post":"0","trending_post_position":"meta","trending_post_label":"Trending","sponsored_post":"0","sponsored_post_label":"Sponsored by","sponsored_post_name":"","sponsored_post_url":"","sponsored_post_logo_enable":"0","sponsored_post_logo":"","sponsored_post_desc":"","disable_ad":"0"},"jnews_primary_category":{"id":"","hide":""},"jnews_social_meta":{"fb_title":"","fb_description":"","fb_image":"","twitter_title":"","twitter_description":"","twitter_image":""},"jnews_review":[],"enable_review":"0","type":"percentage","name":"","summary":"","brand":"","sku":"","good":[{"good_text":""}],"bad":[{"bad_text":""}],"score_override":"","override_value":"","rating":[{"rating_text":"","rating_number":"10"}],"price":[{"shop":"","price":"","link":"","icon":""}],"jnews_override_counter":{"override_view_counter":"0","view_counter_number":"0","override_share_counter":"0","share_counter_number":"0","override_like_counter":"0","like_counter_number":"0","override_dislike_counter":"0","dislike_counter_number":"0"},"jnews_post_split":{"enable_post_split":"0","post_split":[{"template":"1","tag":"h2","numbering":"asc","mode":"normal","first":"0","enable_toc":"0","toc_type":"normal"}]},"footnotes":""},"categories":[10],"tags":[],"class_list":["post-42952","post","type-post","status-publish","format-standard","has-post-thumbnail","hentry","category-accion-politica"],"jetpack_featured_media_url":"https:\/\/atecordoba.org\/wp-content\/uploads\/2024\/04\/legilatura.jpg","_links":{"self":[{"href":"https:\/\/atecordoba.org\/index.php?rest_route=\/wp\/v2\/posts\/42952","targetHints":{"allow":["GET"]}}],"collection":[{"href":"https:\/\/atecordoba.org\/index.php?rest_route=\/wp\/v2\/posts"}],"about":[{"href":"https:\/\/atecordoba.org\/index.php?rest_route=\/wp\/v2\/types\/post"}],"author":[{"embeddable":true,"href":"https:\/\/atecordoba.org\/index.php?rest_route=\/wp\/v2\/users\/7"}],"replies":[{"embeddable":true,"href":"https:\/\/atecordoba.org\/index.php?rest_route=%2Fwp%2Fv2%2Fcomments&post=42952"}],"version-history":[{"count":2,"href":"https:\/\/atecordoba.org\/index.php?rest_route=\/wp\/v2\/posts\/42952\/revisions"}],"predecessor-version":[{"id":42967,"href":"https:\/\/atecordoba.org\/index.php?rest_route=\/wp\/v2\/posts\/42952\/revisions\/42967"}],"wp:featuredmedia":[{"embeddable":true,"href":"https:\/\/atecordoba.org\/index.php?rest_route=\/wp\/v2\/media\/42955"}],"wp:attachment":[{"href":"https:\/\/atecordoba.org\/index.php?rest_route=%2Fwp%2Fv2%2Fmedia&parent=42952"}],"wp:term":[{"taxonomy":"category","embeddable":true,"href":"https:\/\/atecordoba.org\/index.php?rest_route=%2Fwp%2Fv2%2Fcategories&post=42952"},{"taxonomy":"post_tag","embeddable":true,"href":"https:\/\/atecordoba.org\/index.php?rest_route=%2Fwp%2Fv2%2Ftags&post=42952"}],"curies":[{"name":"wp","href":"https:\/\/api.w.org\/{rel}","templated":true}]}}