{"id":4291,"date":"2014-07-16T21:27:01","date_gmt":"2014-07-17T00:27:01","guid":{"rendered":"http:\/\/www.atecordoba.org\/?p=4291"},"modified":"2014-07-16T21:27:01","modified_gmt":"2014-07-17T00:27:01","slug":"rio-tercero-inauguro-su-sede-totalmente-remodelada","status":"publish","type":"post","link":"https:\/\/atecordoba.org\/?p=4291","title":{"rendered":"R\u00edo Tercero Inaugur\u00f3 su sede totalmente remodelada"},"content":{"rendered":"<p><em>Con gran acompa\u00f1amiento de compa\u00f1eros de toda la provincia, y la del secretario General de Consejo Directivo Nacional, Julio Fuentes, la seccional inaugur\u00f3 formalmente la remodelaci\u00f3n de de la sede de ATE. &#8220;Somos un gremio humilde pero grande a la vez que sigue creciendo&#8221;, sintetiz\u00f3 el secretario General de R\u00edo Tercero, Cristian Colman.<\/em><\/p>\n<figure id=\"attachment_4292\" aria-describedby=\"caption-attachment-4292\" style=\"width: 640px\" class=\"wp-caption aligncenter\"><a href=\"http:\/\/www.atecordoba.org\/wp-content\/uploads\/2014\/07\/IMG_6557.jpg\"><img loading=\"lazy\" decoding=\"async\" class=\"size-full wp-image-4292\" alt=\"IMG_6557\" src=\"http:\/\/www.atecordoba.org\/wp-content\/uploads\/2014\/07\/IMG_6557.jpg\" width=\"640\" height=\"480\" \/><\/a><figcaption id=\"caption-attachment-4292\" class=\"wp-caption-text\">H\u00e9ctor Cirio, Walter Secondino, Julio Fuentes, Cristian Colman, Mar\u00eda Teresa Romero, Mar\u00eda Liliana Salerno y Oscar Cacho Mengarelli<\/figcaption><\/figure>\n<p>En un acto realizado ayer, la seccional R\u00edo Tercero de nuestra ATE present\u00f3 su sede renovada, con una obra que no se recordaba en la \u00faltimas tres d\u00e9cadas, tal como coment\u00f3 con el pecho lleno de orgullo el secretario General Cristian Colman. En la oportunidad, estuvieron presentes el secretario General del CDN, Julio Fuentes, la secretaria General del Consejo Directivo Provincial, Mar\u00eda Teresa Romero, y el secretario General de la seccional Villa Mar\u00eda, Walter Secondino.\u00a0<a href=\"http:\/\/www.atecordoba.org\/wp-content\/uploads\/2014\/07\/IMG_6504.jpg\"><img loading=\"lazy\" decoding=\"async\" class=\" wp-image-4293 alignright\" alt=\"IMG_6504\" src=\"http:\/\/www.atecordoba.org\/wp-content\/uploads\/2014\/07\/IMG_6504.jpg\" width=\"384\" height=\"288\" \/><\/a><\/p>\n<p>La obra consisti\u00f3 en una inversi\u00f3n de alrededor de 400 mil pesos,financiada por el CDN, y ya totalmente pagada. Se trata de la remodelaci\u00f3n del local para adaptarlo a las normas vigentes en la ciudad. El preceso comenz\u00f3 en abril del a\u00f1o pasado y consisti\u00f3 en la refracci\u00f3n del hall de ingreso, la construcci\u00f3n de una nueva escalera interna m{as amplia que la anterior,el cambio de de pisos y su cobertura con porcelanato, la refacci\u00f3n del sal\u00f3n de fiestas, construcci\u00f3n de un ba\u00f1o para discapacitados y la remodelaci\u00f3n de los otros dos ya existentes, la instalaci\u00f3n en planta baja de ventanas y marcos de puertas de alunimio en la planta baja, la refacci\u00f3n de la sala de reuniones, del mobiliario de la cocina, entre otros medidas que tom\u00f3 la conducci\u00f3n de la seccional. Adem\u00e1s, se pint\u00f3 todo el edificio.<\/p>\n<p>La inversi\u00f3n incluy\u00f3 la compra de computadores, una televisi\u00f3n de 32&#8243; y 100 sillas para el sal\u00f3n de fiestas, que se suman a otras 24 donadas por el CDP para la sala de reuniones de la CD.<\/p>\n<p>&#8220;Creemos que es una obra muy importante para ATE y para la ciudad. Estamos satisfechos porque cumplimos con lo planificado en este segundo mandado, despu\u00e9s que en el anterior construy\u00e9ramos el quincho entre otras reformas que encaramos. Todo esto nos genera una felicidad tremenda porque, adem\u00e1s, demostramos que con esfuerzo, honestidad y transparencia podemos crecer y generar condiciones para que los afiliados se acerquen m\u00e1s todav\u00eda al gremio&#8221;, agreg\u00f3 Colman.<\/p>\n<p><a href=\"http:\/\/www.atecordoba.org\/wp-content\/uploads\/2014\/07\/IMG_6525.jpg\"><img loading=\"lazy\" decoding=\"async\" class=\" wp-image-4294 alignleft\" alt=\"IMG_6525\" src=\"http:\/\/www.atecordoba.org\/wp-content\/uploads\/2014\/07\/IMG_6525.jpg\" width=\"384\" height=\"288\" \/><\/a>Entre la delegaci\u00f3n del CDP presente se contaba a Oscar Mengarelli, Mar\u00eda Lilian Salerno, Luis Barcena, Alejandro Charra, Miriam Martino y Eduardo Pereyra. Tambi\u00e9n participaron el secretario General de CTA Capital, Francisco Pav\u00e1n, y su par de R\u00edo Tercero, H\u00e9ctor Cirio.\u00a0Desde Villa Mar\u00eda llegaron los compa\u00f1eros Mercado, Ponce, Mart\u00edn y Beto C\u00f3rdoba.<\/p>\n<p>Tambi\u00e9n participaron de los festejos representantes de la sociedad civil de la ciudad, como las autoridades del Banco Credicoop, de la Cooperativa de Obras y Servicios P\u00fablicos, as\u00ed como compa\u00f1eros de otros gremios que no se quisieron perder el acto: los dirigentes de Qu\u00edmicos y Petroqu\u00edmicos, de la UEPC y Suoem.<\/p>\n<p>Por \u00faltimo, fueron de la partida \u00a0el presidente de Centro de Jubilados de ATE R\u00edo Tercero, Omar Gaviglio, si vicepresidente Dima y el tesorero Pegoraro.<\/p>\n<p>Despu\u00e9s de corte de cinta, a la hora de los discurso se vivi\u00f3 un momento emotivo, cuando Mar\u00eda Teresa Romero entreg\u00f3 la medalla Germ\u00e1n Abdala al compa\u00f1ero Dami\u00e1n Albornoz, pro su compromiso militante.<\/p>\n<p>De esta forma, la secci\u00f3nal confirma el crecimiento de ATE en todo la provincia, sum\u00e1ndose as\u00ed a la obra de construcci\u00f3n de la sede del CDP en C\u00f3rdoba Capital.<\/p>\n<p>Para el futuro, los dirigentes de R\u00edo Tercero tienen en carpeta la creaci\u00f3n de una escuela de capacitaci\u00f3n y la construcci\u00f3n de un auditorio con capacidad para 100 personas, en un terrero anexo, proyecto que ya est\u00e1n evaluando en el CDN.<\/p>\n<p><a href=\"http:\/\/www.atecordoba.org\/wp-content\/uploads\/2014\/07\/IMG_6544.jpg\"><img loading=\"lazy\" decoding=\"async\" class=\"aligncenter size-full wp-image-4295\" alt=\"IMG_6544\" src=\"http:\/\/www.atecordoba.org\/wp-content\/uploads\/2014\/07\/IMG_6544.jpg\" width=\"640\" height=\"480\" \/><\/a><\/p>\n<p><a href=\"http:\/\/www.atecordoba.org\/wp-content\/uploads\/2014\/07\/IMG_6560.jpg\"><img loading=\"lazy\" decoding=\"async\" class=\"aligncenter size-full wp-image-4296\" alt=\"IMG_6560\" src=\"http:\/\/www.atecordoba.org\/wp-content\/uploads\/2014\/07\/IMG_6560.jpg\" width=\"640\" height=\"480\" \/><\/a><\/p>\n<p><a href=\"http:\/\/www.atecordoba.org\/wp-content\/uploads\/2014\/07\/IMG_6563.jpg\"><img loading=\"lazy\" decoding=\"async\" class=\"aligncenter size-full wp-image-4297\" alt=\"IMG_6563\" src=\"http:\/\/www.atecordoba.org\/wp-content\/uploads\/2014\/07\/IMG_6563.jpg\" width=\"640\" height=\"480\" \/><\/a><\/p>\n<p><a href=\"http:\/\/www.atecordoba.org\/wp-content\/uploads\/2014\/07\/IMG_6568.jpg\"><img loading=\"lazy\" decoding=\"async\" class=\"aligncenter size-full wp-image-4298\" alt=\"IMG_6568\" src=\"http:\/\/www.atecordoba.org\/wp-content\/uploads\/2014\/07\/IMG_6568.jpg\" width=\"640\" height=\"480\" \/><\/a><\/p>\n<p><a href=\"http:\/\/www.atecordoba.org\/wp-content\/uploads\/2014\/07\/IMG_6596.jpg\"><img loading=\"lazy\" decoding=\"async\" class=\"aligncenter size-full wp-image-4299\" alt=\"IMG_6596\" src=\"http:\/\/www.atecordoba.org\/wp-content\/uploads\/2014\/07\/IMG_6596.jpg\" width=\"640\" height=\"480\" \/><\/a><\/p>\n<p><a href=\"http:\/\/www.atecordoba.org\/wp-content\/uploads\/2014\/07\/IMG_6607.jpg\"><img loading=\"lazy\" decoding=\"async\" class=\"aligncenter size-full wp-image-4300\" alt=\"IMG_6607\" src=\"http:\/\/www.atecordoba.org\/wp-content\/uploads\/2014\/07\/IMG_6607.jpg\" width=\"640\" height=\"480\" \/><\/a><\/p>\n<p><a href=\"http:\/\/www.atecordoba.org\/wp-content\/uploads\/2014\/07\/IMG_6613.jpg\"><img loading=\"lazy\" decoding=\"async\" class=\"aligncenter size-full wp-image-4301\" alt=\"IMG_6613\" src=\"http:\/\/www.atecordoba.org\/wp-content\/uploads\/2014\/07\/IMG_6613.jpg\" width=\"640\" height=\"480\" \/><\/a><\/p>\n<p><a href=\"http:\/\/www.atecordoba.org\/wp-content\/uploads\/2014\/07\/IMG_6621.jpg\"><img loading=\"lazy\" decoding=\"async\" class=\"aligncenter size-full wp-image-4302\" alt=\"IMG_6621\" src=\"http:\/\/www.atecordoba.org\/wp-content\/uploads\/2014\/07\/IMG_6621.jpg\" width=\"640\" height=\"480\" \/><\/a><\/p>\n<p><a href=\"http:\/\/www.atecordoba.org\/wp-content\/uploads\/2014\/07\/IMG_6631.jpg\"><img loading=\"lazy\" decoding=\"async\" class=\"aligncenter size-full wp-image-4303\" alt=\"IMG_6631\" src=\"http:\/\/www.atecordoba.org\/wp-content\/uploads\/2014\/07\/IMG_6631.jpg\" width=\"640\" height=\"480\" \/><\/a><\/p>\n<p><a href=\"http:\/\/www.atecordoba.org\/wp-content\/uploads\/2014\/07\/IMG_6637.jpg\"><img loading=\"lazy\" decoding=\"async\" class=\"aligncenter size-full wp-image-4304\" alt=\"IMG_6637\" src=\"http:\/\/www.atecordoba.org\/wp-content\/uploads\/2014\/07\/IMG_6637.jpg\" width=\"640\" height=\"480\" \/><\/a><\/p>\n<p><a href=\"http:\/\/www.atecordoba.org\/wp-content\/uploads\/2014\/07\/IMG_6642.jpg\"><img loading=\"lazy\" decoding=\"async\" class=\"aligncenter size-full wp-image-4305\" alt=\"IMG_6642\" src=\"http:\/\/www.atecordoba.org\/wp-content\/uploads\/2014\/07\/IMG_6642.jpg\" width=\"640\" height=\"480\" \/><\/a><\/p>\n<p><a href=\"http:\/\/www.atecordoba.org\/wp-content\/uploads\/2014\/07\/IMG_6654.jpg\"><img loading=\"lazy\" decoding=\"async\" class=\"aligncenter size-full wp-image-4306\" alt=\"IMG_6654\" src=\"http:\/\/www.atecordoba.org\/wp-content\/uploads\/2014\/07\/IMG_6654.jpg\" width=\"640\" height=\"480\" \/><\/a><\/p>\n<p>&nbsp;<\/p>\n<p>&nbsp;<\/p>\n","protected":false},"excerpt":{"rendered":"<p>Con gran acompa\u00f1amiento de compa\u00f1eros de toda la provincia, y la del secretario General de Consejo Directivo Nacional, Julio Fuentes, la seccional inaugur\u00f3 formalmente la remodelaci\u00f3n de de la sede de ATE. &#8220;Somos un gremio humilde pero grande a la vez que sigue creciendo&#8221;, sintetiz\u00f3 el secretario General de R\u00edo Tercero, Cristian Colman. En un [&hellip;]<\/p>\n","protected":false},"author":1,"featured_media":19220,"comment_status":"open","ping_status":"open","sticky":false,"template":"","format":"standard","meta":{"_exactmetrics_skip_tracking":false,"_exactmetrics_sitenote_active":false,"_exactmetrics_sitenote_note":"","_exactmetrics_sitenote_category":0,"jnews-multi-image_gallery":[],"jnews_single_post":[],"jnews_primary_category":[],"jnews_social_meta":[],"jnews_review":[],"enable_review":"","type":"","name":"","summary":"","brand":"","sku":"","good":[],"bad":[],"score_override":"","override_value":"","rating":[],"price":[],"jnews_override_counter":[],"jnews_post_split":[],"footnotes":""},"categories":[13,34],"tags":[],"class_list":["post-4291","post","type-post","status-publish","format-standard","has-post-thumbnail","hentry","category-rio-tercero","category-seccionales"],"jetpack_featured_media_url":"https:\/\/atecordoba.org\/wp-content\/uploads\/2020\/05\/logo-nuevochico-e1561581322808.png","_links":{"self":[{"href":"https:\/\/atecordoba.org\/index.php?rest_route=\/wp\/v2\/posts\/4291","targetHints":{"allow":["GET"]}}],"collection":[{"href":"https:\/\/atecordoba.org\/index.php?rest_route=\/wp\/v2\/posts"}],"about":[{"href":"https:\/\/atecordoba.org\/index.php?rest_route=\/wp\/v2\/types\/post"}],"author":[{"embeddable":true,"href":"https:\/\/atecordoba.org\/index.php?rest_route=\/wp\/v2\/users\/1"}],"replies":[{"embeddable":true,"href":"https:\/\/atecordoba.org\/index.php?rest_route=%2Fwp%2Fv2%2Fcomments&post=4291"}],"version-history":[{"count":0,"href":"https:\/\/atecordoba.org\/index.php?rest_route=\/wp\/v2\/posts\/4291\/revisions"}],"wp:featuredmedia":[{"embeddable":true,"href":"https:\/\/atecordoba.org\/index.php?rest_route=\/wp\/v2\/media\/19220"}],"wp:attachment":[{"href":"https:\/\/atecordoba.org\/index.php?rest_route=%2Fwp%2Fv2%2Fmedia&parent=4291"}],"wp:term":[{"taxonomy":"category","embeddable":true,"href":"https:\/\/atecordoba.org\/index.php?rest_route=%2Fwp%2Fv2%2Fcategories&post=4291"},{"taxonomy":"post_tag","embeddable":true,"href":"https:\/\/atecordoba.org\/index.php?rest_route=%2Fwp%2Fv2%2Ftags&post=4291"}],"curies":[{"name":"wp","href":"https:\/\/api.w.org\/{rel}","templated":true}]}}