{"id":42888,"date":"2024-04-15T16:02:21","date_gmt":"2024-04-15T19:02:21","guid":{"rendered":"https:\/\/atecordoba.org\/?p=42888"},"modified":"2024-04-15T16:42:37","modified_gmt":"2024-04-15T19:42:37","slug":"despidos-en-andis-de-trabajadoras-con-24-y-18-anos-de-antiguedad-muestrean-el-rostro-mas-brutal-del-ajuste-de-milei","status":"publish","type":"post","link":"https:\/\/atecordoba.org\/?p=42888","title":{"rendered":"Despidos en ANDIS de trabajadoras con 24 y 18 a\u00f1os de antig\u00fcedad muestran el rostro m\u00e1s brutal del ajuste de Milei"},"content":{"rendered":"\n<figure class=\"wp-block-gallery has-nested-images columns-default is-cropped wp-block-gallery-1 is-layout-flex wp-block-gallery-is-layout-flex\">\n<figure class=\"wp-block-image size-large\"><img loading=\"lazy\" decoding=\"async\" width=\"576\" height=\"1024\" data-id=\"42890\" src=\"https:\/\/atecordoba.org\/wp-content\/uploads\/2024\/04\/IMG_20240411_113927505-576x1024.jpg\" alt=\"\" class=\"wp-image-42890\" srcset=\"https:\/\/atecordoba.org\/wp-content\/uploads\/2024\/04\/IMG_20240411_113927505-576x1024.jpg 576w, https:\/\/atecordoba.org\/wp-content\/uploads\/2024\/04\/IMG_20240411_113927505-169x300.jpg 169w, https:\/\/atecordoba.org\/wp-content\/uploads\/2024\/04\/IMG_20240411_113927505-768x1365.jpg 768w, https:\/\/atecordoba.org\/wp-content\/uploads\/2024\/04\/IMG_20240411_113927505-864x1536.jpg 864w, https:\/\/atecordoba.org\/wp-content\/uploads\/2024\/04\/IMG_20240411_113927505-1152x2048.jpg 1152w, https:\/\/atecordoba.org\/wp-content\/uploads\/2024\/04\/IMG_20240411_113927505-750x1333.jpg 750w, https:\/\/atecordoba.org\/wp-content\/uploads\/2024\/04\/IMG_20240411_113927505-1140x2027.jpg 1140w, https:\/\/atecordoba.org\/wp-content\/uploads\/2024\/04\/IMG_20240411_113927505-scaled.jpg 1440w\" sizes=\"auto, (max-width: 576px) 100vw, 576px\" \/><\/figure>\n\n\n\n<figure class=\"wp-block-image size-large\"><img loading=\"lazy\" decoding=\"async\" width=\"576\" height=\"1024\" data-id=\"42889\" src=\"https:\/\/atecordoba.org\/wp-content\/uploads\/2024\/04\/IMG_20240411_113835786-576x1024.jpg\" alt=\"\" class=\"wp-image-42889\" srcset=\"https:\/\/atecordoba.org\/wp-content\/uploads\/2024\/04\/IMG_20240411_113835786-576x1024.jpg 576w, https:\/\/atecordoba.org\/wp-content\/uploads\/2024\/04\/IMG_20240411_113835786-169x300.jpg 169w, https:\/\/atecordoba.org\/wp-content\/uploads\/2024\/04\/IMG_20240411_113835786-768x1365.jpg 768w, https:\/\/atecordoba.org\/wp-content\/uploads\/2024\/04\/IMG_20240411_113835786-864x1536.jpg 864w, https:\/\/atecordoba.org\/wp-content\/uploads\/2024\/04\/IMG_20240411_113835786-1152x2048.jpg 1152w, https:\/\/atecordoba.org\/wp-content\/uploads\/2024\/04\/IMG_20240411_113835786-750x1333.jpg 750w, https:\/\/atecordoba.org\/wp-content\/uploads\/2024\/04\/IMG_20240411_113835786-1140x2027.jpg 1140w, https:\/\/atecordoba.org\/wp-content\/uploads\/2024\/04\/IMG_20240411_113835786-scaled.jpg 1440w\" sizes=\"auto, (max-width: 576px) 100vw, 576px\" \/><\/figure>\n<\/figure>\n\n\n\n<p>Desde su creaci\u00f3n A la Agencia Nacional de Discapacidad (ANDIS) le toc\u00f3 lidiar con la falta de personal y los cambios de oficinas para atender una demanda siempre en crecimiento. Hasta el 27 de marzo pasado 11 compa\u00f1eras y compa\u00f1eros trabajaban en C\u00f3rdoba en el organismo cuya \u00faltima direcci\u00f3n es 9 de Julio 359 de C\u00f3rdoba Capital. <\/p>\n\n\n\n<p>Dos de esas compa\u00f1eras accedieron a contar su historia para que el sindicato difunda la realidad de los despidos de la era Milei: trabajadoras ultracapacitadas con much\u00edsima antig\u00fcedad, que convivi\u00f3 con situaciones de precarizaci\u00f3n y ahora ingres\u00f3 en un listado de Excel, perdiendo su puesto de trabajo en una medida que no afecta solo a 11 personas, sino a miles de otras con discapacidades que encontraban respuesta a su demanda y garantizaban sus derechos. <\/p>\n\n\n\n<p>De la misma forma, toda una red de v\u00ednculos institucionales y territoriales, construidos con municipios, organismos de la salud provincial, con el Poder Judicial, y con organizaciones sociales, distintas caras de c\u00f3mo se canaliza la demanda, quedar\u00e1n sin respuesta. &#8220;Sin duda, cuatro personas no pueden atender todo ese trabajo&#8221;,  explicas Cristina Roggero, mam\u00e1 de dos hijas, cabeza de familia y trabajadora en el \u00e1rea de discapacidad hace 24 a\u00f1os. <\/p>\n\n\n<div class=\"wp-block-image\">\n<figure class=\"aligncenter size-large is-resized\"><img loading=\"lazy\" decoding=\"async\" src=\"https:\/\/atecordoba.org\/wp-content\/uploads\/2024\/04\/IMG_20240411_123952908-1024x576.jpg\" alt=\"\" class=\"wp-image-42891\" width=\"768\" height=\"432\" srcset=\"https:\/\/atecordoba.org\/wp-content\/uploads\/2024\/04\/IMG_20240411_123952908-1024x576.jpg 1024w, https:\/\/atecordoba.org\/wp-content\/uploads\/2024\/04\/IMG_20240411_123952908-300x169.jpg 300w, https:\/\/atecordoba.org\/wp-content\/uploads\/2024\/04\/IMG_20240411_123952908-768x432.jpg 768w, https:\/\/atecordoba.org\/wp-content\/uploads\/2024\/04\/IMG_20240411_123952908-1536x864.jpg 1536w, https:\/\/atecordoba.org\/wp-content\/uploads\/2024\/04\/IMG_20240411_123952908-2048x1153.jpg 2048w, https:\/\/atecordoba.org\/wp-content\/uploads\/2024\/04\/IMG_20240411_123952908-750x422.jpg 750w, https:\/\/atecordoba.org\/wp-content\/uploads\/2024\/04\/IMG_20240411_123952908-1140x642.jpg 1140w\" sizes=\"auto, (max-width: 768px) 100vw, 768px\" \/><\/figure>\n<\/div>\n\n\n<p>&#8220;Soy trabajadora social, capacitada, formada y especializada para trabajar en discapacidad, desarrollando tareas de manera permanente en el sector de pensiones no contributivas. En su momento, interviniendo en el proceso de otorgamiento de pensiones por invalidez, madres de siete hijos, vejez, siempre a sectores m\u00e1s vulnerables porque la pensi\u00f3n siempre est\u00e1 destinada a situaciones espec\u00edficas y pobreza&#8221;, cuenta Cristina.<\/p>\n\n\n\n<p>Siempre trabajando con profesionales del \u00e1rea en interacci\u00f3n con otras instituciones, en base a una red de v\u00ednculos muy ampl\u00eda en C\u00f3rdoba. &#8220;Los \u00faltimos a\u00f1os bajamos mucho al territorio con operativos interministeriales muy importantes, en mi caso en los departamentos Santa Mar\u00eda y Calamuchita, realizando salidas semanales, mientras se llevaba a cabo la atenci\u00f3n personalizada en C\u00f3rdoba Capital el resto de la semana&#8221;, cuanta Roggero.<\/p>\n\n\n<div class=\"wp-block-image\">\n<figure class=\"alignleft size-large is-resized\"><img loading=\"lazy\" decoding=\"async\" src=\"https:\/\/atecordoba.org\/wp-content\/uploads\/2024\/04\/IMG_20240411_113947927-576x1024.jpg\" alt=\"\" class=\"wp-image-42892\" width=\"432\" height=\"768\" srcset=\"https:\/\/atecordoba.org\/wp-content\/uploads\/2024\/04\/IMG_20240411_113947927-576x1024.jpg 576w, https:\/\/atecordoba.org\/wp-content\/uploads\/2024\/04\/IMG_20240411_113947927-169x300.jpg 169w, https:\/\/atecordoba.org\/wp-content\/uploads\/2024\/04\/IMG_20240411_113947927-768x1365.jpg 768w, https:\/\/atecordoba.org\/wp-content\/uploads\/2024\/04\/IMG_20240411_113947927-864x1536.jpg 864w, https:\/\/atecordoba.org\/wp-content\/uploads\/2024\/04\/IMG_20240411_113947927-1152x2048.jpg 1152w, https:\/\/atecordoba.org\/wp-content\/uploads\/2024\/04\/IMG_20240411_113947927-750x1333.jpg 750w, https:\/\/atecordoba.org\/wp-content\/uploads\/2024\/04\/IMG_20240411_113947927-1140x2027.jpg 1140w, https:\/\/atecordoba.org\/wp-content\/uploads\/2024\/04\/IMG_20240411_113947927-scaled.jpg 1440w\" sizes=\"auto, (max-width: 432px) 100vw, 432px\" \/><\/figure>\n<\/div>\n\n\n<p>Otro caso es el de Marina C\u00f3rdoba, con 18 a\u00f1os de antig\u00fcedad, dos hijos y t\u00edtulo de trabajadora social tambi\u00e9n. &#8220;El 27 de marzo, por medio de un notificaci\u00f3n difundieron un listado de 163 personas despedidas, donde estaba yo. Sin motivo, sin causa, de manera arbitraria qued\u00e9 fuera de ANDIS&#8221;, cuenta Marina, que recay\u00f3 en C\u00f3rdoba desde su Fr\u00edas natal, en Santiago del Estero, cuando vino a estudiar a la universidad y se qued\u00f3 a hacer su vida en la capital provincial.<\/p>\n\n\n\n<p>&#8220;Como Cristina, me especialic\u00e9 en discapacidad. Quiz\u00e1s tambi\u00e9n atraviesa por mi historia personal, ya que un hermano con par\u00e1lisis cerebral que deriv\u00f3 en una hemiplejia&#8221;, confiesa. <\/p>\n\n\n\n<p>Y aclara, muy sensibilizada por la situaci\u00f3n que le toca vivir junto a su compa\u00f1era en al actualidad, que siempre trabaj\u00f3 &#8220;brinda servicio de atenci\u00f3n y asesoramiento para el inicio de tr\u00e1mites de pensiones, para derivar institucionalmente o por medio de los conocimientos que fuimos adquiriendo sobre qu\u00e9 hacer para garantizar el derecho que tienen las personas con discapacidades. Siempre tratando de dar una respuesta a la demanda que llega a la oficina&#8221;.<\/p>\n\n\n\n<p>Marina se capacit\u00f3 por su propio inter\u00e9s, sin que el organismo la instruyera, en lenguaje de se\u00f1as, como acompa\u00f1ante terap\u00e9utico y con una especializaci\u00f3n en salud mental. &#8220;Me form\u00e9 para dar respuestas a las personas que reclaman respuestas en este espacio del Estado. Aunque es bueno que se sepa que la herramienta b\u00e1sica que tenemos es saber empatizar, entender la complejidad que vive gente que no solo sufre una discapacidad sino que adem\u00e1s es pobre y tiene que solicitar que el Estado la ayuda y acompa\u00f1e&#8221;, relata. <\/p>\n\n\n\n<p>Ambas son una viva expresi\u00f3n del esfuerzo que hacen las trabajadoras del Estado en su compromiso con la comunidad. <\/p>\n\n\n\n<p>&#8220;No es un trabajo para cualquiera -cuenta Cristina- ten\u00e9s que estar fuerte y entender que no es una \u00fanica situaci\u00f3n, ac\u00e1 se re\u00fane la invalidez con la pobreza, violencia de g\u00e9nero para las mujeres, hambre en el caso de las y los ni\u00f1os, es abandono para los viejos. Todas estas situaciones que se cruzan te obligan a estar en un estado emocional muy fuerte cuando se hacen las entrevistas y una calidad humana para poder atender con ternura, con paciencia y con eficiencia para alcanzar la soluci\u00f3n que el ciudadano est\u00e1 buscando&#8221;. <\/p>\n\n\n\n<p>&#8220;Hay que ser consciente que ese se\u00f1or que junto peso a peso para tomar el colectivo se tiene que ir de ANDIS con una respuesta, con algo resuelto&#8221;, agrega Marina.<\/p>\n\n\n\n<p>Ambas se encuentran desocupadas, pero ocupadas en recuperar su puesto de trabajo. Saben que la salida es colectiva y, si bien el golpe que duro de asimilar, sienten el apoyo del grupo de compa\u00f1eras de la oficina donde trabajaron tantos a\u00f1os y son conscientes que el sindicato es la v\u00eda para recuperar sus puestos de trabajo, frente a un gobierno que no entiende de di\u00e1logo ni empat\u00eda. <\/p>\n\n\n<div class=\"wp-block-image\">\n<figure class=\"aligncenter size-large is-resized\"><img loading=\"lazy\" decoding=\"async\" src=\"https:\/\/atecordoba.org\/wp-content\/uploads\/2024\/04\/IMG_20240411_124021381-1024x576.jpg\" alt=\"\" class=\"wp-image-42893\" width=\"768\" height=\"432\" srcset=\"https:\/\/atecordoba.org\/wp-content\/uploads\/2024\/04\/IMG_20240411_124021381-1024x576.jpg 1024w, https:\/\/atecordoba.org\/wp-content\/uploads\/2024\/04\/IMG_20240411_124021381-300x169.jpg 300w, https:\/\/atecordoba.org\/wp-content\/uploads\/2024\/04\/IMG_20240411_124021381-768x432.jpg 768w, https:\/\/atecordoba.org\/wp-content\/uploads\/2024\/04\/IMG_20240411_124021381-1536x864.jpg 1536w, https:\/\/atecordoba.org\/wp-content\/uploads\/2024\/04\/IMG_20240411_124021381-2048x1153.jpg 2048w, https:\/\/atecordoba.org\/wp-content\/uploads\/2024\/04\/IMG_20240411_124021381-750x422.jpg 750w, https:\/\/atecordoba.org\/wp-content\/uploads\/2024\/04\/IMG_20240411_124021381-1140x642.jpg 1140w\" sizes=\"auto, (max-width: 768px) 100vw, 768px\" \/><\/figure>\n<\/div>\n\n\n<p><strong>Otros casos<\/strong><\/p>\n\n\n\n<p>Sus casos son los de muchos otros que las <a href=\"https:\/\/www.instagram.com\/stories\/highlights\/18080723110413443\/\">redes sociales de ATE<\/a> vienen difundiendo para darle rostro humano al ajuste, para iluminar sus caras de gente buena, que enfrenta con dignidad la desgracia de sufrir un gobierno neofascista que tiene por religi\u00f3n el ajuste permanente. <\/p>\n\n\n<div class=\"wp-block-image\">\n<figure class=\"alignright size-full\"><img loading=\"lazy\" decoding=\"async\" width=\"251\" height=\"293\" src=\"https:\/\/atecordoba.org\/wp-content\/uploads\/2024\/04\/macarena.jpg\" alt=\"\" class=\"wp-image-42894\" \/><\/figure>\n<\/div>\n\n\n<p>As\u00ed se conocieron las vivencias de Macarena Presti, de la Biblioteca Nacional Mariano Moreno, que tuvo a cargo la sede Juan Filloy en C\u00f3rdoba, dentro del \u00e1rea cultural de la Biblioteca C\u00f3rdoba, y en septiembre tom\u00f3 la biblioteca del Correo Argentino, ocup\u00e1ndose de los procesos t\u00e9cnicos y la atenci\u00f3n al p\u00fablico. El 27 de marzo fue despedida notificada por medio de un mail. &#8220;Soy mam\u00e1 de tres hijas y mi sueldo es la fuente de ingreso mayor en mi hogar.  Despu\u00e9s de 13 a\u00f1os termino siendo despedida. Espero que esta situaci\u00f3n se revierta&#8221;, dice Presti.<\/p>\n\n\n\n<p>Otro caso es el Ver\u00f3nica Soto, de Agricultura Familiar: &#8220;soy madre y jefa de hogar y forma parte del grupo de 24 compa\u00f1eros y compa\u00f1eras con muchos a\u00f1os de antig\u00fcedad, algunas como yo casi 20, que fuimos despedidas sin causa y de manera arbitraria y agresiva. Nuestro trabajo es en los territorios, en mi caso estoy en Punilla centro y norte, acompa\u00f1ando a campesinos y pueblos originarios en la producci\u00f3n de alimentos sanos, que son los que llegan a la mesa de las y los argentinos&#8221;. <\/p>\n\n\n\n<p>En la misma l\u00ednea, Mariano Silberman de ENACOM, o Leticia Aparicio, medica veterinaria del Programa Social Agropecuario y luego de Agricultura Familiar.<\/p>\n\n\n\n<p>Todos casos de trabajadores y trabajadoras comprometidos con sus labores, despedidos sin acusa ni preaviso, y convencidos que el Estado debe tener un rol central en el desarrollo de la patria.<\/p>\n\n\n\n<p>Su caras, sus testimonios dan cuenta del rostro humano detr\u00e1s de cada iron\u00eda del vocero presidencial, de cada exabrupto de Javier Milei. <\/p>\n\n\n\n<p> <\/p>\n\n\n\n<p><\/p>\n","protected":false},"excerpt":{"rendered":"<p>Desde su creaci\u00f3n A la Agencia Nacional de Discapacidad (ANDIS) le toc\u00f3 lidiar con la falta de personal y los cambios de oficinas para atender una demanda siempre en crecimiento. Hasta el 27 de marzo pasado 11 compa\u00f1eras y compa\u00f1eros trabajaban en C\u00f3rdoba en el organismo cuya \u00faltima direcci\u00f3n es 9 de Julio 359 de [&hellip;]<\/p>\n","protected":false},"author":7,"featured_media":42895,"comment_status":"open","ping_status":"open","sticky":false,"template":"","format":"standard","meta":{"_exactmetrics_skip_tracking":false,"_exactmetrics_sitenote_active":false,"_exactmetrics_sitenote_note":"","_exactmetrics_sitenote_category":0,"jnews-multi-image_gallery":[],"jnews_single_post":{"subtitle":"Dos compa\u00f1eras cuentan su historia para que el sindicato difunda la realidad de los despidos de la era Milei: trabajadoras ultracapacitadas con much\u00edsima antig\u00fcedad, que convivi\u00f3 con situaciones de precarizaci\u00f3n y ahora ingres\u00f3 en un listado de Excel, perdiendo su puesto de trabajo en una medida que no afecta solo a 11 personas, sino a miles de otras con discapacidades que encontraban respuesta a su demanda y garantizaban sus derechos. ","format":"standard","video":"","gallery":"","source_name":"","source_url":"","via_name":"","via_url":"","override_template":"0","override":[{"template":"1","single_blog_custom":"","parallax":"1","fullscreen":"1","layout":"no-sidebar-narrow","sidebar":"default-sidebar","second_sidebar":"default-sidebar","sticky_sidebar":"1","share_position":"bottom","share_float_style":"share-monocrhome","show_share_counter":"1","show_view_counter":"1","show_featured":"0","show_post_meta":"1","show_post_author":"0","show_post_author_image":"1","show_post_date":"1","post_date_format":"default","post_date_format_custom":"Y\/m\/d","show_post_category":"1","show_post_reading_time":"0","post_reading_time_wpm":"300","show_zoom_button":"0","zoom_button_out_step":"2","zoom_button_in_step":"3","show_post_tag":"1","show_prev_next_post":"0","show_popup_post":"0","number_popup_post":"1","show_author_box":"0","show_post_related":"1","show_inline_post_related":"0"}],"override_image_size":"0","image_override":[{"single_post_thumbnail_size":"crop-500","single_post_gallery_size":"crop-500"}],"trending_post":"0","trending_post_position":"meta","trending_post_label":"Trending","sponsored_post":"0","sponsored_post_label":"Sponsored by","sponsored_post_name":"","sponsored_post_url":"","sponsored_post_logo_enable":"0","sponsored_post_logo":"","sponsored_post_desc":"","disable_ad":"0"},"jnews_primary_category":{"id":"","hide":""},"jnews_social_meta":{"fb_title":"","fb_description":"","fb_image":"","twitter_title":"","twitter_description":"","twitter_image":""},"jnews_review":[],"enable_review":"0","type":"percentage","name":"","summary":"","brand":"","sku":"","good":[{"good_text":""}],"bad":[{"bad_text":""}],"score_override":"","override_value":"","rating":[{"rating_text":"","rating_number":"10"}],"price":[{"shop":"","price":"","link":"","icon":""}],"jnews_override_counter":{"override_view_counter":"0","view_counter_number":"0","override_share_counter":"0","share_counter_number":"0","override_like_counter":"0","like_counter_number":"0","override_dislike_counter":"0","dislike_counter_number":"0"},"jnews_post_split":{"enable_post_split":"0","post_split":[{"template":"1","tag":"h2","numbering":"asc","mode":"normal","first":"0","enable_toc":"0","toc_type":"normal"}]},"footnotes":""},"categories":[18],"tags":[],"class_list":["post-42888","post","type-post","status-publish","format-standard","has-post-thumbnail","hentry","category-nacionales"],"jetpack_featured_media_url":"https:\/\/atecordoba.org\/wp-content\/uploads\/2024\/04\/IMG_20240411_113947927-1-e1713207735424.jpg","_links":{"self":[{"href":"https:\/\/atecordoba.org\/index.php?rest_route=\/wp\/v2\/posts\/42888","targetHints":{"allow":["GET"]}}],"collection":[{"href":"https:\/\/atecordoba.org\/index.php?rest_route=\/wp\/v2\/posts"}],"about":[{"href":"https:\/\/atecordoba.org\/index.php?rest_route=\/wp\/v2\/types\/post"}],"author":[{"embeddable":true,"href":"https:\/\/atecordoba.org\/index.php?rest_route=\/wp\/v2\/users\/7"}],"replies":[{"embeddable":true,"href":"https:\/\/atecordoba.org\/index.php?rest_route=%2Fwp%2Fv2%2Fcomments&post=42888"}],"version-history":[{"count":3,"href":"https:\/\/atecordoba.org\/index.php?rest_route=\/wp\/v2\/posts\/42888\/revisions"}],"predecessor-version":[{"id":42900,"href":"https:\/\/atecordoba.org\/index.php?rest_route=\/wp\/v2\/posts\/42888\/revisions\/42900"}],"wp:featuredmedia":[{"embeddable":true,"href":"https:\/\/atecordoba.org\/index.php?rest_route=\/wp\/v2\/media\/42895"}],"wp:attachment":[{"href":"https:\/\/atecordoba.org\/index.php?rest_route=%2Fwp%2Fv2%2Fmedia&parent=42888"}],"wp:term":[{"taxonomy":"category","embeddable":true,"href":"https:\/\/atecordoba.org\/index.php?rest_route=%2Fwp%2Fv2%2Fcategories&post=42888"},{"taxonomy":"post_tag","embeddable":true,"href":"https:\/\/atecordoba.org\/index.php?rest_route=%2Fwp%2Fv2%2Ftags&post=42888"}],"curies":[{"name":"wp","href":"https:\/\/api.w.org\/{rel}","templated":true}]}}