{"id":42884,"date":"2024-04-15T13:56:42","date_gmt":"2024-04-15T16:56:42","guid":{"rendered":"https:\/\/atecordoba.org\/?p=42884"},"modified":"2024-04-15T13:57:24","modified_gmt":"2024-04-15T16:57:24","slug":"plenario-provincial-de-ocupadxs-y-desocupadxs-asambleas-populares-estudiantes-y-la-cultura","status":"publish","type":"post","link":"https:\/\/atecordoba.org\/?p=42884","title":{"rendered":"Plenario Provincial de ocupadxs y desocupadxs, asambleas populares, estudiantes y la cultura"},"content":{"rendered":"<div class=\"wp-block-image\">\n<figure class=\"aligncenter size-large is-resized\"><img loading=\"lazy\" decoding=\"async\" src=\"https:\/\/atecordoba.org\/wp-content\/uploads\/2024\/04\/flyer-ate-plenario-18-4-819x1024.jpg\" alt=\"\" class=\"wp-image-42885\" width=\"614\" height=\"768\" srcset=\"https:\/\/atecordoba.org\/wp-content\/uploads\/2024\/04\/flyer-ate-plenario-18-4-819x1024.jpg 819w, https:\/\/atecordoba.org\/wp-content\/uploads\/2024\/04\/flyer-ate-plenario-18-4-240x300.jpg 240w, https:\/\/atecordoba.org\/wp-content\/uploads\/2024\/04\/flyer-ate-plenario-18-4-768x960.jpg 768w, https:\/\/atecordoba.org\/wp-content\/uploads\/2024\/04\/flyer-ate-plenario-18-4-750x938.jpg 750w, https:\/\/atecordoba.org\/wp-content\/uploads\/2024\/04\/flyer-ate-plenario-18-4.jpg 1080w\" sizes=\"auto, (max-width: 614px) 100vw, 614px\" \/><\/figure>\n<\/div>\n\n\n<p>Organizaciones sindicales, asambleas ambientales y culturales, estudiantes en lucha por la educaci\u00f3n p\u00fablica, organizaciones sociales y piqueteras nos convocamos a un Plenario Provincial de Trabajadoras y Trabajadores, para comenzar a construir una respuesta desde las organizaciones libres del pueblo al ajuste criminal del Gobierno que Javier Milei.<\/p>\n\n\n\n<p>Por no somos &#8216;la casta&#8217; sino parte del pueblo organizado, nos convocamos y hacemos extensiva la invitaci\u00f3n a todas las instancias dispuestas a encarar una salida en unidad, colectiva, sin sectarismos ni personalismos, con el objetivo de construir un Paro General Activo y un Plan de Lucha, para derrotar la Motosierra de Milei y sus c\u00f3mplices. <\/p>\n\n\n\n<p>La convocatoria es este jueves 18 de abril, a las 18 horas, en Plaza San Mart\u00edn de C\u00f3rdoba Capital, bajo la consigna &#8220;basta de despidos, por aumento salarial, no a los tarifazos&#8221; y &#8220;abajo el protocolo represivo de Bullrich, no a la criminalizaci\u00f3n de la protesta&#8221;. <\/p>\n\n\n\n<p>ATE llevar\u00e1 la agenda de lucha de las y los estatales, exigiendo fin del ajuste en el Estado, reincorporaci\u00f3n de las y los despedidos, abajo el DNU, porque en El Estado no sobra nadie.  <\/p>\n\n\n\n<p>Convocan al encuentro UEPC Capital, ATE, CTA Aut\u00f3noma, Qu\u00edmicos de R\u00edo Tercero (SPIQYP), Sindicato Neum\u00e1tico (SUTNA), Sindicato de Municipales de Jes\u00fas Mar\u00eda (SITRAM), Polo Obrero, Federaci\u00f3n Nacional Territorial (FeNAT-CTAA), MTR 12 de Abril, La Marta Ju\u00e1rez.  <\/p>\n","protected":false},"excerpt":{"rendered":"<p>Organizaciones sindicales, asambleas ambientales y culturales, estudiantes en lucha por la educaci\u00f3n p\u00fablica, organizaciones sociales y piqueteras nos convocamos a un Plenario Provincial de Trabajadoras y Trabajadores, para comenzar a construir una respuesta desde las organizaciones libres del pueblo al ajuste criminal del Gobierno que Javier Milei. Por no somos &#8216;la casta&#8217; sino parte del [&hellip;]<\/p>\n","protected":false},"author":7,"featured_media":42886,"comment_status":"open","ping_status":"open","sticky":false,"template":"","format":"standard","meta":{"_exactmetrics_skip_tracking":false,"_exactmetrics_sitenote_active":false,"_exactmetrics_sitenote_note":"","_exactmetrics_sitenote_category":0,"jnews-multi-image_gallery":[],"jnews_single_post":{"subtitle":"Por no somos 'la casta' sino parte del pueblo organizado, nos convocamos y hacemos extensiva la invitaci\u00f3n a todas las instancias dispuestas a encarar una salida en unidad, colectiva, sin sectarismos ni personalismos, con el objetivo de construir un Paro General Activo y un Plan de Lucha, para derrotar la Motosierra de Milei y sus c\u00f3mplices. ","format":"standard","video":"","gallery":"","source_name":"","source_url":"","via_name":"","via_url":"","override_template":"0","override":[{"template":"1","single_blog_custom":"","parallax":"1","fullscreen":"1","layout":"no-sidebar-narrow","sidebar":"default-sidebar","second_sidebar":"default-sidebar","sticky_sidebar":"1","share_position":"bottom","share_float_style":"share-monocrhome","show_share_counter":"1","show_view_counter":"1","show_featured":"0","show_post_meta":"1","show_post_author":"0","show_post_author_image":"1","show_post_date":"1","post_date_format":"default","post_date_format_custom":"Y\/m\/d","show_post_category":"1","show_post_reading_time":"0","post_reading_time_wpm":"300","show_zoom_button":"0","zoom_button_out_step":"2","zoom_button_in_step":"3","show_post_tag":"1","show_prev_next_post":"0","show_popup_post":"0","number_popup_post":"1","show_author_box":"0","show_post_related":"1","show_inline_post_related":"0"}],"override_image_size":"0","image_override":[{"single_post_thumbnail_size":"crop-500","single_post_gallery_size":"crop-500"}],"trending_post":"0","trending_post_position":"meta","trending_post_label":"Trending","sponsored_post":"0","sponsored_post_label":"Sponsored by","sponsored_post_name":"","sponsored_post_url":"","sponsored_post_logo_enable":"0","sponsored_post_logo":"","sponsored_post_desc":"","disable_ad":"0"},"jnews_primary_category":{"id":"","hide":""},"jnews_social_meta":{"fb_title":"","fb_description":"","fb_image":"","twitter_title":"","twitter_description":"","twitter_image":""},"jnews_review":[],"enable_review":"0","type":"percentage","name":"","summary":"","brand":"","sku":"","good":[{"good_text":""}],"bad":[{"bad_text":""}],"score_override":"","override_value":"","rating":[{"rating_text":"","rating_number":"10"}],"price":[{"shop":"","price":"","link":"","icon":""}],"jnews_override_counter":{"override_view_counter":"0","view_counter_number":"0","override_share_counter":"0","share_counter_number":"0","override_like_counter":"0","like_counter_number":"0","override_dislike_counter":"0","dislike_counter_number":"0"},"jnews_post_split":{"enable_post_split":"0","post_split":[{"template":"1","tag":"h2","numbering":"asc","mode":"normal","first":"0","enable_toc":"0","toc_type":"normal"}]},"footnotes":""},"categories":[10],"tags":[],"class_list":["post-42884","post","type-post","status-publish","format-standard","has-post-thumbnail","hentry","category-accion-politica"],"jetpack_featured_media_url":"https:\/\/atecordoba.org\/wp-content\/uploads\/2024\/04\/flyer-ate-plenario-18-4portada.jpg","_links":{"self":[{"href":"https:\/\/atecordoba.org\/index.php?rest_route=\/wp\/v2\/posts\/42884","targetHints":{"allow":["GET"]}}],"collection":[{"href":"https:\/\/atecordoba.org\/index.php?rest_route=\/wp\/v2\/posts"}],"about":[{"href":"https:\/\/atecordoba.org\/index.php?rest_route=\/wp\/v2\/types\/post"}],"author":[{"embeddable":true,"href":"https:\/\/atecordoba.org\/index.php?rest_route=\/wp\/v2\/users\/7"}],"replies":[{"embeddable":true,"href":"https:\/\/atecordoba.org\/index.php?rest_route=%2Fwp%2Fv2%2Fcomments&post=42884"}],"version-history":[{"count":1,"href":"https:\/\/atecordoba.org\/index.php?rest_route=\/wp\/v2\/posts\/42884\/revisions"}],"predecessor-version":[{"id":42887,"href":"https:\/\/atecordoba.org\/index.php?rest_route=\/wp\/v2\/posts\/42884\/revisions\/42887"}],"wp:featuredmedia":[{"embeddable":true,"href":"https:\/\/atecordoba.org\/index.php?rest_route=\/wp\/v2\/media\/42886"}],"wp:attachment":[{"href":"https:\/\/atecordoba.org\/index.php?rest_route=%2Fwp%2Fv2%2Fmedia&parent=42884"}],"wp:term":[{"taxonomy":"category","embeddable":true,"href":"https:\/\/atecordoba.org\/index.php?rest_route=%2Fwp%2Fv2%2Fcategories&post=42884"},{"taxonomy":"post_tag","embeddable":true,"href":"https:\/\/atecordoba.org\/index.php?rest_route=%2Fwp%2Fv2%2Ftags&post=42884"}],"curies":[{"name":"wp","href":"https:\/\/api.w.org\/{rel}","templated":true}]}}