{"id":4287,"date":"2014-07-10T18:00:16","date_gmt":"2014-07-10T21:00:16","guid":{"rendered":"http:\/\/www.atecordoba.org\/?p=4287"},"modified":"2020-08-10T11:03:20","modified_gmt":"2020-08-10T14:03:20","slug":"rio-cuarto-trabajadores-de-pami-protestaron-tras-sufrir-descuentos-en-sus-haberes-por-realizar-asambleas","status":"publish","type":"post","link":"https:\/\/atecordoba.org\/?p=4287","title":{"rendered":"R\u00edo Cuarto: trabajadores de PAMI protestaron tras sufrir descuentos en sus haberes por realizar asambleas"},"content":{"rendered":"<p><em>ATE llev\u00f3 a cabo hoy una protesta en la sede de PAMI en la ciudad de R\u00edo Cuarto a causa de los descuentos que una serie de compa\u00f1eros sufrieron en sus haberes, por haber realizado asambleas en el marco del plan de lucha que se viene llevando a cabo desde el mes pasado.\u00a0<\/em><\/p>\n<p><a href=\"http:\/\/atecordoba.org\/wp-content\/uploads\/2020\/06\/rio-cuarto_protesta-PAMI.jpg\"><img loading=\"lazy\" decoding=\"async\" class=\"aligncenter size-full wp-image-4288\" alt=\"rio cuarto_protesta PAMI\" src=\"http:\/\/atecordoba.org\/wp-content\/uploads\/2020\/06\/rio-cuarto_protesta-PAMI.jpg\" width=\"400\" height=\"267\" \/><\/a><\/p>\n<p>&nbsp;<\/p>\n<p>La seccional R\u00edo Cuarto denunci\u00f3 p\u00fablicamente a las autoridades del organismo porque \u201cesta es una medida injusta, arbitraria, antidemocr\u00e1tica y anticonstitucional ya que es un derecho adquirido el de huelga y el de la protesta social y sindical. Adem\u00e1s resulta una provocaci\u00f3n la presencia policial en las oficinas de PAMI R\u00edo Cuarto que se encuentran all\u00ed intimando a los trabajadores y a todas aquellas personas que acuden a realizar diversos tr\u00e1mites\u201d.<\/p>\n<p>A su vez, ATE denunci\u00f3 \u201cla prepotencia de la directora, Vilma Chiapello\u201d. \u201cNo es una novedad, ya que es continuo su destrato hacia los trabajadores (m\u00e1s a\u00fan aquellos afiliados a alguna entidad sindical) y su trato autoritario ante diversos reclamos que se vienen desarrollando en PAMI\u201d, se\u00f1alaron desde R\u00edo Cuarto.<\/p>\n<p>Los descuentos se produjeron por dos d\u00edas de asambleas realizados el mes pasado, en el marco de plan de lucha que se viene realizando en todo el pa\u00eds por una recomposici\u00f3n salarial que alcance el 35% de los salarios, el nombramiento de personal para completar los planteles afectados por vacantes no cubiertas, por el 82% m\u00f3vil para los jubilados y la eliminaci\u00f3n del impuesto a las ganancias en los salarios.<\/p>\n<p>Ma\u00f1ana se llevar\u00e1 a cabo otra asamblea en el organismo para exigir que las autoridades detengan las persecuciones a los trabajadores sindicalizados y reviertan el clima de prepotencia que se vive en el lugar, al tiempo que se repudiar\u00e1 la presencia policial dentro del PAMI. En la oportunidad, estar\u00e1n presentes miembros del Consejo Directivo Provincial, la delegada regional centro de PAMI y miembros de la Junta Interna de PAMI C\u00f3rdoba, conjuntamente con dirigentes de la seccional.<\/p>\n<p>Vale se\u00f1alar que en horas de la ma\u00f1ana, Chiapello se comprometi\u00f3, en los medios de prensa locales, a retrotraer los descuentos pero ATE no recibi\u00f3 aun ninguna comunicaci\u00f3n oficial al respecto.<\/p>\n","protected":false},"excerpt":{"rendered":"<p>ATE llev\u00f3 a cabo hoy una protesta en la sede de PAMI en la ciudad de R\u00edo Cuarto a causa de los descuentos que una serie de compa\u00f1eros sufrieron en sus haberes, por haber realizado asambleas en el marco del plan de lucha que se viene llevando a cabo desde el mes pasado.\u00a0 &nbsp; La [&hellip;]<\/p>\n","protected":false},"author":1,"featured_media":19220,"comment_status":"open","ping_status":"open","sticky":false,"template":"","format":"standard","meta":{"_exactmetrics_skip_tracking":false,"_exactmetrics_sitenote_active":false,"_exactmetrics_sitenote_note":"","_exactmetrics_sitenote_category":0,"jnews-multi-image_gallery":[],"jnews_single_post":[],"jnews_primary_category":[],"jnews_social_meta":[],"jnews_review":[],"enable_review":"","type":"","name":"","summary":"","brand":"","sku":"","good":[],"bad":[],"score_override":"","override_value":"","rating":[],"price":[],"jnews_override_counter":[],"jnews_post_split":[],"footnotes":""},"categories":[18,12,34],"tags":[],"class_list":["post-4287","post","type-post","status-publish","format-standard","has-post-thumbnail","hentry","category-nacionales","category-rio-cuarto","category-seccionales"],"jetpack_featured_media_url":"https:\/\/atecordoba.org\/wp-content\/uploads\/2020\/05\/logo-nuevochico-e1561581322808.png","_links":{"self":[{"href":"https:\/\/atecordoba.org\/index.php?rest_route=\/wp\/v2\/posts\/4287","targetHints":{"allow":["GET"]}}],"collection":[{"href":"https:\/\/atecordoba.org\/index.php?rest_route=\/wp\/v2\/posts"}],"about":[{"href":"https:\/\/atecordoba.org\/index.php?rest_route=\/wp\/v2\/types\/post"}],"author":[{"embeddable":true,"href":"https:\/\/atecordoba.org\/index.php?rest_route=\/wp\/v2\/users\/1"}],"replies":[{"embeddable":true,"href":"https:\/\/atecordoba.org\/index.php?rest_route=%2Fwp%2Fv2%2Fcomments&post=4287"}],"version-history":[{"count":1,"href":"https:\/\/atecordoba.org\/index.php?rest_route=\/wp\/v2\/posts\/4287\/revisions"}],"predecessor-version":[{"id":20131,"href":"https:\/\/atecordoba.org\/index.php?rest_route=\/wp\/v2\/posts\/4287\/revisions\/20131"}],"wp:featuredmedia":[{"embeddable":true,"href":"https:\/\/atecordoba.org\/index.php?rest_route=\/wp\/v2\/media\/19220"}],"wp:attachment":[{"href":"https:\/\/atecordoba.org\/index.php?rest_route=%2Fwp%2Fv2%2Fmedia&parent=4287"}],"wp:term":[{"taxonomy":"category","embeddable":true,"href":"https:\/\/atecordoba.org\/index.php?rest_route=%2Fwp%2Fv2%2Fcategories&post=4287"},{"taxonomy":"post_tag","embeddable":true,"href":"https:\/\/atecordoba.org\/index.php?rest_route=%2Fwp%2Fv2%2Ftags&post=4287"}],"curies":[{"name":"wp","href":"https:\/\/api.w.org\/{rel}","templated":true}]}}