{"id":42849,"date":"2024-04-11T14:39:31","date_gmt":"2024-04-11T17:39:31","guid":{"rendered":"https:\/\/atecordoba.org\/?p=42849"},"modified":"2024-04-11T14:47:11","modified_gmt":"2024-04-11T17:47:11","slug":"audiencia-en-rio-primero","status":"publish","type":"post","link":"https:\/\/atecordoba.org\/?p=42849","title":{"rendered":"Audiencia en R\u00edo Primero"},"content":{"rendered":"<div class=\"wp-block-image\">\n<figure class=\"aligncenter size-large is-resized\"><img loading=\"lazy\" decoding=\"async\" src=\"https:\/\/atecordoba.org\/wp-content\/uploads\/2024\/04\/IMG-20240411-WA0039-1024x768.jpg\" alt=\"\" class=\"wp-image-42850\" width=\"768\" height=\"576\" \/><\/figure>\n<\/div>\n\n\n<p>ATE mantuvo una audiencia esta ma\u00f1ana con la intendenta de la localidad de R\u00edo Primero, Mar\u00edangeles&nbsp;Arneudo, donde plante\u00f3 la necesidad de instrumentar una urgente recomposici\u00f3n salarial, hab\u00eda cuenta de la ca\u00edda estrepitosa de la capacidad de compra de los haberes de las y los municipales a su cargo, como consecuencia de la crisis inflacionaria que contin\u00faa avanzando.<\/p>\n\n\n\n<p>Se trat\u00f3 de la tercer audiencia en lo que va del a\u00f1o y ATE plante\u00f3 tambi\u00e9n que se ponga en marcha la Mesa de Relaciones Laborales del municipio a los fines de abordar problem\u00e1ticas puntales a resolver en las condiciones de trabajo.<\/p>\n\n\n\n<p>La comitiva estatal estuvo integrada por el secretario General de ATE C\u00f3rdoba, Federico Giuliani, acompa\u00f1ado por el secretario Gremial, Jorge Chalup, su par de Organizaci\u00f3n, Javier Bracamonte, de DDHH, C\u00e9sar Theaux, y el cuerpo de delegadas y delegados de ATE, encabezado por Jos\u00e9 Baigorria.<\/p>\n\n\n\n<p>ATE est\u00e1 presente en cada localidad del interior provincial, organizando a las y lso trabajadores municipales y velando por sus derechos. <\/p>\n<div class=\"jeg_review_wrap\">\n                <h3 class=\"jeg_review_subtitle\">The Review<\/h3>\n                <h2 class=\"jeg_review_title\">\n                    \n                <\/h2>\n                <div class=\"jeg_reviewheader clearfix\">\n                    \n                    <div class=\"desc\"  style='padding-left: 0'>\n                        <p><\/p>\n                    <\/div>\n                <\/div>\n                <div class=\"jeg_reviewdetail clearfix\">\n                    \n                    \n                <\/div>\n                \n                \n            <\/div>","protected":false},"excerpt":{"rendered":"<p>ATE mantuvo una audiencia esta ma\u00f1ana con la intendenta de la localidad de R\u00edo Primero, Mar\u00edangeles&nbsp;Arneudo, donde plante\u00f3 la necesidad de instrumentar una urgente recomposici\u00f3n salarial, hab\u00eda cuenta de la ca\u00edda estrepitosa de la capacidad de compra de los haberes de las y los municipales a su cargo, como consecuencia de la crisis inflacionaria que [&hellip;]<\/p>\n","protected":false},"author":7,"featured_media":42850,"comment_status":"open","ping_status":"open","sticky":false,"template":"","format":"standard","meta":{"_exactmetrics_skip_tracking":false,"_exactmetrics_sitenote_active":false,"_exactmetrics_sitenote_note":"","_exactmetrics_sitenote_category":0,"jnews-multi-image_gallery":[],"jnews_single_post":{"subtitle":"En reuni\u00f3n con la intendenta Mar\u00edangeles\u00a0Arneudo ATE plante\u00f3 la necesidad de instrumentar una urgente recomposici\u00f3n salarial, hab\u00eda cuenta de la ca\u00edda estrepitosa de la capacidad de compra de los haberes de las y los municipales a su cargo, como consecuencia de la crisis inflacionaria que contin\u00faa avanzando.","format":"standard","video":"","gallery":"","source_name":"","source_url":"","via_name":"","via_url":"","override_template":"0","override":[{"template":"1","single_blog_custom":"","parallax":"1","fullscreen":"1","layout":"no-sidebar-narrow","sidebar":"default-sidebar","second_sidebar":"default-sidebar","sticky_sidebar":"1","share_position":"bottom","share_float_style":"share-monocrhome","show_share_counter":"1","show_view_counter":"1","show_featured":"0","show_post_meta":"1","show_post_author":"0","show_post_author_image":"1","show_post_date":"1","post_date_format":"default","post_date_format_custom":"Y\/m\/d","show_post_category":"1","show_post_reading_time":"0","post_reading_time_wpm":"300","show_zoom_button":"0","zoom_button_out_step":"2","zoom_button_in_step":"3","show_post_tag":"1","show_prev_next_post":"0","show_popup_post":"0","number_popup_post":"1","show_author_box":"0","show_post_related":"1","show_inline_post_related":"0"}],"override_image_size":"0","image_override":[{"single_post_thumbnail_size":"crop-500","single_post_gallery_size":"crop-500"}],"trending_post":"0","trending_post_position":"meta","trending_post_label":"Trending","sponsored_post":"0","sponsored_post_label":"Sponsored by","sponsored_post_name":"","sponsored_post_url":"","sponsored_post_logo_enable":"0","sponsored_post_logo":"","sponsored_post_desc":"","disable_ad":"0"},"jnews_primary_category":{"id":"","hide":""},"jnews_social_meta":{"fb_title":"","fb_description":"","fb_image":"","twitter_title":"","twitter_description":"","twitter_image":""},"jnews_review":[],"enable_review":"1","type":"percentage","name":"","summary":"","brand":"","sku":"","good":[{"good_text":""}],"bad":[{"bad_text":""}],"score_override":"","override_value":"","rating":[{"rating_text":"","rating_number":"10"}],"price":[{"shop":"","price":"","link":"","icon":""}],"jnews_override_counter":{"override_view_counter":"0","view_counter_number":"0","override_share_counter":"0","share_counter_number":"0","override_like_counter":"0","like_counter_number":"0","override_dislike_counter":"0","dislike_counter_number":"0"},"jnews_post_split":{"enable_post_split":"0","post_split":[{"template":"1","tag":"h2","numbering":"asc","mode":"normal","first":"0","enable_toc":"0","toc_type":"normal"}]},"footnotes":""},"categories":[20],"tags":[],"class_list":["post-42849","post","type-post","status-publish","format-standard","has-post-thumbnail","hentry","category-municipales"],"jetpack_featured_media_url":"https:\/\/atecordoba.org\/wp-content\/uploads\/2024\/04\/IMG-20240411-WA0039-e1712857166890.jpg","_links":{"self":[{"href":"https:\/\/atecordoba.org\/index.php?rest_route=\/wp\/v2\/posts\/42849","targetHints":{"allow":["GET"]}}],"collection":[{"href":"https:\/\/atecordoba.org\/index.php?rest_route=\/wp\/v2\/posts"}],"about":[{"href":"https:\/\/atecordoba.org\/index.php?rest_route=\/wp\/v2\/types\/post"}],"author":[{"embeddable":true,"href":"https:\/\/atecordoba.org\/index.php?rest_route=\/wp\/v2\/users\/7"}],"replies":[{"embeddable":true,"href":"https:\/\/atecordoba.org\/index.php?rest_route=%2Fwp%2Fv2%2Fcomments&post=42849"}],"version-history":[{"count":2,"href":"https:\/\/atecordoba.org\/index.php?rest_route=\/wp\/v2\/posts\/42849\/revisions"}],"predecessor-version":[{"id":42852,"href":"https:\/\/atecordoba.org\/index.php?rest_route=\/wp\/v2\/posts\/42849\/revisions\/42852"}],"wp:featuredmedia":[{"embeddable":true,"href":"https:\/\/atecordoba.org\/index.php?rest_route=\/wp\/v2\/media\/42850"}],"wp:attachment":[{"href":"https:\/\/atecordoba.org\/index.php?rest_route=%2Fwp%2Fv2%2Fmedia&parent=42849"}],"wp:term":[{"taxonomy":"category","embeddable":true,"href":"https:\/\/atecordoba.org\/index.php?rest_route=%2Fwp%2Fv2%2Fcategories&post=42849"},{"taxonomy":"post_tag","embeddable":true,"href":"https:\/\/atecordoba.org\/index.php?rest_route=%2Fwp%2Fv2%2Ftags&post=42849"}],"curies":[{"name":"wp","href":"https:\/\/api.w.org\/{rel}","templated":true}]}}