{"id":42828,"date":"2024-04-10T14:15:00","date_gmt":"2024-04-10T17:15:00","guid":{"rendered":"https:\/\/atecordoba.org\/?p=42828"},"modified":"2024-04-10T15:45:18","modified_gmt":"2024-04-10T18:45:18","slug":"ate-acompano-el-reclamo-por-alimentos-de-las-organizaciones-sociales-al-ex-ministerio-de-desarrollo-social","status":"publish","type":"post","link":"https:\/\/atecordoba.org\/?p=42828","title":{"rendered":"ATE acompa\u00f1\u00f3 el reclamo por alimentos de las organizaciones sociales al ex Ministerio de Desarrollo Social"},"content":{"rendered":"<div class=\"wp-block-image\">\n<figure class=\"aligncenter size-large is-resized\"><img loading=\"lazy\" decoding=\"async\" src=\"https:\/\/atecordoba.org\/wp-content\/uploads\/2024\/04\/Imagen-de-WhatsApp-2024-04-10-a-las-12.55.06_8050e4eb-1024x859.jpg\" alt=\"\" class=\"wp-image-42829\" width=\"632\" height=\"530\" srcset=\"https:\/\/atecordoba.org\/wp-content\/uploads\/2024\/04\/Imagen-de-WhatsApp-2024-04-10-a-las-12.55.06_8050e4eb-1024x859.jpg 1024w, https:\/\/atecordoba.org\/wp-content\/uploads\/2024\/04\/Imagen-de-WhatsApp-2024-04-10-a-las-12.55.06_8050e4eb-300x252.jpg 300w, https:\/\/atecordoba.org\/wp-content\/uploads\/2024\/04\/Imagen-de-WhatsApp-2024-04-10-a-las-12.55.06_8050e4eb-768x644.jpg 768w, https:\/\/atecordoba.org\/wp-content\/uploads\/2024\/04\/Imagen-de-WhatsApp-2024-04-10-a-las-12.55.06_8050e4eb-1536x1288.jpg 1536w, https:\/\/atecordoba.org\/wp-content\/uploads\/2024\/04\/Imagen-de-WhatsApp-2024-04-10-a-las-12.55.06_8050e4eb-750x629.jpg 750w, https:\/\/atecordoba.org\/wp-content\/uploads\/2024\/04\/Imagen-de-WhatsApp-2024-04-10-a-las-12.55.06_8050e4eb-1140x956.jpg 1140w, https:\/\/atecordoba.org\/wp-content\/uploads\/2024\/04\/Imagen-de-WhatsApp-2024-04-10-a-las-12.55.06_8050e4eb.jpg 1600w\" sizes=\"auto, (max-width: 632px) 100vw, 632px\" \/><\/figure>\n<\/div>\n\n\n<p>Una masiva movilizaci\u00f3n de de organizaciones sociales, encabezadas por el Polo Obrero, repudi\u00f3 la pol\u00edtica social del Gobierno de Javier Milei y exigi\u00f3 que retorne el aporte estatal en alimentos para los miles de comedores populares en todo el pa\u00eds, que contienen la crisis alimentaria en las barriadas populares argentinas.<\/p>\n\n\n\n<p>En C\u00f3rdoba, en l\u00ednea a lo sucedido en el orden nacional, la concentraci\u00f3n se realiz\u00f3 frente al ex Ministerio de Desarrollo Social, en el Centro de Referencia (CDR) ubicado en bv Chacabuco 352 de la capital provincial.<\/p>\n\n\n\n<p>Durante el acto, el secretario General de ATE, Federico Giuliani, exhort\u00f3 a las organizaciones sociales a proseguir la lucha, rescat\u00f3 el valor incalculable del trabajo que realizan los comedores populares en las barriadas pobres de cada pueblo y ciudad, y advirti\u00f3 que &#8220;es importante unificar la pelea, dejar de lado los personalismos y los sectarismos, las mezquindades, para construir un paro general activo de los sectores privados, estatales, de los jubilados, pero tambi\u00e9n de las y los compa\u00f1eros desocupados, que no solo hiera de muerte el DNU en el Congreso sino que acabemos con el gobierno fascista, cipayo y vendepatria de Javier Milei&#8221;.<\/p>\n\n\n<div class=\"wp-block-image\">\n<figure class=\"aligncenter size-large is-resized\"><img loading=\"lazy\" decoding=\"async\" src=\"https:\/\/atecordoba.org\/wp-content\/uploads\/2024\/04\/Imagen-de-WhatsApp-2024-04-10-a-las-12.43.55_3790e9f7-768x1024.jpg\" alt=\"\" class=\"wp-image-42830\" width=\"576\" height=\"768\" \/><\/figure>\n<\/div>\n\n\n<p>El dirigente relat\u00f3 a los miles de compa\u00f1eros y compa\u00f1eras presentes que &#8220;las y los estatales, en el ANSES como en el CDR de Desarrollo Social -que estaba a su espalda, detr\u00e1s del palco- estamos siendo v\u00edctimas de un ajuste brutal del Gobierno de Javier Milei. Este ajuste se extiende a todo el Estado nacional. Alrededor de 15 mil agentes se quedaron sin trabajo, son 15 mil familias sin ingreso, son 15 mil trabajadores que garantizaban los derechos de nuestro pueblo&#8221;.<\/p>\n\n\n\n<p>Y afirm\u00f3 que &#8220;el 1\u00ba tenemos que mostrar en la calle que la clase trabajadora es el motor de esta Argentina, para que se vaya Milei pero tambi\u00e9n para ponernos a la cabeza de la construcci\u00f3n de un nuevo proyecto nacional de liberaci\u00f3n y emancipatorio, que construya una patria libre, justa y soberana para todos y todas&#8221;. &nbsp;<\/p>\n\n\n\n<figure class=\"wp-block-gallery has-nested-images columns-default is-cropped wp-block-gallery-1 is-layout-flex wp-block-gallery-is-layout-flex\">\n<figure class=\"wp-block-image size-large\"><img loading=\"lazy\" decoding=\"async\" width=\"1024\" height=\"768\" data-id=\"42834\" src=\"https:\/\/atecordoba.org\/wp-content\/uploads\/2024\/04\/Imagen-de-WhatsApp-2024-04-10-a-las-12.43.50_c3fd23a8-1024x768.jpg\" alt=\"\" class=\"wp-image-42834\" srcset=\"https:\/\/atecordoba.org\/wp-content\/uploads\/2024\/04\/Imagen-de-WhatsApp-2024-04-10-a-las-12.43.50_c3fd23a8-1024x768.jpg 1024w, https:\/\/atecordoba.org\/wp-content\/uploads\/2024\/04\/Imagen-de-WhatsApp-2024-04-10-a-las-12.43.50_c3fd23a8-300x225.jpg 300w, https:\/\/atecordoba.org\/wp-content\/uploads\/2024\/04\/Imagen-de-WhatsApp-2024-04-10-a-las-12.43.50_c3fd23a8-768x576.jpg 768w, https:\/\/atecordoba.org\/wp-content\/uploads\/2024\/04\/Imagen-de-WhatsApp-2024-04-10-a-las-12.43.50_c3fd23a8-750x563.jpg 750w, https:\/\/atecordoba.org\/wp-content\/uploads\/2024\/04\/Imagen-de-WhatsApp-2024-04-10-a-las-12.43.50_c3fd23a8-1140x855.jpg 1140w, https:\/\/atecordoba.org\/wp-content\/uploads\/2024\/04\/Imagen-de-WhatsApp-2024-04-10-a-las-12.43.50_c3fd23a8.jpg 1288w\" sizes=\"auto, (max-width: 1024px) 100vw, 1024px\" \/><\/figure>\n\n\n\n<figure class=\"wp-block-image size-large\"><img loading=\"lazy\" decoding=\"async\" width=\"1024\" height=\"768\" data-id=\"42833\" src=\"https:\/\/atecordoba.org\/wp-content\/uploads\/2024\/04\/Imagen-de-WhatsApp-2024-04-10-a-las-12.41.28_d4d9580d-1024x768.jpg\" alt=\"\" class=\"wp-image-42833\" srcset=\"https:\/\/atecordoba.org\/wp-content\/uploads\/2024\/04\/Imagen-de-WhatsApp-2024-04-10-a-las-12.41.28_d4d9580d-1024x768.jpg 1024w, https:\/\/atecordoba.org\/wp-content\/uploads\/2024\/04\/Imagen-de-WhatsApp-2024-04-10-a-las-12.41.28_d4d9580d-300x225.jpg 300w, https:\/\/atecordoba.org\/wp-content\/uploads\/2024\/04\/Imagen-de-WhatsApp-2024-04-10-a-las-12.41.28_d4d9580d-768x576.jpg 768w, https:\/\/atecordoba.org\/wp-content\/uploads\/2024\/04\/Imagen-de-WhatsApp-2024-04-10-a-las-12.41.28_d4d9580d-1536x1152.jpg 1536w, https:\/\/atecordoba.org\/wp-content\/uploads\/2024\/04\/Imagen-de-WhatsApp-2024-04-10-a-las-12.41.28_d4d9580d-750x563.jpg 750w, https:\/\/atecordoba.org\/wp-content\/uploads\/2024\/04\/Imagen-de-WhatsApp-2024-04-10-a-las-12.41.28_d4d9580d-1140x855.jpg 1140w, https:\/\/atecordoba.org\/wp-content\/uploads\/2024\/04\/Imagen-de-WhatsApp-2024-04-10-a-las-12.41.28_d4d9580d.jpg 1600w\" sizes=\"auto, (max-width: 1024px) 100vw, 1024px\" \/><\/figure>\n\n\n\n<figure class=\"wp-block-image size-large\"><img loading=\"lazy\" decoding=\"async\" width=\"1024\" height=\"768\" data-id=\"42832\" src=\"https:\/\/atecordoba.org\/wp-content\/uploads\/2024\/04\/Imagen-de-WhatsApp-2024-04-10-a-las-12.43.56_04b5d37c-1024x768.jpg\" alt=\"\" class=\"wp-image-42832\" srcset=\"https:\/\/atecordoba.org\/wp-content\/uploads\/2024\/04\/Imagen-de-WhatsApp-2024-04-10-a-las-12.43.56_04b5d37c-1024x768.jpg 1024w, https:\/\/atecordoba.org\/wp-content\/uploads\/2024\/04\/Imagen-de-WhatsApp-2024-04-10-a-las-12.43.56_04b5d37c-300x225.jpg 300w, https:\/\/atecordoba.org\/wp-content\/uploads\/2024\/04\/Imagen-de-WhatsApp-2024-04-10-a-las-12.43.56_04b5d37c-768x576.jpg 768w, https:\/\/atecordoba.org\/wp-content\/uploads\/2024\/04\/Imagen-de-WhatsApp-2024-04-10-a-las-12.43.56_04b5d37c-1536x1152.jpg 1536w, https:\/\/atecordoba.org\/wp-content\/uploads\/2024\/04\/Imagen-de-WhatsApp-2024-04-10-a-las-12.43.56_04b5d37c-750x563.jpg 750w, https:\/\/atecordoba.org\/wp-content\/uploads\/2024\/04\/Imagen-de-WhatsApp-2024-04-10-a-las-12.43.56_04b5d37c-1140x855.jpg 1140w, https:\/\/atecordoba.org\/wp-content\/uploads\/2024\/04\/Imagen-de-WhatsApp-2024-04-10-a-las-12.43.56_04b5d37c.jpg 1600w\" sizes=\"auto, (max-width: 1024px) 100vw, 1024px\" \/><\/figure>\n<\/figure>\n","protected":false},"excerpt":{"rendered":"<p>Una masiva movilizaci\u00f3n de de organizaciones sociales, encabezadas por el Polo Obrero, repudi\u00f3 la pol\u00edtica social del Gobierno de Javier Milei y exigi\u00f3 que retorne el aporte estatal en alimentos para los miles de comedores populares en todo el pa\u00eds, que contienen la crisis alimentaria en las barriadas populares argentinas. En C\u00f3rdoba, en l\u00ednea a [&hellip;]<\/p>\n","protected":false},"author":7,"featured_media":42841,"comment_status":"open","ping_status":"open","sticky":false,"template":"","format":"standard","meta":{"_exactmetrics_skip_tracking":false,"_exactmetrics_sitenote_active":false,"_exactmetrics_sitenote_note":"","_exactmetrics_sitenote_category":0,"jnews-multi-image_gallery":[],"jnews_single_post":{"subtitle":"Durante el acto, el secretario General de ATE, Federico Giuliani, exhort\u00f3 a las organizaciones sociales a proseguir la lucha, rescat\u00f3 el valor incalculable del trabajo que realizan los comedores populares en las barriadas pobres de cada pueblo y ciudad, y advirti\u00f3 que \"es importante unificar la pelea, dejar de lado los personalismos y los sectarismos, las mezquindades, para construir un paro general activo de los sectores privados, estatales, de los jubilados, pero tambi\u00e9n de las y los compa\u00f1eros desocupados\".","format":"standard","video":"","gallery":"","source_name":"","source_url":"","via_name":"","via_url":"","override_template":"0","override":[{"template":"1","single_blog_custom":"","parallax":"1","fullscreen":"1","layout":"no-sidebar-narrow","sidebar":"default-sidebar","second_sidebar":"default-sidebar","sticky_sidebar":"1","share_position":"bottom","share_float_style":"share-monocrhome","show_share_counter":"1","show_view_counter":"1","show_featured":"0","show_post_meta":"1","show_post_author":"0","show_post_author_image":"1","show_post_date":"1","post_date_format":"default","post_date_format_custom":"Y\/m\/d","show_post_category":"1","show_post_reading_time":"0","post_reading_time_wpm":"300","show_zoom_button":"0","zoom_button_out_step":"2","zoom_button_in_step":"3","show_post_tag":"1","show_prev_next_post":"0","show_popup_post":"0","number_popup_post":"1","show_author_box":"0","show_post_related":"1","show_inline_post_related":"0"}],"override_image_size":"0","image_override":[{"single_post_thumbnail_size":"crop-500","single_post_gallery_size":"crop-500"}],"trending_post":"0","trending_post_position":"meta","trending_post_label":"Trending","sponsored_post":"0","sponsored_post_label":"Sponsored by","sponsored_post_name":"","sponsored_post_url":"","sponsored_post_logo_enable":"0","sponsored_post_logo":"","sponsored_post_desc":"","disable_ad":"0"},"jnews_primary_category":{"id":"","hide":""},"jnews_social_meta":{"fb_title":"","fb_description":"","fb_image":"","twitter_title":"","twitter_description":"","twitter_image":""},"jnews_review":[],"enable_review":"0","type":"percentage","name":"","summary":"","brand":"","sku":"","good":[{"good_text":""}],"bad":[{"bad_text":""}],"score_override":"","override_value":"","rating":[{"rating_text":"","rating_number":"10"}],"price":[{"shop":"","price":"","link":"","icon":""}],"jnews_override_counter":{"override_view_counter":"0","view_counter_number":"0","override_share_counter":"0","share_counter_number":"0","override_like_counter":"0","like_counter_number":"0","override_dislike_counter":"0","dislike_counter_number":"0"},"jnews_post_split":{"enable_post_split":"0","post_split":[{"template":"1","tag":"h2","numbering":"asc","mode":"normal","first":"0","enable_toc":"0","toc_type":"normal"}]},"footnotes":""},"categories":[10],"tags":[],"class_list":["post-42828","post","type-post","status-publish","format-standard","has-post-thumbnail","hentry","category-accion-politica"],"jetpack_featured_media_url":"https:\/\/atecordoba.org\/wp-content\/uploads\/2024\/04\/Imagen-de-WhatsApp-2024-04-10-a-las-12.43.49_ac72e178-1.jpg","_links":{"self":[{"href":"https:\/\/atecordoba.org\/index.php?rest_route=\/wp\/v2\/posts\/42828","targetHints":{"allow":["GET"]}}],"collection":[{"href":"https:\/\/atecordoba.org\/index.php?rest_route=\/wp\/v2\/posts"}],"about":[{"href":"https:\/\/atecordoba.org\/index.php?rest_route=\/wp\/v2\/types\/post"}],"author":[{"embeddable":true,"href":"https:\/\/atecordoba.org\/index.php?rest_route=\/wp\/v2\/users\/7"}],"replies":[{"embeddable":true,"href":"https:\/\/atecordoba.org\/index.php?rest_route=%2Fwp%2Fv2%2Fcomments&post=42828"}],"version-history":[{"count":3,"href":"https:\/\/atecordoba.org\/index.php?rest_route=\/wp\/v2\/posts\/42828\/revisions"}],"predecessor-version":[{"id":42839,"href":"https:\/\/atecordoba.org\/index.php?rest_route=\/wp\/v2\/posts\/42828\/revisions\/42839"}],"wp:featuredmedia":[{"embeddable":true,"href":"https:\/\/atecordoba.org\/index.php?rest_route=\/wp\/v2\/media\/42841"}],"wp:attachment":[{"href":"https:\/\/atecordoba.org\/index.php?rest_route=%2Fwp%2Fv2%2Fmedia&parent=42828"}],"wp:term":[{"taxonomy":"category","embeddable":true,"href":"https:\/\/atecordoba.org\/index.php?rest_route=%2Fwp%2Fv2%2Fcategories&post=42828"},{"taxonomy":"post_tag","embeddable":true,"href":"https:\/\/atecordoba.org\/index.php?rest_route=%2Fwp%2Fv2%2Ftags&post=42828"}],"curies":[{"name":"wp","href":"https:\/\/api.w.org\/{rel}","templated":true}]}}