{"id":4277,"date":"2014-06-17T18:00:31","date_gmt":"2014-06-17T21:00:31","guid":{"rendered":"http:\/\/www.atecordoba.org\/?p=4277"},"modified":"2014-06-17T18:00:31","modified_gmt":"2014-06-17T21:00:31","slug":"historias-del-movimiento-obrero-reincorporacion-de-los-cesanteados-por-la-dictadura-en-villa-maria","status":"publish","type":"post","link":"https:\/\/atecordoba.org\/?p=4277","title":{"rendered":"Historias del movimiento obrero: reincorporaci\u00f3n de los cesanteados por la dictadura en Villa Mar\u00eda"},"content":{"rendered":"<p><em>En un art\u00edculo publicado recientemente en el Diario del Centro del Pa\u00eds, Jesus Chirino relata c\u00f3mo el\u00a0Movimiento de Prescindidos y Cesantes de Villa Mar\u00eda y Regi\u00f3n logr\u00f3 la reincorporaci\u00f3n de aquellos trabajadores perseguidos por la dictadura c\u00edvico-militar que asol\u00f3 nuestro pa\u00eds, con especial protagonismo de nuestro querido compa\u00f1ero Cacho Mengarelli.<\/em><\/p>\n<p><a href=\"http:\/\/www.atecordoba.org\/wp-content\/uploads\/2014\/06\/reincorporados.jpg\"><img loading=\"lazy\" decoding=\"async\" class=\"aligncenter size-full wp-image-4278\" alt=\"reincorporados\" src=\"http:\/\/www.atecordoba.org\/wp-content\/uploads\/2014\/06\/reincorporados.jpg\" width=\"600\" height=\"495\" \/><\/a><\/p>\n<p>&nbsp;<\/p>\n<p>Apenas d\u00edas desde la asunci\u00f3n del gobierno democr\u00e1tico elegido por voto popular, la ciudadan\u00eda segu\u00eda tomando conocimiento de las atrocidades cometidas durante la dictadura desaparecedora de personas. Se iban conociendo detalles de las historias de ciudadanos que fueron detenidos, torturados, algunos muertos y otros que pasaron a formar parte de los miles de desaparecidos. Era reciente la salida de un r\u00e9gimen que gobern\u00f3 mediante el terror, haciendo que el miedo y el dolor recorrieran todo el cuerpo social. Hab\u00eda sido un tiempo donde algunos sectores sociales naturalizaron tanto la delaci\u00f3n como la colaboraci\u00f3n con los representantes locales de la dictadura. Entre todo lo sufrido durante la dictadura que qued\u00f3 atr\u00e1s, por lo cual se ped\u00eda justicia, estaba la situaci\u00f3n de aquellos trabajadores que hab\u00edan sido dejados sin trabajo. En enero de 1984 desde los sindicatos de trabajadores se constituy\u00f3 el Movimiento de Prescindidos y Cesantes de Villa Mar\u00eda y Regi\u00f3n. Seg\u00fan declararon a EL\u2008DIARIO, Oscar Mengarelli, Nelly Caramelino y Osmar Zapata, dirigentes del movimiento, se censaron 137 trabajadores que durante la dictadura fueron dejados de lado en sus trabajos. Se lleg\u00f3 a esa cifra a partir de un censo realizado por el propio Movimiento.<\/p>\n<p>Recordemos que por entonces reci\u00e9n se encaraba la normalizaci\u00f3n de las organizaciones gremiales. El 12 de julio reci\u00e9n se dio a conocer la Ley nacional 23.071 mediante la cual se otorg\u00f3 un plazo de hasta de 60 d\u00edas para realizar elecciones de comisiones directivas de la organizaciones gremiales de primer grado. Ese mismo d\u00eda en Villa Mar\u00eda, el Centro de Empleados de Comercio fue la primera entidad gremial que encar\u00f3 la normalizaci\u00f3n convocando al acto electoral que tendr\u00eda lugar el 14 de septiembre.<\/p>\n<p>El 14\u2002 de julio, el Movimiento de Prescindidos y Cesantes realiz\u00f3 una conferencia de prensa en la cual se criticaron duramente los requisitos fijados por el Gobierno provincial para la reincorporaci\u00f3n de los empleados del Estado cordob\u00e9s. All\u00ed se sostuvo que \u201cel trabajador prescindido reclama una reparaci\u00f3n de tipo moral. Si el Estado, por razones de eficiencia, no acepta prescindidos o cesanteados con niveles ps\u00edquicos\u2013f\u00edsicos insuficientes, pues que los jubile, en el caso que las sanciones respondieron a cuestiones pol\u00edticas o discriminatorias\u201d. Tambi\u00e9n se se\u00f1al\u00f3 que en algunos casos en que fueron reincorporados \u201clos obligaron a cobrar una indemnizaci\u00f3n en cuotas congeladas. Ahora los reincorporaron pero est\u00e1n\u00a0 exigidos a devolver aquella en cuotas actualizadas\u201d.<\/p>\n<p>La realidad de aquellos trabajadores era algo que deb\u00eda ser explicada en diferentes \u00e1mbitos, y no en todos ellos era comprendida. En esa misma conferencia se inform\u00f3 que se hab\u00eda hablado con autoridades de Fabricaciones Militares y del Ministerio de Defensa Nacional pero, dijeron los gremialistas: \u201cNo hubo contestaci\u00f3n a nuestras solicitudes\u201d. Por el caso de los docentes cesanteados se entrevistaron con el vicegobernador Edgardo Grosso como as\u00ed tambi\u00e9n con el subsecretario de educaci\u00f3n de la Naci\u00f3n, Alfredo Bravo, en oportunidad que \u00e9ste visitara Villa Mar\u00eda, \u201cpero las cesant\u00edas e inhabilitaciones contin\u00faan\u201d se quejaban los dirigentes gremiales.<\/p>\n<p>Pedir por la reincorporaci\u00f3n de los trabajadores que hab\u00edan sido cesanteados por motivos pol\u00edticos o gremiales durante la dictadura era un acto de justicia pero no toda la ciudadan\u00eda lo entend\u00eda as\u00ed, cuesti\u00f3n similar pasaba con los gobernantes. De all\u00ed que no s\u00f3lo era necesario visitar los despachos oficiales, sino que tambi\u00e9n se tornaba imprescindible lograr un apoyo popular que se expresara claramente. Quiz\u00e1s por esa necesidad es que el Movimiento de Prescindidos y Cesantes de Villa Mar\u00eda organiz\u00f3 un acto p\u00fablico en la esquina de San Mart\u00edn y Corrientes. La cita fue fijada para el d\u00eda viernes 20 a las 19 horas.<\/p>\n<p>El un par de d\u00edas antes EL\u2008DIARIO public\u00f3 el apoyo al reclamo por parte del Movimiento de Integraci\u00f3n y Desarrollo (MID). El comunicado de ese partido pol\u00edtico, firmado por Diego Sobrino que presid\u00eda la organizaci\u00f3n a nivel local, dec\u00eda \u201cla reivindicaci\u00f3n de los prescindidos y cesantes, al margen de la substancial y espec\u00edfica motivaci\u00f3n de justicia que los moviliza, debe insertarse en el imprescindible debate y movilizaci\u00f3n nacional para la correcci\u00f3n de un rumbo econ\u00f3mico, cuya persistencia condiciona severamente el imperativo irrenunciable de afianzamiento de la democracia\u201d.<\/p>\n<p>D\u00edas posteriores se hicieron p\u00fablicas otras adhesiones al reclamo de los trabajadores. Entre \u00e9stos contaba el de la delegaci\u00f3n Villa Mar\u00eda de la CGT que solicitaba la \u201curgente derogaci\u00f3n de toda legislaci\u00f3n de facto que atente a encontrar la v\u00eda correspondiente a reparar los da\u00f1os morales y econ\u00f3micos de miles de hogares obreros\u201d a la vez que exig\u00eda del \u201cgobierno nacional y estados provinciales una pronta soluci\u00f3n a esta lamentable situaci\u00f3n que contin\u00faan atravesando los compa\u00f1eros prescindidos\u201d. Tambi\u00e9n se solidariz\u00f3 la seccional local de la Asociaci\u00f3n Bancaria que reclam\u00f3 \u201cuna pronta normalizaci\u00f3n de esta situaci\u00f3n, mediante una Ley Constitucional que solucione definitivamente el problema\u201d.<\/p>\n<p>Otras organizaciones que adhirieron fueron el Partido Intransigente, el justicialismo, el Partido del Trabajo y el Pueblo, el Partido Comunista, el Frente de Izquierda Popular. Adem\u00e1s, el Sindicato del Seguro, la Asociaci\u00f3n de Trabajadores del Estado, los mercantiles, la Uni\u00f3n de Educadores de la Provincia de C\u00f3rdoba, La Fraternidad, los trabajadores de la salud nucleados en ATSA. En tanto la Juventud Radical de la ciudad, con la firma de Marina Blanc y Juan Jos\u00e9 Dutto, se declar\u00f3 \u201cconsustanciada con los reclamos de los trabajadores prescindibles y cesantes\u201d adhiriendo e invitando al acto.<\/p>\n<p>El acto se realiz\u00f3 seg\u00fan lo previsto. Asistieron alrededor de cien personas y Osmar Zapata ley\u00f3 un documento del cual Oscar Mengarelli reparti\u00f3 ejemplares entre los representantes de los partidos pol\u00edticos y legisladores presentes. La cr\u00f3nica de la \u00e9poca se\u00f1ala que participaron del acto el entonces diputado Orlando Sella del Partido Justicialista, Juan Dutto de los j\u00f3venes radicales y Manuel D\u00e1vila del Partido Intransigente. El documento le\u00eddo dec\u00eda que \u201clas cesant\u00edas y prescindibilidades, las inhabilitaciones, las c\u00e1rceles, las torturas, las desapariciones y la muerte de trabajadores y dirigentes que no compart\u00edan sus ideas, fueron los pilares en donde fundament\u00f3 la dictadura la posibilidad de concreci\u00f3n de sus objetivos\u201d. Luego se analizaron, en los t\u00e9rminos ya expresados, los decretos provinciales 849 y 925. Tambi\u00e9n se dejaron expresados los principales reclamos del Movimiento: regreso al trabajo con id\u00e9ntico cargo al que fueron dejado cesantes y reivindicaci\u00f3n moral, levantamiento inmediato de inhabilitaciones, considerar como cesantes y reincorporar inmediatamente a todos aquellos trabajadores que por presi\u00f3n tuvieron que renunciar, reincorporar a quienes debieron aceptar jubilaciones denigrantes, derogaci\u00f3n de todas las leyes y decretos aplicados por la dictadura militar y dejar sin efecto las actas de reincorporaci\u00f3n homologadas por el Ministerio de Trabajo durante la dictadura.<\/p>\n<p>El 27 de julio del mismo a\u00f1o, en la sede del Gobierno provincial, se realiz\u00f3 un acto p\u00fablico\u00a0 de desagravio en el cual se reincorporaron trece docentes dados de baja por la aplicaci\u00f3n de las leyes de prescindibilidad 5.911 y 5.913 dictada por el Gobierno de facto. Ese acto se efectu\u00f3 por lo estipulado mediante el Decreto provincial 849. Entre los que esa noche recibieron el decreto de reincorporaci\u00f3n de manos del gobernador, estaba el senador Daniel Antonio Baysre. Luego de que hicieran uso de la palabra las autoridades, habl\u00f3 Baysre que entre conceptos se\u00f1al\u00f3: \u201cUstedes docentes tienen la obligaci\u00f3n de defender la democracia, para que nuestra Patria nunca m\u00e1s vuelva a sentir el yugo de la dictadura. Viva la democracia\u201d. Baysre que\u00a0 por problemas de tiempo no se hizo cargo de sus horas de c\u00e1tedra, al igual que otros docentes, tambi\u00e9n fue reincorporado a sus cargos en el Instituto Rivadavia. En esta instituci\u00f3n se realiz\u00f3 un emotivo acto en el patio de la escuela donde, seg\u00fan recuerda Baysre en su libro \u201cEl radicalismo que yo viv\u00ed\u201d, hablaron Mario Bravo, el director del establecimiento y \u00e9l mismo.<\/p>\n<p>Si bien aquellos actos de reincorporaci\u00f3n fueron reparadores, a\u00fan quedaba mucho camino para recorrer para y lograr que se entendiera el problema de quienes durante la dictadura sufrieron la cesant\u00eda por causas pol\u00edticas o gremiales.<\/p>\n","protected":false},"excerpt":{"rendered":"<p>En un art\u00edculo publicado recientemente en el Diario del Centro del Pa\u00eds, Jesus Chirino relata c\u00f3mo el\u00a0Movimiento de Prescindidos y Cesantes de Villa Mar\u00eda y Regi\u00f3n logr\u00f3 la reincorporaci\u00f3n de aquellos trabajadores perseguidos por la dictadura c\u00edvico-militar que asol\u00f3 nuestro pa\u00eds, con especial protagonismo de nuestro querido compa\u00f1ero Cacho Mengarelli. &nbsp; Apenas d\u00edas desde la [&hellip;]<\/p>\n","protected":false},"author":1,"featured_media":19220,"comment_status":"open","ping_status":"open","sticky":false,"template":"","format":"standard","meta":{"_exactmetrics_skip_tracking":false,"_exactmetrics_sitenote_active":false,"_exactmetrics_sitenote_note":"","_exactmetrics_sitenote_category":0,"jnews-multi-image_gallery":[],"jnews_single_post":[],"jnews_primary_category":[],"jnews_social_meta":[],"jnews_review":[],"enable_review":"","type":"","name":"","summary":"","brand":"","sku":"","good":[],"bad":[],"score_override":"","override_value":"","rating":[],"price":[],"jnews_override_counter":[],"jnews_post_split":[],"footnotes":""},"categories":[17,18,34,14],"tags":[],"class_list":["post-4277","post","type-post","status-publish","format-standard","has-post-thumbnail","hentry","category-fabricaciones-militares","category-nacionales","category-seccionales","category-villa-maria"],"jetpack_featured_media_url":"https:\/\/atecordoba.org\/wp-content\/uploads\/2020\/05\/logo-nuevochico-e1561581322808.png","_links":{"self":[{"href":"https:\/\/atecordoba.org\/index.php?rest_route=\/wp\/v2\/posts\/4277","targetHints":{"allow":["GET"]}}],"collection":[{"href":"https:\/\/atecordoba.org\/index.php?rest_route=\/wp\/v2\/posts"}],"about":[{"href":"https:\/\/atecordoba.org\/index.php?rest_route=\/wp\/v2\/types\/post"}],"author":[{"embeddable":true,"href":"https:\/\/atecordoba.org\/index.php?rest_route=\/wp\/v2\/users\/1"}],"replies":[{"embeddable":true,"href":"https:\/\/atecordoba.org\/index.php?rest_route=%2Fwp%2Fv2%2Fcomments&post=4277"}],"version-history":[{"count":0,"href":"https:\/\/atecordoba.org\/index.php?rest_route=\/wp\/v2\/posts\/4277\/revisions"}],"wp:featuredmedia":[{"embeddable":true,"href":"https:\/\/atecordoba.org\/index.php?rest_route=\/wp\/v2\/media\/19220"}],"wp:attachment":[{"href":"https:\/\/atecordoba.org\/index.php?rest_route=%2Fwp%2Fv2%2Fmedia&parent=4277"}],"wp:term":[{"taxonomy":"category","embeddable":true,"href":"https:\/\/atecordoba.org\/index.php?rest_route=%2Fwp%2Fv2%2Fcategories&post=4277"},{"taxonomy":"post_tag","embeddable":true,"href":"https:\/\/atecordoba.org\/index.php?rest_route=%2Fwp%2Fv2%2Ftags&post=4277"}],"curies":[{"name":"wp","href":"https:\/\/api.w.org\/{rel}","templated":true}]}}