{"id":42756,"date":"2024-04-08T12:23:36","date_gmt":"2024-04-08T15:23:36","guid":{"rendered":"https:\/\/atecordoba.org\/?p=42756"},"modified":"2024-04-08T12:23:37","modified_gmt":"2024-04-08T15:23:37","slug":"ajuste-la-voracidad-tras-el-desguace-estatal","status":"publish","type":"post","link":"https:\/\/atecordoba.org\/?p=42756","title":{"rendered":"Ajuste: La voracidad tras el desguace estatal"},"content":{"rendered":"<div class=\"wp-block-image\">\n<figure class=\"alignright size-full is-resized\"><img loading=\"lazy\" decoding=\"async\" src=\"https:\/\/atecordoba.org\/wp-content\/uploads\/2024\/04\/ajuste.jpg\" alt=\"\" class=\"wp-image-42757\" width=\"536\" height=\"722\" srcset=\"https:\/\/atecordoba.org\/wp-content\/uploads\/2024\/04\/ajuste.jpg 715w, https:\/\/atecordoba.org\/wp-content\/uploads\/2024\/04\/ajuste-223x300.jpg 223w\" sizes=\"auto, (max-width: 536px) 100vw, 536px\" \/><\/figure>\n<\/div>\n\n\n<p><strong>Por Marita Pedernera*<\/strong><\/p>\n\n\n\n<p>Desde 2014 a la fecha las y los trabajadores perdimos un 100% de capacidad de compra del salario. Y un 24% de esa p\u00e9rdida, fue durante los \u00faltimos meses, tras la devaluaci\u00f3n de diciembre 2023 del Gobierno que lidera Javier Milei.<\/p>\n\n\n\n<p>Durante marzo, una familia de 4 integrantes necesit\u00f3 $ 871.954 para cubrir los gastos de la Canasta B\u00e1sica Total y no caer bajo la L\u00ednea de Pobreza. Para este mismo tipo de familia, la L\u00ednea de Indigencia se situ\u00f3 en $525.677, seg\u00fan el valor registrado de la Canasta B\u00e1sica Alimentaria.<\/p>\n\n\n\n<p>A esto se suma la desregulaci\u00f3n de precios que en lo concreto se traslad\u00f3 a un alza tremenda en transporte, el aumento imparable en combustibles, el inalcanzable valor en medicamentos y de sumas arbitrarias en alquileres.<\/p>\n\n\n\n<p>Es evidente que el Gobierno lo que quiere es congelar los salarios o reducirlos a la m\u00ednima expresi\u00f3n, seguir licuando los ingresos de los sectores populares, del salario de trabajadores, jubilados y de los programas sociales y seguir actuando por decreto.<\/p>\n\n\n\n<p>Por eso es que anul\u00f3 el funcionamiento del Consejo del Salario en la parodia de reuni\u00f3n que se hizo el pasado 15 de febrero y que lleva a decidir unilateralmente. Apuntando al coraz\u00f3n de los sindicatos, reduciendo el funcionamiento del Ministerio de Trabajo y dem\u00e1s estructuras que garantizan derechos.<\/p>\n\n\n\n<p><strong>Las corporaciones, \u00fanicas beneficiadas <\/strong><\/p>\n\n\n\n<p>Vemos que el principal ataque de este Gobierno recae sobre el empleo p\u00fablico. No hay una sola medida que nos beneficie. Cada punto del DNU vigente perjudica a las y a los trabajadores y beneficia a alg\u00fan grupo concentrado.<\/p>\n\n\n\n<p>El principal fundamento de este decreto formula la necesidad de un ajuste fiscal del sector p\u00fablico de 5 puntos del PBI. Claramente dirigido al sector estatal. Dan cuenta de esto las notificaciones de despidos disparadas a mansalva por correos electr\u00f3nicos, impactando en gran parte de las familias estatales argentinas.<\/p>\n\n\n\n<p>\u00bfTodos somos \u00f1oquis? Es hora de dirigir esta pregunta a los compatriotas, a quienes siguen esperando que al gobierno le vaya bien para poder pagar el gas y la luz. Sin querer bajarse del tren nacional del absurdo. Tambi\u00e9n esta pregunta podr\u00eda interpelar al Parlamento, al Poder Legislativo. En tanto son poder, los senadores y los diputados tambi\u00e9n conducen nuestro tren insensato. Vaya hacia ellos la cuesti\u00f3n.<\/p>\n\n\n\n<p>Ahora bien, analicemos el impacto del DNU que nos gobierna. En lo laboral, vemos que limita el Derecho a Huelga penalizando la protesta. Las horas extras son tomadas como compensatorias. Diluye funciones de trabajo y deja horarios a disposici\u00f3n de la patronal.<\/p>\n\n\n\n<p>Por otra parte, este decreto convierte a las empresas p\u00fablicas en Sociedades An\u00f3nimas y las lleva al r\u00e9gimen de la Ley General de Sociedades, como paso previo de la privatizaci\u00f3n.<\/p>\n\n\n\n<p><strong>Un modelo para el sector financiero<\/strong><\/p>\n\n\n\n<p>Marcos Galper\u00edn, el CEO de Mercado Libre y Mercado Pago, dos compa\u00f1\u00edas, radicado en Uruguay, celebr\u00f3 el decretazo de Javier Milei, que incluye la desregulaci\u00f3n de la econom\u00eda nacional. Galper\u00edn se ver\u00e1 beneficiado por varias de las 30 medidas que propone el DNU.<\/p>\n\n\n\n<p>En el art\u00edculo 72, la administraci\u00f3n libertaria modifica la Ley de Contrato de Trabajo y elimina la obligatoriedad de que el salario se pague en una cuenta sueldo de un banco, que no tiene costo para el trabajador. Habilita con esto a pagar los sueldos en cualquier sistema de pagos, entre ellos Mercado Pago, l\u00edder del rubro.<\/p>\n\n\n\n<p>En su condici\u00f3n de agregador de tarjetas de cr\u00e9dito, tambi\u00e9n se ver\u00e1 beneficiado con la desregulaci\u00f3n en las comisiones e intereses de tarjetas de cr\u00e9dito para personas y comercios.<\/p>\n\n\n\n<p><strong>Salud privada<\/strong><\/p>\n\n\n\n<p>En otro sentido, este DNU deroga la ley encargada de regular la fabricaci\u00f3n nacional de laboratorios p\u00fablicos. Perjudica al sector cient\u00edfico de trabajadores nacionales. Favorece a que la industria farmac\u00e9utica suba sus ganancias.&nbsp;<\/p>\n\n\n\n<p>Es preciso mencionar que Eduardo Macchiavello, el CEO del laboratorio de la familia Roemmers y Presidente de la C\u00e1mara Industrial de Laboratorios Farmac\u00e9uticos Argentinos (CILFA), tambi\u00e9n celebra el decretazo porque ya no tendr\u00e1n competencia del Estado. Es que Milei derog\u00f3 la Ley 27.113 que declar\u00f3 \u201cde inter\u00e9s nacional y estrat\u00e9gico la actividad de los laboratorios de producci\u00f3n dedicados a la investigaci\u00f3n y producci\u00f3n p\u00fablica de medicamentos, materias primas para la elaboraci\u00f3n de medicamentos, vacunas, insumos y productos m\u00e9dicos\u201d. Otras que festejan son la familia due\u00f1a del laboratorio Bag\u00f3 y Hugo Sigman, director general y accionista del grupo Insud.<\/p>\n\n\n\n<p>Por otra parte, apenas conocido el DNU, que modifica el marco regulatorio y elimina restricciones de precios de las prepagas, el empresario Claudio Belocopitt anunci\u00f3 una suba del 40%. Swiss Medical junto con OSDE, Galeno, SanCor Salud y Omint dominan el 70 % del mercado de medicina privada.<\/p>\n\n\n\n<p>A partir del decretazo, las prepagas podr\u00e1n recibir un afluente de afiliaciones de las obras sociales, gracias a la libre elecci\u00f3n de quienes trabajan respecto de la medicina privada y, adem\u00e1s, tendr\u00e1n una recomposici\u00f3n de ingresos estimada entre un 60% y un 80% por la eliminaci\u00f3n del \u00edndice de costos de salud que pautaba, con intervenci\u00f3n del Estado, los porcentajes de aumento mensual.\u00a0<\/p>\n\n\n\n<p><strong>Alimentos para pocos<\/strong><\/p>\n\n\n\n<p>Siguiendo el an\u00e1lisis, este DNU deroga la Ley de Abastecimiento, que le daba al Estado las herramientas para que no haya disparadas de precios ante la falta de producto. En favor de que monopolios de grandes cadenas supermercadistas especulen para subir los precios y sigan aumentando su riqueza.<\/p>\n\n\n\n<p>Tambi\u00e9n deroga la Ley de G\u00f3ndolas que permit\u00eda a las PyMES alimenticias compartir espacios de venta a la par de las grandes empresas. Favoreciendo as\u00ed a grupos poderosos del rubro alimenticio que no quieren ceder esa franja de ganancia. La voracidad es evidente. Claramente esto otorga m\u00e1s margen de concentraci\u00f3n a quienes m\u00e1s ganaron con nuestro empobrecimiento: las corporaciones alimenticias. Alfredo Coto es uno de estos empresarios. Al menos tres art\u00edculos del DNU 70\/23 benefician al due\u00f1o de la cadena de supermercados que llevan su apellido, al derogar las leyes de Abastecimiento, de G\u00f3ndolas, de Observatorio de Precios. Las reformas en la legislaci\u00f3n laboral tambi\u00e9n son aplaudidas por el Presidente de Coto CICSA y propietario de tres centros frigor\u00edficos que cuentan con una n\u00f3mina de personal de 40 mil personas empleadas.<\/p>\n\n\n\n<p>Tambi\u00e9n celebra Luis Pagani, empresario del rubro alimentaci\u00f3n. Vemos que las empresas grandes del sector son las m\u00e1s beneficiadas. La primera de origen nacional es Arcor, que conduce Pagani. Tambi\u00e9n Coca-Cola, Danone, Grupo Molinos, Mondelez, Ledesma y las cadenas de supermercados e hipermercados que mencionamos al principio.<\/p>\n\n\n\n<p>En nuestra zona central de C\u00f3rdoba no podemos dejar de mencionar al empresario Roberto Urqu\u00eda, quien lidera la empresa Aceitera General Deheza, dedicada a aceites y derivados. Explota 200 mil hect\u00e1reas con cereales y oleaginosas en esta regi\u00f3n y en otras 8 provincias m\u00e1s. L\u00edder en aceites y derivados, como salsas y mayonesas.<\/p>\n\n\n\n<p>Estas compa\u00f1\u00edas, que en 2023 obtuvieron ganancias netas por 68 millones de pesos, con aumentos por encima de la inflaci\u00f3n; ahora ser\u00e1n beneficiadas por cuatro modificaciones incluidas en el decretazo: La derogaci\u00f3n de las leyes de Abastecimiento, de G\u00f3ndolas, del Observatorio de Precios y de Regulaci\u00f3n para los ingenios azucareros.<\/p>\n\n\n\n<p><strong>Nuestras tierras para inmobiliarias privadas<\/strong><\/p>\n\n\n\n<p>En el mismo orden privatizante, deroga La ley de Alquiler que impacta al sector trabajador que nunca accedi\u00f3 a la vivienda propia y favorece al negocio inmobiliario.<\/p>\n\n\n\n<p>En este sentido, vale referenciar al Grupo IRSA y CRESUD que lidera Eduardo Elsztain. El empresario que le tuvo fe a Milei y lo aloj\u00f3 en el Hotel Libertador de su propiedad durante la campa\u00f1a electoral libertaria y a\u00fan ahora como mandatario, es uno de los beneficiados por partida doble con el Decreto 70\/23. En primer lugar por la devaluaci\u00f3n en su condici\u00f3n de productor de soja; y en segundo, por ser due\u00f1o de la desarrolladora inmobiliaria que tiene edificios y shoppings en alquiler. La derogaci\u00f3n de la Ley de Alquileres, habilit\u00f3 contratos en d\u00f3lares, sin topes para dep\u00f3sitos o garant\u00edas ni plazo m\u00ednimo.<\/p>\n\n\n\n<p>Hay un particular inter\u00e9s por el valor inmobiliario de Fabricaciones Militares, porque tiene cinco plantas distribuidas en&nbsp;C\u00f3rdoba<strong>&nbsp;<\/strong>(Villa Mar\u00eda y R\u00edo Tercero),&nbsp;Buenos Aires&nbsp;(Azul),&nbsp;San Juan<strong>&nbsp;y&nbsp;<\/strong>Santa Fe, (Fray Luis Beltr\u00e1n). &nbsp;200.000 hect\u00e1reas que pertenecen a las&nbsp;Fuerzas Armadas, en especial al Ej\u00e9rcito. El proyecto de la administraci\u00f3n libertaria es salir a vender esta reserva enorme de tierras, muchas ubicadas en las regiones m\u00e1s productivas del pa\u00eds.&nbsp; Y abrir una&nbsp;inmobiliaria rural&nbsp;estatal que le permita obtener d\u00f3lares frescos al Tesoro. Un dato no menor, la recaudaci\u00f3n por la venta ir\u00e1 a Rentas Generales y no a las Fuerzas Armadas.<\/p>\n\n\n\n<p>Finalmente, es momento de mencionar lo que parece ser obvio. Paolo Rocca el titular de Techint y otras compa\u00f1\u00edas sider\u00fargicas es quien mayores beneficios obtiene de este Gobierno por decreto. Sin Estado gobiernan las corporaciones.<\/p>\n\n\n\n<p><strong>*Licenciada en Ciencias de la Comunicaci\u00f3n. Secretaria de G\u00e9nero y Diversidad de ATE R\u00edo Cuarto. Secretaria de Actas de la CTA Aut\u00f3noma Regional R\u00edo Cuarto<\/strong><\/p>\n","protected":false},"excerpt":{"rendered":"<p>Por Marita Pedernera* Desde 2014 a la fecha las y los trabajadores perdimos un 100% de capacidad de compra del salario. Y un 24% de esa p\u00e9rdida, fue durante los \u00faltimos meses, tras la devaluaci\u00f3n de diciembre 2023 del Gobierno que lidera Javier Milei. Durante marzo, una familia de 4 integrantes necesit\u00f3 $ 871.954 para [&hellip;]<\/p>\n","protected":false},"author":7,"featured_media":42758,"comment_status":"open","ping_status":"open","sticky":false,"template":"","format":"standard","meta":{"_exactmetrics_skip_tracking":false,"_exactmetrics_sitenote_active":false,"_exactmetrics_sitenote_note":"","_exactmetrics_sitenote_category":0,"jnews-multi-image_gallery":[],"jnews_single_post":{"subtitle":"Milei aplica un modelo que achica salarios, abandona regulaciones a gusto de las corporaciones, aumenta brutalmente los precios de la salud y los alimentos y deja librada la tierra disponible a la especulaci\u00f3n inmobiliaria.","format":"standard","video":"","gallery":"","source_name":"","source_url":"","via_name":"","via_url":"","override_template":"0","override":[{"template":"1","single_blog_custom":"","parallax":"1","fullscreen":"1","layout":"no-sidebar-narrow","sidebar":"default-sidebar","second_sidebar":"default-sidebar","sticky_sidebar":"1","share_position":"bottom","share_float_style":"share-monocrhome","show_share_counter":"1","show_view_counter":"1","show_featured":"0","show_post_meta":"1","show_post_author":"0","show_post_author_image":"1","show_post_date":"1","post_date_format":"default","post_date_format_custom":"Y\/m\/d","show_post_category":"1","show_post_reading_time":"0","post_reading_time_wpm":"300","show_zoom_button":"0","zoom_button_out_step":"2","zoom_button_in_step":"3","show_post_tag":"1","show_prev_next_post":"0","show_popup_post":"0","number_popup_post":"1","show_author_box":"0","show_post_related":"1","show_inline_post_related":"0"}],"override_image_size":"0","image_override":[{"single_post_thumbnail_size":"crop-500","single_post_gallery_size":"crop-500"}],"trending_post":"0","trending_post_position":"meta","trending_post_label":"Trending","sponsored_post":"0","sponsored_post_label":"Sponsored by","sponsored_post_name":"","sponsored_post_url":"","sponsored_post_logo_enable":"0","sponsored_post_logo":"","sponsored_post_desc":"","disable_ad":"0"},"jnews_primary_category":{"id":"","hide":""},"jnews_social_meta":{"fb_title":"","fb_description":"","fb_image":"","twitter_title":"","twitter_description":"","twitter_image":""},"jnews_review":[],"enable_review":"0","type":"percentage","name":"","summary":"","brand":"","sku":"","good":[{"good_text":""}],"bad":[{"bad_text":""}],"score_override":"","override_value":"","rating":[{"rating_text":"","rating_number":"10"}],"price":[{"shop":"","price":"","link":"","icon":""}],"jnews_override_counter":{"override_view_counter":"0","view_counter_number":"0","override_share_counter":"0","share_counter_number":"0","override_like_counter":"0","like_counter_number":"0","override_dislike_counter":"0","dislike_counter_number":"0"},"jnews_post_split":{"enable_post_split":"0","post_split":[{"template":"1","tag":"h2","numbering":"asc","mode":"normal","first":"0","enable_toc":"0","toc_type":"normal"}]},"footnotes":""},"categories":[10],"tags":[],"class_list":["post-42756","post","type-post","status-publish","format-standard","has-post-thumbnail","hentry","category-accion-politica"],"jetpack_featured_media_url":"https:\/\/atecordoba.org\/wp-content\/uploads\/2024\/04\/ajuste_portada-e1712589768780.jpg","_links":{"self":[{"href":"https:\/\/atecordoba.org\/index.php?rest_route=\/wp\/v2\/posts\/42756","targetHints":{"allow":["GET"]}}],"collection":[{"href":"https:\/\/atecordoba.org\/index.php?rest_route=\/wp\/v2\/posts"}],"about":[{"href":"https:\/\/atecordoba.org\/index.php?rest_route=\/wp\/v2\/types\/post"}],"author":[{"embeddable":true,"href":"https:\/\/atecordoba.org\/index.php?rest_route=\/wp\/v2\/users\/7"}],"replies":[{"embeddable":true,"href":"https:\/\/atecordoba.org\/index.php?rest_route=%2Fwp%2Fv2%2Fcomments&post=42756"}],"version-history":[{"count":1,"href":"https:\/\/atecordoba.org\/index.php?rest_route=\/wp\/v2\/posts\/42756\/revisions"}],"predecessor-version":[{"id":42759,"href":"https:\/\/atecordoba.org\/index.php?rest_route=\/wp\/v2\/posts\/42756\/revisions\/42759"}],"wp:featuredmedia":[{"embeddable":true,"href":"https:\/\/atecordoba.org\/index.php?rest_route=\/wp\/v2\/media\/42758"}],"wp:attachment":[{"href":"https:\/\/atecordoba.org\/index.php?rest_route=%2Fwp%2Fv2%2Fmedia&parent=42756"}],"wp:term":[{"taxonomy":"category","embeddable":true,"href":"https:\/\/atecordoba.org\/index.php?rest_route=%2Fwp%2Fv2%2Fcategories&post=42756"},{"taxonomy":"post_tag","embeddable":true,"href":"https:\/\/atecordoba.org\/index.php?rest_route=%2Fwp%2Fv2%2Ftags&post=42756"}],"curies":[{"name":"wp","href":"https:\/\/api.w.org\/{rel}","templated":true}]}}