{"id":4274,"date":"2014-06-17T17:05:44","date_gmt":"2014-06-17T20:05:44","guid":{"rendered":"http:\/\/www.atecordoba.org\/?p=4274"},"modified":"2014-06-17T17:05:44","modified_gmt":"2014-06-17T20:05:44","slug":"repudio-por-la-detencion-policial-de-un-trabajador-de-la-fabrica-militar-de-villa-maria","status":"publish","type":"post","link":"https:\/\/atecordoba.org\/?p=4274","title":{"rendered":"Repudio por la detenci\u00f3n policial de un trabajador de la F\u00e1brica Militar de Villa Mar\u00eda"},"content":{"rendered":"<p><em>Dirigentes de las seccionales locales de ATE y CTA expresaron su malestar ante una desagradable situaci\u00f3n por la que tuvo que atravesar el pasado viernes a la madrugada un trabajador de la F\u00e1brica Militar de Polvoras y Explosivos de Villa Mar\u00eda. El compa\u00f1ero fue detenido por una patrulla policial cuando se encontraba esperando el colectivo para ir a trabajar.\u00a0Los dirigentes optaron por no dar a conocer su identidad para evitarle m\u00e1s inconvenientes.<\/em><\/p>\n<p><a href=\"http:\/\/www.atecordoba.org\/wp-content\/uploads\/2014\/06\/villa-maria-denuncia-de-detencion-arbitraria.jpg\"><img loading=\"lazy\" decoding=\"async\" class=\"aligncenter size-full wp-image-4275\" alt=\"villa maria-denuncia de detencion arbitraria\" src=\"http:\/\/www.atecordoba.org\/wp-content\/uploads\/2014\/06\/villa-maria-denuncia-de-detencion-arbitraria.jpg\" width=\"600\" height=\"396\" \/><\/a><\/p>\n<p>Walter Secondino, secretario general de ATE, comenz\u00f3 diciendo que \u201cqueremos repudiar la actitud de la Polic\u00eda local con respecto a un compa\u00f1ero que cuando estaba esperando el colectivo para ir a trabajar a la F\u00e1brica se le acercaron efectivos policiales y, pr\u00e1cticamente sin mediar palabras, se lo llevaron detenido\u201d.<\/p>\n<p>\u201cEl trabajador ten\u00eda puesta la campera que lo identificada como empleado de la F\u00e1brica Militar y el hecho m\u00e1s grave que denunciamos, adem\u00e1s de la detenci\u00f3n, es que se lo dej\u00f3 incomunicado desde cerca de las 4 de la ma\u00f1ana hasta las 11.30\u201d, se lament\u00f3.<\/p>\n<p>Al mismo tiempo manifest\u00f3 que \u201c\u00e9ste es un hecho grave que lo vamos a evaluar con los compa\u00f1eros de la CTA y vamos a determinar los pasos a seguir, porque inclusive el compa\u00f1ero ha quedado con lo que se conoce com\u00fanmente con los dedos pintados. Nos preocupa esta situaci\u00f3n porque no sabemos si \u00e9sta es la manera de proceder de la Polic\u00eda\u201d.<\/p>\n<p>\u201cEl hecho sucedi\u00f3 en el sector conocido como las 400 Viviendas, en la calle Arequipa, y el compa\u00f1ero fue detenido con la car\u00e1tula de merodeo. Nos preocupa mucho el proceder de la Polic\u00eda, que no haya intentado comunicarse con la F\u00e1brica para preguntar si el detenido era realmente trabajador del lugar y si realmente su ingreso deb\u00eda producirse a esa hora\u201d, se\u00f1al\u00f3 preocupado.<\/p>\n<p>Adem\u00e1s sostuvo que \u201cno se nos ocurre el sentido que puede tener una detenci\u00f3n de estas caracter\u00edsticas. Mientras el trabajador estaba siendo esposado, el colectivo pas\u00f3 por el lugar y el compa\u00f1ero advirti\u00f3 de ese hecho a los oficiales, pero directamente lo cargaron en el m\u00f3vil y lo llevaron detenido\u201d.<\/p>\n<p>A su vez Jos\u00e9 Goroso, secretario general de CTA, remarc\u00f3 que \u201cqueremos repudiar lo arbitrario de la detenci\u00f3n del compa\u00f1ero, porque nadie est\u00e1 obligado a andar con su documento y en esta situaci\u00f3n hay compa\u00f1eros que reaccionan de esta forma. En el caso de este muchacho se asust\u00f3 porque le toc\u00f3 vivir un momento propio de la dictadura militar\u201d.<\/p>\n<p>Por su parte, Oscar Mengarelli, referente de CTA, asegur\u00f3 que \u201ctenemos muchas denuncias por abuso de autoridad. Este tema lo quisimos hablar con el Concejo Deliberante en otras oportunidades, para que tratemos el tema. No estamos amparando el delito y no nos gusta que baleen a la Polic\u00eda, pero actuando as\u00ed en vez de resolver un problema van a crear m\u00e1s inseguridad\u201d.<\/p>\n<p>\u201cEs muy preocupante la forma en la que proceden los efectivos. Te tiran sobre el auto, te pegan patadas en los tobillos y te mira todo el mundo dej\u00e1ndote expuesto gratuitamente\u201d, dispar\u00f3.<\/p>\n<p>Finalmente Mengarelli pidi\u00f3 \u201cdirigirse con respeto hacia la Polic\u00eda y ellos deben hacer lo propio con los ciudadanos, que no fue el caso de nuestro compa\u00f1ero ni de las miles de denuncias por discriminaci\u00f3n \u00e9tnica por parte de pibes que no pueden llegar al centro de la ciudad por ser \u2018morochitos\u2019 y usar gorra\u201d.<\/p>\n<p>\u201cEste tiene que ser un tema institucionalmente tratado por todas las fuerzas vivas de Villa Mar\u00eda. La Intendencia y los concejales no se pueden hacer los distra\u00eddos, hay que tratar esto con los comisarios y con todos los que quieran participar. Ya lo hicimos una vez y dio buenos resultados por un tiempo\u201d, destac\u00f3.<\/p>\n","protected":false},"excerpt":{"rendered":"<p>Dirigentes de las seccionales locales de ATE y CTA expresaron su malestar ante una desagradable situaci\u00f3n por la que tuvo que atravesar el pasado viernes a la madrugada un trabajador de la F\u00e1brica Militar de Polvoras y Explosivos de Villa Mar\u00eda. El compa\u00f1ero fue detenido por una patrulla policial cuando se encontraba esperando el colectivo [&hellip;]<\/p>\n","protected":false},"author":1,"featured_media":19220,"comment_status":"open","ping_status":"open","sticky":false,"template":"","format":"standard","meta":{"_exactmetrics_skip_tracking":false,"_exactmetrics_sitenote_active":false,"_exactmetrics_sitenote_note":"","_exactmetrics_sitenote_category":0,"jnews-multi-image_gallery":[],"jnews_single_post":[],"jnews_primary_category":[],"jnews_social_meta":[],"jnews_review":[],"enable_review":"","type":"","name":"","summary":"","brand":"","sku":"","good":[],"bad":[],"score_override":"","override_value":"","rating":[],"price":[],"jnews_override_counter":[],"jnews_post_split":[],"footnotes":""},"categories":[92,17,18,34,14],"tags":[],"class_list":["post-4274","post","type-post","status-publish","format-standard","has-post-thumbnail","hentry","category-cta","category-fabricaciones-militares","category-nacionales","category-seccionales","category-villa-maria"],"jetpack_featured_media_url":"https:\/\/atecordoba.org\/wp-content\/uploads\/2020\/05\/logo-nuevochico-e1561581322808.png","_links":{"self":[{"href":"https:\/\/atecordoba.org\/index.php?rest_route=\/wp\/v2\/posts\/4274","targetHints":{"allow":["GET"]}}],"collection":[{"href":"https:\/\/atecordoba.org\/index.php?rest_route=\/wp\/v2\/posts"}],"about":[{"href":"https:\/\/atecordoba.org\/index.php?rest_route=\/wp\/v2\/types\/post"}],"author":[{"embeddable":true,"href":"https:\/\/atecordoba.org\/index.php?rest_route=\/wp\/v2\/users\/1"}],"replies":[{"embeddable":true,"href":"https:\/\/atecordoba.org\/index.php?rest_route=%2Fwp%2Fv2%2Fcomments&post=4274"}],"version-history":[{"count":0,"href":"https:\/\/atecordoba.org\/index.php?rest_route=\/wp\/v2\/posts\/4274\/revisions"}],"wp:featuredmedia":[{"embeddable":true,"href":"https:\/\/atecordoba.org\/index.php?rest_route=\/wp\/v2\/media\/19220"}],"wp:attachment":[{"href":"https:\/\/atecordoba.org\/index.php?rest_route=%2Fwp%2Fv2%2Fmedia&parent=4274"}],"wp:term":[{"taxonomy":"category","embeddable":true,"href":"https:\/\/atecordoba.org\/index.php?rest_route=%2Fwp%2Fv2%2Fcategories&post=4274"},{"taxonomy":"post_tag","embeddable":true,"href":"https:\/\/atecordoba.org\/index.php?rest_route=%2Fwp%2Fv2%2Ftags&post=4274"}],"curies":[{"name":"wp","href":"https:\/\/api.w.org\/{rel}","templated":true}]}}