{"id":42682,"date":"2024-04-05T09:57:49","date_gmt":"2024-04-05T12:57:49","guid":{"rendered":"https:\/\/atecordoba.org\/?p=42682"},"modified":"2024-04-05T12:49:07","modified_gmt":"2024-04-05T15:49:07","slug":"ate-se-reunio-con-legisladores-oficialistas-por-el-ajuste-de-milei-y-pidio-que-se-expresen-contra-los-despidos-y-por-sostener-las-politicas-publicas-en-cordoba","status":"publish","type":"post","link":"https:\/\/atecordoba.org\/?p=42682","title":{"rendered":"ATE se reuni\u00f3 con legisladores oficialistas por el ajuste de Milei y pidi\u00f3 que se expresen contra los despidos y por sostener las pol\u00edticas p\u00fablicas en C\u00f3rdoba"},"content":{"rendered":"<div class=\"wp-block-image\">\n<figure class=\"aligncenter size-large is-resized\"><img loading=\"lazy\" decoding=\"async\" src=\"https:\/\/atecordoba.org\/wp-content\/uploads\/2024\/04\/Imagen-de-WhatsApp-2024-04-04-a-las-14.47.23_869d2380-1024x576.jpg\" alt=\"\" class=\"wp-image-42684\" width=\"768\" height=\"432\" \/><\/figure>\n<\/div>\n\n\n<p>En una audiencia mantenida ayer con legisladores de Hacemos Por C\u00f3rdoba, ATE solicit\u00f3 que la c\u00e1mara de representantes de la provincia se exprese en contra de los cientos de despidos que el Gobierno de Javier Milei est\u00e1 realizando en todos los organismos p\u00fablicos nacionales asentados en C\u00f3rdoba. <\/p>\n\n\n\n<p>El secretario General del Consejo Directivo Provincial (CDP), Federico Giuliani, acompa\u00f1ado por el secretario Gremial, Jorge Chalup, y su par de DDHH, C\u00e9sar Theaux, se reunieron con Silvina Jurich, integrante de la Comisi\u00f3n de Legislaci\u00f3n del Trabajo, Previsi\u00f3n y Seguridad Social, y Mat\u00edas Chamorro, de la Comisi\u00f3n de DDHH.<\/p>\n\n\n<div class=\"wp-block-image\">\n<figure class=\"aligncenter size-large is-resized\"><img loading=\"lazy\" decoding=\"async\" src=\"https:\/\/atecordoba.org\/wp-content\/uploads\/2024\/04\/Imagen-de-WhatsApp-2024-04-04-a-las-14.47.26_9379ba5e-1024x576.jpg\" alt=\"\" class=\"wp-image-42685\" width=\"768\" height=\"432\" srcset=\"https:\/\/atecordoba.org\/wp-content\/uploads\/2024\/04\/Imagen-de-WhatsApp-2024-04-04-a-las-14.47.26_9379ba5e-1024x576.jpg 1024w, https:\/\/atecordoba.org\/wp-content\/uploads\/2024\/04\/Imagen-de-WhatsApp-2024-04-04-a-las-14.47.26_9379ba5e-300x169.jpg 300w, https:\/\/atecordoba.org\/wp-content\/uploads\/2024\/04\/Imagen-de-WhatsApp-2024-04-04-a-las-14.47.26_9379ba5e-768x432.jpg 768w, https:\/\/atecordoba.org\/wp-content\/uploads\/2024\/04\/Imagen-de-WhatsApp-2024-04-04-a-las-14.47.26_9379ba5e-1536x865.jpg 1536w, https:\/\/atecordoba.org\/wp-content\/uploads\/2024\/04\/Imagen-de-WhatsApp-2024-04-04-a-las-14.47.26_9379ba5e-2048x1153.jpg 2048w, https:\/\/atecordoba.org\/wp-content\/uploads\/2024\/04\/Imagen-de-WhatsApp-2024-04-04-a-las-14.47.26_9379ba5e-750x422.jpg 750w, https:\/\/atecordoba.org\/wp-content\/uploads\/2024\/04\/Imagen-de-WhatsApp-2024-04-04-a-las-14.47.26_9379ba5e-1140x642.jpg 1140w\" sizes=\"auto, (max-width: 768px) 100vw, 768px\" \/><\/figure>\n<\/div>\n\n\n<p>En la ocasi\u00f3n, Giuliani dijo que &#8220;vinimos a traer el diagn\u00f3stico complejo que se est\u00e1 viviendo en los organismos nacionales, a partir de las pol\u00edticas de ajuste de Javier Milei a cientos de trabajadores en nuestra provincia, que no solo refieren al drama de trabajadores injustamente despedidos en un contexto de crisis econ\u00f3mica, sino tambi\u00e9n al vaciamiento de organismos nacionales que significa el cierre de delegaciones locales y con ello la posibilidad de que las y los cordobeses accedan a los derechos que el Estado nacional debe brindar a la poblaci\u00f3n&#8221;.<\/p>\n\n\n\n<p>En tal sentido, el dirigente pidi\u00f3 que a trav\u00e9s de su legitimidad como representaci\u00f3n popular en la provincia &#8220;la Legislatura se expida en favor de la defensa de los puestos de trabajo, pero tambi\u00e9n del sostenimiento de las pol\u00edticas p\u00fablicas a partir de que no cierren estos organismos nacionales en C\u00f3rdoba&#8221;.<\/p>\n\n\n<div class=\"wp-block-image\">\n<figure class=\"aligncenter size-large is-resized\"><img loading=\"lazy\" decoding=\"async\" src=\"https:\/\/atecordoba.org\/wp-content\/uploads\/2024\/04\/Imagen-de-WhatsApp-2024-04-04-a-las-14.47.26_cb83edc4-1024x576.jpg\" alt=\"\" class=\"wp-image-42686\" width=\"768\" height=\"432\" srcset=\"https:\/\/atecordoba.org\/wp-content\/uploads\/2024\/04\/Imagen-de-WhatsApp-2024-04-04-a-las-14.47.26_cb83edc4-1024x576.jpg 1024w, https:\/\/atecordoba.org\/wp-content\/uploads\/2024\/04\/Imagen-de-WhatsApp-2024-04-04-a-las-14.47.26_cb83edc4-300x169.jpg 300w, https:\/\/atecordoba.org\/wp-content\/uploads\/2024\/04\/Imagen-de-WhatsApp-2024-04-04-a-las-14.47.26_cb83edc4-768x432.jpg 768w, https:\/\/atecordoba.org\/wp-content\/uploads\/2024\/04\/Imagen-de-WhatsApp-2024-04-04-a-las-14.47.26_cb83edc4-1536x865.jpg 1536w, https:\/\/atecordoba.org\/wp-content\/uploads\/2024\/04\/Imagen-de-WhatsApp-2024-04-04-a-las-14.47.26_cb83edc4-2048x1153.jpg 2048w, https:\/\/atecordoba.org\/wp-content\/uploads\/2024\/04\/Imagen-de-WhatsApp-2024-04-04-a-las-14.47.26_cb83edc4-750x422.jpg 750w, https:\/\/atecordoba.org\/wp-content\/uploads\/2024\/04\/Imagen-de-WhatsApp-2024-04-04-a-las-14.47.26_cb83edc4-1140x642.jpg 1140w\" sizes=\"auto, (max-width: 768px) 100vw, 768px\" \/><\/figure>\n<\/div>\n\n\n<p>&#8220;Qui\u00e9n va a garantizar esos derechos a las y los cordobeses si el gobierno nacional no va a hacer efectivas estas pol\u00edticas p\u00fablicas. Este proceso de ajuste de Milei se asienta, adem\u00e1s, en la feminizaci\u00f3n de los despidos, porque la mayor\u00eda son mujeres, y el desmantelamiento de \u00e1reas vulnerables que se ocupan de sectores como campesinos, discapacidad, mujeres y diversidades, pobreza y medios comunitarios con ENACOM&#8221;, plante\u00f3 Giuliani.<\/p>\n\n\n\n<p>El secretario General ATE llev\u00f3 tambi\u00e9n a los legisladores la preocupaci\u00f3n de nuestro sindicato por la p\u00e9rdida de soberan\u00eda y de papel\u00f3n internacional que significan los despidos de personal altamente calificado en la CONAE, por implican poner en riesgo numerosos convenios y acuerdos con agencias espaciales de EE.UU., Europa y diversos pa\u00edses que Argentina sostiene y que no pueden ser discontinuados. <\/p>\n\n\n\n<p><strong>Apoyo legislativo a las y los trabajadores de los CDR de Desarrollo Social<\/strong><\/p>\n\n\n\n<p>A su vez, por iniciativa de la legisladora Luciana Echevarr\u00eda, la Legislatura se expres\u00f3 en apoyo de las y los trabajadores de los Centros de Referencia (CDR) del ex Ministerio de Desarrollo Social, todas y todos despedidos por el anuncio de la ministra de Capital Humano, Sandra Petovello, de cerrar la delegaci\u00f3n en la provincia, ubicada sobre bv Chacabuco 352.<\/p>\n\n\n\n<p>Se trata de medio centenar de compa\u00f1eros y compa\u00f1eras, que atienden diariamente a sectores vulnerables necesitados de apoyo estatal para cubrir sus necesidades indispensables. <\/p>\n\n\n<div class=\"wp-block-image\">\n<figure class=\"aligncenter size-large\"><img loading=\"lazy\" decoding=\"async\" width=\"661\" height=\"1024\" src=\"https:\/\/atecordoba.org\/wp-content\/uploads\/2024\/04\/Imagen-de-WhatsApp-2024-04-04-a-las-14.48.46_7070ba00-661x1024.jpg\" alt=\"\" class=\"wp-image-42683\" srcset=\"https:\/\/atecordoba.org\/wp-content\/uploads\/2024\/04\/Imagen-de-WhatsApp-2024-04-04-a-las-14.48.46_7070ba00-661x1024.jpg 661w, https:\/\/atecordoba.org\/wp-content\/uploads\/2024\/04\/Imagen-de-WhatsApp-2024-04-04-a-las-14.48.46_7070ba00-194x300.jpg 194w, https:\/\/atecordoba.org\/wp-content\/uploads\/2024\/04\/Imagen-de-WhatsApp-2024-04-04-a-las-14.48.46_7070ba00.jpg 738w\" sizes=\"auto, (max-width: 661px) 100vw, 661px\" \/><\/figure>\n<\/div>","protected":false},"excerpt":{"rendered":"<p>En una audiencia mantenida ayer con legisladores de Hacemos Por C\u00f3rdoba, ATE solicit\u00f3 que la c\u00e1mara de representantes de la provincia se exprese en contra de los cientos de despidos que el Gobierno de Javier Milei est\u00e1 realizando en todos los organismos p\u00fablicos nacionales asentados en C\u00f3rdoba. El secretario General del Consejo Directivo Provincial (CDP), [&hellip;]<\/p>\n","protected":false},"author":7,"featured_media":42684,"comment_status":"open","ping_status":"open","sticky":false,"template":"","format":"standard","meta":{"_exactmetrics_skip_tracking":false,"_exactmetrics_sitenote_active":false,"_exactmetrics_sitenote_note":"","_exactmetrics_sitenote_category":0,"jnews-multi-image_gallery":[],"jnews_single_post":{"subtitle":"\"Qui\u00e9n va a garantizar esos derechos a las y los cordobeses si el gobierno nacional no va a hacer efectivas estas pol\u00edticas p\u00fablicas. Este proceso de ajuste de Milei se asienta, adem\u00e1s, en la feminizaci\u00f3n de los despidos porque la mayor\u00eda son mujeres, el desmantelamiento de \u00e1reas vulnerables que se ocupan de sectores como campesinos, discapacidad, mujeres y diversidades, pobreza y medios comunitarios con ENACOM\", plante\u00f3 el secretario General de ATE, Federico Giuliani.","format":"standard","video":"","gallery":"","source_name":"","source_url":"","via_name":"","via_url":"","override_template":"0","override":[{"template":"1","single_blog_custom":"","parallax":"1","fullscreen":"1","layout":"no-sidebar-narrow","sidebar":"default-sidebar","second_sidebar":"default-sidebar","sticky_sidebar":"1","share_position":"bottom","share_float_style":"share-monocrhome","show_share_counter":"1","show_view_counter":"1","show_featured":"0","show_post_meta":"1","show_post_author":"0","show_post_author_image":"1","show_post_date":"1","post_date_format":"default","post_date_format_custom":"Y\/m\/d","show_post_category":"1","show_post_reading_time":"0","post_reading_time_wpm":"300","show_zoom_button":"0","zoom_button_out_step":"2","zoom_button_in_step":"3","show_post_tag":"1","show_prev_next_post":"0","show_popup_post":"0","number_popup_post":"1","show_author_box":"0","show_post_related":"1","show_inline_post_related":"0"}],"override_image_size":"0","image_override":[{"single_post_thumbnail_size":"crop-500","single_post_gallery_size":"crop-500"}],"trending_post":"0","trending_post_position":"meta","trending_post_label":"Trending","sponsored_post":"0","sponsored_post_label":"Sponsored by","sponsored_post_name":"","sponsored_post_url":"","sponsored_post_logo_enable":"0","sponsored_post_logo":"","sponsored_post_desc":"","disable_ad":"0"},"jnews_primary_category":{"id":"","hide":""},"jnews_social_meta":{"fb_title":"","fb_description":"","fb_image":"","twitter_title":"","twitter_description":"","twitter_image":""},"jnews_review":[],"enable_review":"0","type":"percentage","name":"","summary":"","brand":"","sku":"","good":[{"good_text":""}],"bad":[{"bad_text":""}],"score_override":"","override_value":"","rating":[{"rating_text":"","rating_number":"10"}],"price":[{"shop":"","price":"","link":"","icon":""}],"jnews_override_counter":{"override_view_counter":"0","view_counter_number":"0","override_share_counter":"0","share_counter_number":"0","override_like_counter":"0","like_counter_number":"0","override_dislike_counter":"0","dislike_counter_number":"0"},"jnews_post_split":{"enable_post_split":"0","post_split":[{"template":"1","tag":"h2","numbering":"asc","mode":"normal","first":"0","enable_toc":"0","toc_type":"normal"}]},"footnotes":""},"categories":[10],"tags":[],"class_list":["post-42682","post","type-post","status-publish","format-standard","has-post-thumbnail","hentry","category-accion-politica"],"jetpack_featured_media_url":"https:\/\/atecordoba.org\/wp-content\/uploads\/2024\/04\/Imagen-de-WhatsApp-2024-04-04-a-las-14.47.23_869d2380-scaled-e1712321863569.jpg","_links":{"self":[{"href":"https:\/\/atecordoba.org\/index.php?rest_route=\/wp\/v2\/posts\/42682","targetHints":{"allow":["GET"]}}],"collection":[{"href":"https:\/\/atecordoba.org\/index.php?rest_route=\/wp\/v2\/posts"}],"about":[{"href":"https:\/\/atecordoba.org\/index.php?rest_route=\/wp\/v2\/types\/post"}],"author":[{"embeddable":true,"href":"https:\/\/atecordoba.org\/index.php?rest_route=\/wp\/v2\/users\/7"}],"replies":[{"embeddable":true,"href":"https:\/\/atecordoba.org\/index.php?rest_route=%2Fwp%2Fv2%2Fcomments&post=42682"}],"version-history":[{"count":3,"href":"https:\/\/atecordoba.org\/index.php?rest_route=\/wp\/v2\/posts\/42682\/revisions"}],"predecessor-version":[{"id":42690,"href":"https:\/\/atecordoba.org\/index.php?rest_route=\/wp\/v2\/posts\/42682\/revisions\/42690"}],"wp:featuredmedia":[{"embeddable":true,"href":"https:\/\/atecordoba.org\/index.php?rest_route=\/wp\/v2\/media\/42684"}],"wp:attachment":[{"href":"https:\/\/atecordoba.org\/index.php?rest_route=%2Fwp%2Fv2%2Fmedia&parent=42682"}],"wp:term":[{"taxonomy":"category","embeddable":true,"href":"https:\/\/atecordoba.org\/index.php?rest_route=%2Fwp%2Fv2%2Fcategories&post=42682"},{"taxonomy":"post_tag","embeddable":true,"href":"https:\/\/atecordoba.org\/index.php?rest_route=%2Fwp%2Fv2%2Ftags&post=42682"}],"curies":[{"name":"wp","href":"https:\/\/api.w.org\/{rel}","templated":true}]}}