{"id":42663,"date":"2024-04-04T14:50:29","date_gmt":"2024-04-04T17:50:29","guid":{"rendered":"https:\/\/atecordoba.org\/?p=42663"},"modified":"2024-04-04T14:50:29","modified_gmt":"2024-04-04T17:50:29","slug":"en-audiencia-con-el-diputado-nacional-luis-picat-ate-expuso-el-riesgo-para-la-provincia-que-implica-el-ajuste-brutal-de-milei-al-estado-nacional","status":"publish","type":"post","link":"https:\/\/atecordoba.org\/?p=42663","title":{"rendered":"En audiencia con el diputado nacional Luis Picat, ATE expuso el riesgo para la provincia que implica el ajuste brutal de Milei al Estado Nacional"},"content":{"rendered":"\n<figure class=\"wp-block-gallery has-nested-images columns-default is-cropped wp-block-gallery-1 is-layout-flex wp-block-gallery-is-layout-flex\">\n<figure class=\"wp-block-image size-large\"><img loading=\"lazy\" decoding=\"async\" width=\"459\" height=\"1024\" data-id=\"42665\" src=\"https:\/\/atecordoba.org\/wp-content\/uploads\/2024\/04\/Imagen-de-WhatsApp-2024-04-04-a-las-12.26.13_58cf41de-459x1024.jpg\" alt=\"\" class=\"wp-image-42665\" srcset=\"https:\/\/atecordoba.org\/wp-content\/uploads\/2024\/04\/Imagen-de-WhatsApp-2024-04-04-a-las-12.26.13_58cf41de-459x1024.jpg 459w, https:\/\/atecordoba.org\/wp-content\/uploads\/2024\/04\/Imagen-de-WhatsApp-2024-04-04-a-las-12.26.13_58cf41de-134x300.jpg 134w, https:\/\/atecordoba.org\/wp-content\/uploads\/2024\/04\/Imagen-de-WhatsApp-2024-04-04-a-las-12.26.13_58cf41de-688x1536.jpg 688w, https:\/\/atecordoba.org\/wp-content\/uploads\/2024\/04\/Imagen-de-WhatsApp-2024-04-04-a-las-12.26.13_58cf41de.jpg 717w\" sizes=\"auto, (max-width: 459px) 100vw, 459px\" \/><\/figure>\n\n\n\n<figure class=\"wp-block-image size-large\"><img loading=\"lazy\" decoding=\"async\" width=\"459\" height=\"1024\" data-id=\"42666\" src=\"https:\/\/atecordoba.org\/wp-content\/uploads\/2024\/04\/Imagen-de-WhatsApp-2024-04-04-a-las-12.26.12_c7e8ee01-459x1024.jpg\" alt=\"\" class=\"wp-image-42666\" srcset=\"https:\/\/atecordoba.org\/wp-content\/uploads\/2024\/04\/Imagen-de-WhatsApp-2024-04-04-a-las-12.26.12_c7e8ee01-459x1024.jpg 459w, https:\/\/atecordoba.org\/wp-content\/uploads\/2024\/04\/Imagen-de-WhatsApp-2024-04-04-a-las-12.26.12_c7e8ee01-134x300.jpg 134w, https:\/\/atecordoba.org\/wp-content\/uploads\/2024\/04\/Imagen-de-WhatsApp-2024-04-04-a-las-12.26.12_c7e8ee01-688x1536.jpg 688w, https:\/\/atecordoba.org\/wp-content\/uploads\/2024\/04\/Imagen-de-WhatsApp-2024-04-04-a-las-12.26.12_c7e8ee01.jpg 717w\" sizes=\"auto, (max-width: 459px) 100vw, 459px\" \/><\/figure>\n\n\n\n<figure class=\"wp-block-image size-large\"><img loading=\"lazy\" decoding=\"async\" width=\"459\" height=\"1024\" data-id=\"42664\" src=\"https:\/\/atecordoba.org\/wp-content\/uploads\/2024\/04\/Imagen-de-WhatsApp-2024-04-04-a-las-12.26.12_c12df52e-459x1024.jpg\" alt=\"\" class=\"wp-image-42664\" srcset=\"https:\/\/atecordoba.org\/wp-content\/uploads\/2024\/04\/Imagen-de-WhatsApp-2024-04-04-a-las-12.26.12_c12df52e-459x1024.jpg 459w, https:\/\/atecordoba.org\/wp-content\/uploads\/2024\/04\/Imagen-de-WhatsApp-2024-04-04-a-las-12.26.12_c12df52e-134x300.jpg 134w, https:\/\/atecordoba.org\/wp-content\/uploads\/2024\/04\/Imagen-de-WhatsApp-2024-04-04-a-las-12.26.12_c12df52e-688x1536.jpg 688w, https:\/\/atecordoba.org\/wp-content\/uploads\/2024\/04\/Imagen-de-WhatsApp-2024-04-04-a-las-12.26.12_c12df52e.jpg 717w\" sizes=\"auto, (max-width: 459px) 100vw, 459px\" \/><\/figure>\n<\/figure>\n\n\n\n<p>La semana pasada una delegaci\u00f3n de ATE C\u00f3rdoba mantuvo una reuni\u00f3n con el diputado nacional Luis Picat, en el marco de las audiencias que se est\u00e1n realizando entre nuestra organizaci\u00f3n sindical y la representaci\u00f3n legislativa cordobesa en el congreso nacional, a los fines de presentarle un informe de situaci\u00f3n sobre la cantidad de trabajadores que hay en los organismos nacionales en la provincia y las funciones que cumplen.<\/p>\n\n\n\n<p>&#8220;Le expresamos a diputado Picat nuestra profunda preocupaci\u00f3n ante el desguace y desmantelamiento que algunos de los organismos est\u00e1n siendo v\u00edctima. De la misma forma se le traslad\u00f3 qu\u00e9 perder\u00e1 la poblaci\u00f3n cordobesa debido a la falta de \u00f3rganos de aplicaci\u00f3n de los derechos consagrados por la normativa vigente&#8221;, dijo la secretaria de Prensa del Consejo Directivo Provincial (CDP), Julia Giuliani.<\/p>\n\n\n\n<p>La comitiva estatal le solicit\u00f3 al representante radical que pida un informe al Ejecutivo Nacional sobre el impacto del ajuste en el Estado presente en C\u00f3rdoba y qu\u00e9 ente har\u00e1 efectivos los derechos de las y los cordobeses, en clave de pol\u00edticas p\u00fablicas destinadas mayoritariamente a los sectores m\u00e1s vulnerables, con la retirada del Estado nacional del territorio de la provincia.<\/p>\n\n\n\n<p>Participaron en representaci\u00f3n de ATE las y los compa\u00f1eros Esteban Iribarren del Personal Civil de las FF.AA., Franco Orsato de ANDIS, Alejandra Agnone de SENASA y secretaria de Acci\u00f3n Pol\u00edtica del CDP, Estefan\u00eda Carranza de ANSES, Julia Giuliani secretaria de Prensa del CDP e integrante de la conducci\u00f3n nacional y Carlos Rang de Agricultura Familiar.<\/p>\n","protected":false},"excerpt":{"rendered":"<p>La semana pasada una delegaci\u00f3n de ATE C\u00f3rdoba mantuvo una reuni\u00f3n con el diputado nacional Luis Picat, en el marco de las audiencias que se est\u00e1n realizando entre nuestra organizaci\u00f3n sindical y la representaci\u00f3n legislativa cordobesa en el congreso nacional, a los fines de presentarle un informe de situaci\u00f3n sobre la cantidad de trabajadores que [&hellip;]<\/p>\n","protected":false},"author":7,"featured_media":42667,"comment_status":"open","ping_status":"open","sticky":false,"template":"","format":"standard","meta":{"_exactmetrics_skip_tracking":false,"_exactmetrics_sitenote_active":false,"_exactmetrics_sitenote_note":"","_exactmetrics_sitenote_category":0,"jnews-multi-image_gallery":[],"jnews_single_post":{"subtitle":"La comitiva estatal le solicit\u00f3 al representante radical que pida un informe al Ejecutivo Nacional sobre el impacto del ajuste en el Estado presente en C\u00f3rdoba y qu\u00e9 ente har\u00e1 efectivos los derechos de las y los cordobeses, en clave de pol\u00edticas p\u00fablicas destinadas mayoritariamente a los sectores m\u00e1s vulnerables, con la retirada del Estado nacional del territorio de la provincia.","format":"standard","video":"","gallery":"","source_name":"","source_url":"","via_name":"","via_url":"","override_template":"0","override":[{"template":"1","single_blog_custom":"","parallax":"1","fullscreen":"1","layout":"no-sidebar-narrow","sidebar":"default-sidebar","second_sidebar":"default-sidebar","sticky_sidebar":"1","share_position":"bottom","share_float_style":"share-monocrhome","show_share_counter":"1","show_view_counter":"1","show_featured":"0","show_post_meta":"1","show_post_author":"0","show_post_author_image":"1","show_post_date":"1","post_date_format":"default","post_date_format_custom":"Y\/m\/d","show_post_category":"1","show_post_reading_time":"0","post_reading_time_wpm":"300","show_zoom_button":"0","zoom_button_out_step":"2","zoom_button_in_step":"3","show_post_tag":"1","show_prev_next_post":"0","show_popup_post":"0","number_popup_post":"1","show_author_box":"0","show_post_related":"1","show_inline_post_related":"0"}],"override_image_size":"0","image_override":[{"single_post_thumbnail_size":"crop-500","single_post_gallery_size":"crop-500"}],"trending_post":"0","trending_post_position":"meta","trending_post_label":"Trending","sponsored_post":"0","sponsored_post_label":"Sponsored by","sponsored_post_name":"","sponsored_post_url":"","sponsored_post_logo_enable":"0","sponsored_post_logo":"","sponsored_post_desc":"","disable_ad":"0"},"jnews_primary_category":{"id":"","hide":""},"jnews_social_meta":{"fb_title":"","fb_description":"","fb_image":"","twitter_title":"","twitter_description":"","twitter_image":""},"jnews_review":[],"enable_review":"0","type":"percentage","name":"","summary":"","brand":"","sku":"","good":[{"good_text":""}],"bad":[{"bad_text":""}],"score_override":"","override_value":"","rating":[{"rating_text":"","rating_number":"10"}],"price":[{"shop":"","price":"","link":"","icon":""}],"jnews_override_counter":{"override_view_counter":"0","view_counter_number":"0","override_share_counter":"0","share_counter_number":"0","override_like_counter":"0","like_counter_number":"0","override_dislike_counter":"0","dislike_counter_number":"0"},"jnews_post_split":{"enable_post_split":"0","post_split":[{"template":"1","tag":"h2","numbering":"asc","mode":"normal","first":"0","enable_toc":"0","toc_type":"normal"}]},"footnotes":""},"categories":[10],"tags":[],"class_list":["post-42663","post","type-post","status-publish","format-standard","has-post-thumbnail","hentry","category-accion-politica"],"jetpack_featured_media_url":"https:\/\/atecordoba.org\/wp-content\/uploads\/2024\/04\/picat-e1712253022931.jpg","_links":{"self":[{"href":"https:\/\/atecordoba.org\/index.php?rest_route=\/wp\/v2\/posts\/42663","targetHints":{"allow":["GET"]}}],"collection":[{"href":"https:\/\/atecordoba.org\/index.php?rest_route=\/wp\/v2\/posts"}],"about":[{"href":"https:\/\/atecordoba.org\/index.php?rest_route=\/wp\/v2\/types\/post"}],"author":[{"embeddable":true,"href":"https:\/\/atecordoba.org\/index.php?rest_route=\/wp\/v2\/users\/7"}],"replies":[{"embeddable":true,"href":"https:\/\/atecordoba.org\/index.php?rest_route=%2Fwp%2Fv2%2Fcomments&post=42663"}],"version-history":[{"count":1,"href":"https:\/\/atecordoba.org\/index.php?rest_route=\/wp\/v2\/posts\/42663\/revisions"}],"predecessor-version":[{"id":42668,"href":"https:\/\/atecordoba.org\/index.php?rest_route=\/wp\/v2\/posts\/42663\/revisions\/42668"}],"wp:featuredmedia":[{"embeddable":true,"href":"https:\/\/atecordoba.org\/index.php?rest_route=\/wp\/v2\/media\/42667"}],"wp:attachment":[{"href":"https:\/\/atecordoba.org\/index.php?rest_route=%2Fwp%2Fv2%2Fmedia&parent=42663"}],"wp:term":[{"taxonomy":"category","embeddable":true,"href":"https:\/\/atecordoba.org\/index.php?rest_route=%2Fwp%2Fv2%2Fcategories&post=42663"},{"taxonomy":"post_tag","embeddable":true,"href":"https:\/\/atecordoba.org\/index.php?rest_route=%2Fwp%2Fv2%2Ftags&post=42663"}],"curies":[{"name":"wp","href":"https:\/\/api.w.org\/{rel}","templated":true}]}}