{"id":4265,"date":"2014-06-16T16:58:40","date_gmt":"2014-06-16T19:58:40","guid":{"rendered":"http:\/\/www.atecordoba.org\/?p=4265"},"modified":"2014-06-16T16:58:40","modified_gmt":"2014-06-16T19:58:40","slug":"lanzamiento-del-departamento-de-salud-de-ate-cordoba","status":"publish","type":"post","link":"https:\/\/atecordoba.org\/?p=4265","title":{"rendered":"Lanzamiento del Departamento de Salud de ATE C\u00f3rdoba"},"content":{"rendered":"<p><em>El pr\u00f3ximo mi\u00e9rcoles 18 de junio, a las 15 horas, nuestro gremio realizar\u00e1 la presentaci\u00f3n del nuevo departamento del Consejo Directivo Provincial, con la presencia del m\u00e9dico sanitarista y compa\u00f1ero, dr Medardo \u00c1vila V\u00e1zquez.<\/em><\/p>\n<p style=\"text-align: center;\"><a href=\"http:\/\/www.atecordoba.org\/wp-content\/uploads\/2014\/06\/invitacion.jpg\"><img loading=\"lazy\" decoding=\"async\" class=\"aligncenter  wp-image-4266\" alt=\"invitacion\" src=\"http:\/\/www.atecordoba.org\/wp-content\/uploads\/2014\/06\/invitacion.jpg\" width=\"416\" height=\"593\" \/><\/a><\/p>\n<p>El estado de la salud p\u00fablica en C\u00f3rdoba exige un debate profundo donde los trabajadores deben tener un rol protag\u00f3nico. Los sucesivos planes de lucha no solo expresan problemas salariales. La infraestructura, la aparatolog\u00eda, los insumos y medicamentos conforman un cuadro de carencias que pusieron al sistema hospitalario en situaci\u00f3n l\u00edmite.<\/p>\n<p>Los trabajadores somos conscientes, adem\u00e1s, que la falta de recursos humanos explota los planteles existentes y nos somete al borde de la mala praxis, con los riesgos que implica para los pacientes.<\/p>\n<p>Todo esto exige que discutamos a fondo las pol\u00edticas sanitarias que se implementan desde el Estado provincial, en sus distintas facetas, para llevar a cabo nuestra propuesta desde la organizaci\u00f3n sindical.<\/p>\n<p>Desde el criterio de llevar propuestas y respuestas de car\u00e1cter integral a las problem\u00e1ticas que afrontamos los trabajadores, ATE C\u00f3rdoba resolvi\u00f3 crear el Departamento de Salud, espacio para analizar y contribuir a la mejora del sistema p\u00fablico y gratuito de salud en C\u00f3rdoba. En la oportunidad contaremos con la presencia del prestigioso especialista y compa\u00f1ero sanitarista, dr Medardo \u00c1vila V\u00e1zquez, junto a la conducci\u00f3n de nuestro gremio, encabezada por nuestra secretaria General, Mar\u00eda Teresa Romero.<\/p>\n<p>Los esperamos a todos fraternalmente. Si viene al salir del trabajo podr\u00e1n picar algo en el sindicato.<\/p>\n<p>&nbsp;<\/p>\n","protected":false},"excerpt":{"rendered":"<p>El pr\u00f3ximo mi\u00e9rcoles 18 de junio, a las 15 horas, nuestro gremio realizar\u00e1 la presentaci\u00f3n del nuevo departamento del Consejo Directivo Provincial, con la presencia del m\u00e9dico sanitarista y compa\u00f1ero, dr Medardo \u00c1vila V\u00e1zquez. El estado de la salud p\u00fablica en C\u00f3rdoba exige un debate profundo donde los trabajadores deben tener un rol protag\u00f3nico. Los [&hellip;]<\/p>\n","protected":false},"author":1,"featured_media":19220,"comment_status":"open","ping_status":"open","sticky":false,"template":"","format":"standard","meta":{"_exactmetrics_skip_tracking":false,"_exactmetrics_sitenote_active":false,"_exactmetrics_sitenote_note":"","_exactmetrics_sitenote_category":0,"jnews-multi-image_gallery":[],"jnews_single_post":[],"jnews_primary_category":[],"jnews_social_meta":[],"jnews_review":[],"enable_review":"","type":"","name":"","summary":"","brand":"","sku":"","good":[],"bad":[],"score_override":"","override_value":"","rating":[],"price":[],"jnews_override_counter":[],"jnews_post_split":[],"footnotes":""},"categories":[20,8,102],"tags":[],"class_list":["post-4265","post","type-post","status-publish","format-standard","has-post-thumbnail","hentry","category-municipales","category-provinciales","category-salud-2"],"jetpack_featured_media_url":"https:\/\/atecordoba.org\/wp-content\/uploads\/2020\/05\/logo-nuevochico-e1561581322808.png","_links":{"self":[{"href":"https:\/\/atecordoba.org\/index.php?rest_route=\/wp\/v2\/posts\/4265","targetHints":{"allow":["GET"]}}],"collection":[{"href":"https:\/\/atecordoba.org\/index.php?rest_route=\/wp\/v2\/posts"}],"about":[{"href":"https:\/\/atecordoba.org\/index.php?rest_route=\/wp\/v2\/types\/post"}],"author":[{"embeddable":true,"href":"https:\/\/atecordoba.org\/index.php?rest_route=\/wp\/v2\/users\/1"}],"replies":[{"embeddable":true,"href":"https:\/\/atecordoba.org\/index.php?rest_route=%2Fwp%2Fv2%2Fcomments&post=4265"}],"version-history":[{"count":0,"href":"https:\/\/atecordoba.org\/index.php?rest_route=\/wp\/v2\/posts\/4265\/revisions"}],"wp:featuredmedia":[{"embeddable":true,"href":"https:\/\/atecordoba.org\/index.php?rest_route=\/wp\/v2\/media\/19220"}],"wp:attachment":[{"href":"https:\/\/atecordoba.org\/index.php?rest_route=%2Fwp%2Fv2%2Fmedia&parent=4265"}],"wp:term":[{"taxonomy":"category","embeddable":true,"href":"https:\/\/atecordoba.org\/index.php?rest_route=%2Fwp%2Fv2%2Fcategories&post=4265"},{"taxonomy":"post_tag","embeddable":true,"href":"https:\/\/atecordoba.org\/index.php?rest_route=%2Fwp%2Fv2%2Ftags&post=4265"}],"curies":[{"name":"wp","href":"https:\/\/api.w.org\/{rel}","templated":true}]}}