{"id":42646,"date":"2024-04-04T10:16:28","date_gmt":"2024-04-04T13:16:28","guid":{"rendered":"https:\/\/atecordoba.org\/?p=42646"},"modified":"2024-04-04T10:16:29","modified_gmt":"2024-04-04T13:16:29","slug":"analisis-como-impacta-la-crisis-economica-en-el-paicor","status":"publish","type":"post","link":"https:\/\/atecordoba.org\/?p=42646","title":{"rendered":"An\u00e1lisis: \u00bfC\u00f3mo impacta la crisis econ\u00f3mica en el PAICOR?"},"content":{"rendered":"<div class=\"wp-block-image\">\n<figure class=\"aligncenter size-full is-resized\"><img loading=\"lazy\" decoding=\"async\" src=\"https:\/\/atecordoba.org\/wp-content\/uploads\/2024\/04\/bandeja.jpg\" alt=\"\" class=\"wp-image-42647\" width=\"735\" height=\"480\" \/><\/figure>\n<\/div>\n\n\n<p>La crisis econ\u00f3mica se agudiza d\u00eda a d\u00eda e impacta de diferentes formas en la poblaci\u00f3n argentina. Las medidas ejecutadas por el gobierno de Milei est\u00e1n destruyendo todo a su paso.&nbsp;<strong>Recortes, despidos y ajuste&nbsp;<\/strong>ti\u00f1en la realidad contempor\u00e1nea.<\/p>\n\n\n\n<p>En este contexto, en nuestra provincia, se estima que<strong>&nbsp;la demanda del Programa de Asistencia Integral de C\u00f3rdoba (Paicor) aumentar\u00e1 un 10% respecto del a\u00f1o pasado.<\/strong><\/p>\n\n\n\n<p>Lo anterior significa que los beneficiarios de PAICOR -cuya finalidad es brindar alimentos nutritivos y saludables a ni\u00f1os, ni\u00f1as y adolescentes en situaciones de vulnerabilidad social- alcanzar\u00e1n un n\u00famero aproximado de 400 mil.<\/p>\n\n\n\n<p><strong>Algunos datos<\/strong><\/p>\n\n\n\n<p>Entre 2010 y 2022,&nbsp;<strong>la cantidad de beneficiarios de Paicor creci\u00f3 en un 35%<\/strong>, mientras que el gasto real de alimentos por beneficiario se redujo en un 43%. Es decir, se distribuyeron alimentos de menor calidad, reduciendo carnes, frutas y verduras y agregando m\u00e1s carbohidratos.<\/p>\n\n\n\n<p>En di\u00e1logo con El Resaltador, M\u00f3nica -auxiliar de comedor Paicor- expuso que, en 2016, durante el primer a\u00f1o de gobierno de Mauricio Macri como presidente de la Naci\u00f3n, sucedi\u00f3 algo similar a lo que ocurre actualmente.<\/p>\n\n\n\n<p>&#8220;Ese a\u00f1o hubo muchos despidos de trabajadores. Una de las condiciones para ser beneficiario son los ingresos de los familiares. Al quedar sin trabajo, se producen estos incrementos de ni\u00f1os y adolescentes en los comedores&#8221;, explic\u00f3.<\/p>\n\n\n\n<p>M\u00f3nica asiste un comedor cuyas instalaciones son reducidas.\u00a0<strong>A raz\u00f3n del aumento de ni\u00f1os, ni\u00f1as y adolescentes que comen all\u00ed, se agreg\u00f3 primero un segundo turno y, recientemente, un tercer turno<\/strong>. El Gobierno de C\u00f3rdoba autoriz\u00f3 un aumento de raciones para abastecer esta demanda.<\/p>\n\n\n\n<p><strong>Trabajadores precarizados<\/strong><\/p>\n\n\n\n<p>Un delegado de ATE en Paicor agreg\u00f3 que, por cada auxiliar, hay 60 beneficiarios. &#8220;Entendiendo que la crisis acrecent\u00f3 esto, podemos llegar a presuponer que en cada instituci\u00f3n se van a tener que incrementar el personal autorizado para esa tarea&#8221;, explic\u00f3.<\/p>\n\n\n\n<p>En consonancia con lo que plante\u00f3 M\u00f3nica, el delegado agreg\u00f3 que &#8220;durante los procesos de crisis que ha tenido el pa\u00eds y la provincia, han ocurrido hechos muy parecidos, solo que<strong>&nbsp;la crisis de hoy en d\u00eda es mucho m\u00e1s grande<\/strong>, entonces vamos a ver reflejados en los padrones nuevos mucha m\u00e1s cantidad de chicos&#8221;.<\/p>\n\n\n\n<p>Esto traer\u00e1 como consecuencia cambios en las din\u00e1micas de trabajo, en las tareas realizadas por los auxiliares y en los horarios que cumplen. Hace una semana,\u00a0<strong>el gobernador Mart\u00edn Llaryora anunci\u00f3 un aumento del 132% para las y los trabajadores de PAICOR, quienes cobraban alrededor de 130 mil pesos. Con este incremento, pasar\u00e1n a percibir aproximadamente 300 mil.<\/strong>\u00a0No obstante, cabe resaltar que ese dinero forma parte de una beca: est\u00e1n trabajando en una situaci\u00f3n precaria y sin estabilidad.<\/p>\n\n\n\n<p><strong>PAICOR y el derecho de las infancias<\/strong><\/p>\n\n\n\n<p>En medio de un panorama nacional desesperanzador, Gabriela Alcoba -secretaria General Adjunta de ATE C\u00f3rdoba- resalt\u00f3 que&nbsp;<strong>&#8220;cuando hablamos de Paicor hablamos de infancias, de un derecho b\u00e1sico que tienen las infancias a la alimentaci\u00f3n.&nbsp;<\/strong>Tambi\u00e9n hablamos de trabajadoras y trabajadores que le ponen el cuerpo a esa actividad y que est\u00e1n en condiciones precarias&#8221;.<\/p>\n\n\n\n<p>&#8220;La mayor\u00eda de quienes hacen estas tareas cobran una beca, son trabajadores precarizados&#8221;. Asimismo, apunt\u00f3 contra el Gobierno de C\u00f3rdoba: &#8220;La semana pasada el gobierno provincial anunci\u00f3 un aumento, que claramente es insuficiente.\u00a0<strong>No tener esta regularizaci\u00f3n en el trabajo, no tener estabilidad laboral afecta de manera considerable a nuestros compa\u00f1eros que desempe\u00f1an tareas en PAICOR<\/strong>&#8220;.<\/p>\n\n\n\n<p>Alcoba agreg\u00f3 que &#8220;este gobierno (nacional) ha venido a destruir todo el ejido social. Hay ni\u00f1os y ni\u00f1as que van a volver o ir por primera vez a ser asistidos por Paicor. Y esa demanda significa tambi\u00e9n que necesitemos m\u00e1s recursos de personal, personal bien pago&#8221;.<\/p>\n\n\n\n<p>Desde ATE ven con preocupaci\u00f3n esta coyuntura: &#8220;Es dif\u00edcil contener si los trabajadores no est\u00e1n bien contenidos&#8221;, argument\u00f3 la secretaria general adjunta.<\/p>\n\n\n\n<p>Para finalizar, expuso: &#8220;Necesitamos que llegue a cada escuela, a cada comedor, un plato nutritivo y de calidad. Somos las y los trabajadores los que garantizamos las pol\u00edticas p\u00fablicas. Sin nosotros no existe Paicor,\u00a0<strong>sin nuestros compa\u00f1eros poni\u00e9ndole el cuerpo a esa tarea, el PAICOR no existe<\/strong>&#8220;.<\/p>\n","protected":false},"excerpt":{"rendered":"<p>La crisis econ\u00f3mica se agudiza d\u00eda a d\u00eda e impacta de diferentes formas en la poblaci\u00f3n argentina. Las medidas ejecutadas por el gobierno de Milei est\u00e1n destruyendo todo a su paso.&nbsp;Recortes, despidos y ajuste&nbsp;ti\u00f1en la realidad contempor\u00e1nea. En este contexto, en nuestra provincia, se estima que&nbsp;la demanda del Programa de Asistencia Integral de C\u00f3rdoba (Paicor) [&hellip;]<\/p>\n","protected":false},"author":7,"featured_media":42647,"comment_status":"open","ping_status":"open","sticky":false,"template":"","format":"standard","meta":{"_exactmetrics_skip_tracking":false,"_exactmetrics_sitenote_active":false,"_exactmetrics_sitenote_note":"","_exactmetrics_sitenote_category":0,"jnews-multi-image_gallery":[],"jnews_single_post":{"subtitle":"Se estima que la demanda del Programa de Asistencia Integral de C\u00f3rdoba aumentar\u00e1 un 10% respecto de 2023. (fuente: elresaltador.com.ar) ","format":"standard","video":"","gallery":"","source_name":"","source_url":"","via_name":"","via_url":"","override_template":"0","override":[{"template":"1","single_blog_custom":"","parallax":"1","fullscreen":"1","layout":"no-sidebar-narrow","sidebar":"default-sidebar","second_sidebar":"default-sidebar","sticky_sidebar":"1","share_position":"bottom","share_float_style":"share-monocrhome","show_share_counter":"1","show_view_counter":"1","show_featured":"0","show_post_meta":"1","show_post_author":"0","show_post_author_image":"1","show_post_date":"1","post_date_format":"default","post_date_format_custom":"Y\/m\/d","show_post_category":"1","show_post_reading_time":"0","post_reading_time_wpm":"300","show_zoom_button":"0","zoom_button_out_step":"2","zoom_button_in_step":"3","show_post_tag":"1","show_prev_next_post":"0","show_popup_post":"0","number_popup_post":"1","show_author_box":"0","show_post_related":"1","show_inline_post_related":"0"}],"override_image_size":"0","image_override":[{"single_post_thumbnail_size":"crop-500","single_post_gallery_size":"crop-500"}],"trending_post":"0","trending_post_position":"meta","trending_post_label":"Trending","sponsored_post":"0","sponsored_post_label":"Sponsored by","sponsored_post_name":"","sponsored_post_url":"","sponsored_post_logo_enable":"0","sponsored_post_logo":"","sponsored_post_desc":"","disable_ad":"0"},"jnews_primary_category":{"id":"","hide":""},"jnews_social_meta":{"fb_title":"","fb_description":"","fb_image":"","twitter_title":"","twitter_description":"","twitter_image":""},"jnews_review":[],"enable_review":"0","type":"percentage","name":"","summary":"","brand":"","sku":"","good":[{"good_text":""}],"bad":[{"bad_text":""}],"score_override":"","override_value":"","rating":[{"rating_text":"","rating_number":"10"}],"price":[{"shop":"","price":"","link":"","icon":""}],"jnews_override_counter":{"override_view_counter":"0","view_counter_number":"0","override_share_counter":"0","share_counter_number":"0","override_like_counter":"0","like_counter_number":"0","override_dislike_counter":"0","dislike_counter_number":"0"},"jnews_post_split":{"enable_post_split":"0","post_split":[{"template":"1","tag":"h2","numbering":"asc","mode":"normal","first":"0","enable_toc":"0","toc_type":"normal"}]},"footnotes":""},"categories":[8],"tags":[],"class_list":["post-42646","post","type-post","status-publish","format-standard","has-post-thumbnail","hentry","category-provinciales"],"jetpack_featured_media_url":"https:\/\/atecordoba.org\/wp-content\/uploads\/2024\/04\/bandeja-e1712236584770.jpg","_links":{"self":[{"href":"https:\/\/atecordoba.org\/index.php?rest_route=\/wp\/v2\/posts\/42646","targetHints":{"allow":["GET"]}}],"collection":[{"href":"https:\/\/atecordoba.org\/index.php?rest_route=\/wp\/v2\/posts"}],"about":[{"href":"https:\/\/atecordoba.org\/index.php?rest_route=\/wp\/v2\/types\/post"}],"author":[{"embeddable":true,"href":"https:\/\/atecordoba.org\/index.php?rest_route=\/wp\/v2\/users\/7"}],"replies":[{"embeddable":true,"href":"https:\/\/atecordoba.org\/index.php?rest_route=%2Fwp%2Fv2%2Fcomments&post=42646"}],"version-history":[{"count":1,"href":"https:\/\/atecordoba.org\/index.php?rest_route=\/wp\/v2\/posts\/42646\/revisions"}],"predecessor-version":[{"id":42648,"href":"https:\/\/atecordoba.org\/index.php?rest_route=\/wp\/v2\/posts\/42646\/revisions\/42648"}],"wp:featuredmedia":[{"embeddable":true,"href":"https:\/\/atecordoba.org\/index.php?rest_route=\/wp\/v2\/media\/42647"}],"wp:attachment":[{"href":"https:\/\/atecordoba.org\/index.php?rest_route=%2Fwp%2Fv2%2Fmedia&parent=42646"}],"wp:term":[{"taxonomy":"category","embeddable":true,"href":"https:\/\/atecordoba.org\/index.php?rest_route=%2Fwp%2Fv2%2Fcategories&post=42646"},{"taxonomy":"post_tag","embeddable":true,"href":"https:\/\/atecordoba.org\/index.php?rest_route=%2Fwp%2Fv2%2Ftags&post=42646"}],"curies":[{"name":"wp","href":"https:\/\/api.w.org\/{rel}","templated":true}]}}